{"id":342733,"date":"2022-07-05T16:04:21","date_gmt":"2022-07-05T19:04:21","guid":{"rendered":"https:\/\/investnews.com.br\/?p=342733"},"modified":"2022-07-05T16:27:23","modified_gmt":"2022-07-05T19:27:23","slug":"abear-questiona-politica-de-paridade-internacional-ado-combustivel-da-aviacao","status":"publish","type":"post","link":"https:\/\/investnews.com.br\/negocios\/abear-questiona-politica-de-paridade-internacional-ado-combustivel-da-aviacao\/","title":{"rendered":"Abear questiona pol\u00edtica de paridade internacional do combust\u00edvel da avia\u00e7\u00e3o"},"content":{"rendered":"\n<p>O presidente da Associa\u00e7\u00e3o Brasileira das Empresas A\u00e9reas (Abear), Eduardo Sanovicz, voltou a pedir a instaura\u00e7\u00e3o de uma mesa de di\u00e1logo no \u00e2mbito do governo para debater o pre\u00e7o do combust\u00edvel de avia\u00e7\u00e3o (QAV) no Brasil e questionou a aplica\u00e7\u00e3o da pol\u00edtica de paridade internacional \u00e0 totalidade da precifica\u00e7\u00e3o do combust\u00edvel. <\/p>\n\n\n\n<blockquote class=\"wp-block-quote is-layout-flow wp-block-quote-is-layout-flow\"><p>&#8220;Se produzimos combust\u00edvel na Refinaria Henrique Lage (Revap), que vai por duto a Guarulhos, por que pagamos como se tivesse sido produzido no Golfo do M\u00e9xico, em Dubai?&#8221;, disse Sanovicz, em audi\u00eancia nesta ter\u00e7a (5) na C\u00e2mara dos Deputados sobre a precifica\u00e7\u00e3o do QAV no Brasil.<\/p><\/blockquote>\n\n\n\n<p>O presidente da Abear pediu que, com &#8220;calma e responsabilidade&#8221;, os \u00f3rg\u00e3os competentes se re\u00fanam e discutam o que \u00e9 o &#8220;melhor para o Brasil&#8221; nesse segmento. <\/p>\n\n\n\n<p>&#8220;Podemos sentar numa mesa e ouvir as verdades de todos a fim de construir proposta para que sociedade abrace esse processo? D\u00e1 para compartilhar as dores ou as dores tem de ficar s\u00f3 de um lado?&#8221;, disse, lembrando ainda que a entidade prop\u00f4s em abril aos minist\u00e9rios da Economia e da Infraestrutura a cria\u00e7\u00e3o de uma mesa de di\u00e1logo permanente para buscar solu\u00e7\u00f5es para o setor a\u00e9reo.<\/p>\n\n\n\n<p>Mais cedo, na mesma audi\u00eancia, o secret\u00e1rio Nacional de Avia\u00e7\u00e3o Civil do Minist\u00e9rio da Infraestrutura, Ronei Glanzmann, afirmou que a paridade de pre\u00e7os tem &#8220;requintes de crueldade&#8221; para o setor, apesar de ressalvar que entende o &#8220;racional&#8221; do PPI. Ele pontuou que o Pa\u00eds est\u00e1 pr\u00f3ximo da autossufici\u00eancia do combust\u00edvel de avia\u00e7\u00e3o, com cerca de 90% produzido e refinado internamente, lembrando, por sua vez, que esse mercado est\u00e1 concentrado nas m\u00e3os da Petrobras.<\/p>\n\n\n\n<p>Representando a petroleira na audi\u00eancia, o gerente de Com\u00e9rcio Interno de Combust\u00edveis de Avia\u00e7\u00e3o da estatal, Felipe Figueiredo, afirmou que a Petrobras n\u00e3o exerce monop\u00f3lio no segmento e defendeu que a refer\u00eancia ao mercado internacional \u00e9 &#8220;fundamental para que o mercado brasileiro siga sendo suprido sem riscos de desabastecimento a curto, m\u00e9dio, e longo prazo&#8221;. Ele ainda destacou n\u00e3o existirem restri\u00e7\u00f5es para que outras empresas atuem na importa\u00e7\u00e3o de QAV.<\/p>\n\n\n\n<p>O dom\u00ednio na Petrobras sobre esse mercado e sobre o transporte do combust\u00edvel, por meio da Transpetro, no entanto, foi elencado por participantes da audi\u00eancia como um desafio para o ambiente concorrencial do setor. A distribui\u00e7\u00e3o do QAV dentro dos aeroportos foi outro ponto de aten\u00e7\u00e3o, em raz\u00e3o da concentra\u00e7\u00e3o dessa atividade pela Ra\u00edzen, Vibra e Air BP.<\/p>\n\n\n\n<p>Superintendente de Acompanhamento de Servi\u00e7os A\u00e9reos da Ag\u00eancia Nacional de Avia\u00e7\u00e3o Civil (Anac), Rafael Botelho lembrou durante a reuni\u00e3o que atualmente o \u00f3rg\u00e3o discute em consulta p\u00fablica uma resolu\u00e7\u00e3o para tentar abrir esse mercado a novos players.<\/p>\n","protected":false},"excerpt":{"rendered":"<p>Associa\u00e7\u00e3o Brasileira das Empresas A\u00e9reas quer discutir mudan\u00e7a de pol\u00edtica de pre\u00e7os no pa\u00eds.<\/p>\n","protected":false},"author":62,"featured_media":342738,"comment_status":"closed","ping_status":"open","sticky":false,"template":"","format":"standard","meta":{"_acf_changed":false,"inline_featured_image":false,"footnotes":""},"categories":[6],"tags":[792,653,499],"autor-wsj":[],"coauthors":[2499],"class_list":["post-342733","post","type-post","status-publish","format-standard","has-post-thumbnail","hentry","category-negocios","tag-aviacao","tag-combustiveis","tag-economia"],"acf":[],"amp_enabled":true,"_links":{"self":[{"href":"https:\/\/investnews.com.br\/inv-api\/wp\/v2\/posts\/342733","targetHints":{"allow":["GET"]}}],"collection":[{"href":"https:\/\/investnews.com.br\/inv-api\/wp\/v2\/posts"}],"about":[{"href":"https:\/\/investnews.com.br\/inv-api\/wp\/v2\/types\/post"}],"author":[{"embeddable":true,"href":"https:\/\/investnews.com.br\/inv-api\/wp\/v2\/users\/62"}],"replies":[{"embeddable":true,"href":"https:\/\/investnews.com.br\/inv-api\/wp\/v2\/comments?post=342733"}],"version-history":[{"count":7,"href":"https:\/\/investnews.com.br\/inv-api\/wp\/v2\/posts\/342733\/revisions"}],"predecessor-version":[{"id":342754,"href":"https:\/\/investnews.com.br\/inv-api\/wp\/v2\/posts\/342733\/revisions\/342754"}],"wp:featuredmedia":[{"embeddable":true,"href":"https:\/\/investnews.com.br\/inv-api\/wp\/v2\/media\/342738"}],"wp:attachment":[{"href":"https:\/\/investnews.com.br\/inv-api\/wp\/v2\/media?parent=342733"}],"wp:term":[{"taxonomy":"category","embeddable":true,"href":"https:\/\/investnews.com.br\/inv-api\/wp\/v2\/categories?post=342733"},{"taxonomy":"post_tag","embeddable":true,"href":"https:\/\/investnews.com.br\/inv-api\/wp\/v2\/tags?post=342733"},{"taxonomy":"autor-wsj","embeddable":true,"href":"https:\/\/investnews.com.br\/inv-api\/wp\/v2\/autor-wsj?post=342733"},{"taxonomy":"author","embeddable":true,"href":"https:\/\/investnews.com.br\/inv-api\/wp\/v2\/coauthors?post=342733"}],"curies":[{"name":"wp","href":"https:\/\/api.w.org\/{rel}","templated":true}]}}