{"id":343230,"date":"2022-07-07T08:04:51","date_gmt":"2022-07-07T11:04:51","guid":{"rendered":"https:\/\/investnews.com.br\/?p=343230"},"modified":"2024-06-26T11:28:25","modified_gmt":"2024-06-26T14:28:25","slug":"5-fatos-para-hoje-tcu-sugere-plano-para-eventual-crise-hidrica-fome-no-mundo","status":"publish","type":"post","link":"https:\/\/investnews.com.br\/economia\/5-fatos-para-hoje-tcu-sugere-plano-para-eventual-crise-hidrica-fome-no-mundo\/","title":{"rendered":"5 fatos para hoje: TCU sugere plano para eventual crise h\u00eddrica; fome no mundo"},"content":{"rendered":"\n<h2 class=\"wp-block-heading\">1 &#8211; TCU sugere que governo fa\u00e7a plano com medidas para eventual crise h\u00eddrica<\/h2>\n\n\n\n<p>Ao analisar as medidas adotadas pelo governo federal no ano passado, quando o Brasil registrou a <a href=\"https:\/\/investnews.com.br\/geral\/com-crise-hidrica-governo-reforca-campanha-sobre-consumo-consciente-de-energia\/\" class=\"rank-math-link\">pior escassez nos reservat\u00f3rios<\/a> em 91 anos, o <strong>Tribunal de Contas da Uni\u00e3<\/strong>o (<a href=\"https:\/\/investnews.com.br\/tag\/tcu\/\" class=\"rank-math-link\">TCU<\/a>) identificou falhas na atua\u00e7\u00e3o do governo e, por isso, recomendou ao <strong>Minist\u00e9rio de Minas e Energia<\/strong> (<a href=\"https:\/\/investnews.com.br\/tag\/ministerio-de-minas-e-energia\/\" class=\"rank-math-link\">MME<\/a>) que elabore um plano estrat\u00e9gico de conting\u00eancia para enfrentar situa\u00e7\u00f5es semelhantes no futuro. <\/p>\n\n\n\n<p>O \u00f3rg\u00e3o tamb\u00e9m sugeriu que seja feito um relat\u00f3rio com considera\u00e7\u00f5es sobre os resultados das a\u00e7\u00f5es utilizadas para mitigar os impactos da crise h\u00eddrica. As recomenda\u00e7\u00f5es fazem parte de processo aprovado na quarta-feira (6). <\/p>\n\n\n\n<p>A an\u00e1lise foi instaurada diante do risco de problemas no fornecimento de energia em 2021 &#8211; cen\u00e1rio bem distante, j\u00e1 que, por conta do volume de chuvas registrado no \u00faltimo per\u00edodo \u00famido, os reservat\u00f3rios est\u00e3o cheios. A princ\u00edpio, a \u00e1rea t\u00e9cnica defendeu que fosse determinado ao governo elaborar o plano, mas o relator do processo, <strong>Benjamin Zymler<\/strong>, n\u00e3o acatou a sugest\u00e3o e optou por encaminhar os resultados em forma de recomenda\u00e7\u00f5es.<\/p>\n\n\n\n<p>&#8220;Em um resumo dos achados de auditoria, apurou-se que n\u00e3o havia &#8211; e ainda n\u00e3o h\u00e1 &#8211; um plano estrat\u00e9gico de conting\u00eancia para situa\u00e7\u00f5es cr\u00edticas, resultando em medidas tomadas sem o devido planejamento e previsibilidade. Ainda, constataram-se falhas no planejamento das a\u00e7\u00f5es, que tiveram foco no aumento da oferta de energia, sem a devida aten\u00e7\u00e3o para medidas de redu\u00e7\u00e3o da demanda&#8221;, diz o voto do relator, ministro Benjamin Zymler.<\/p>\n\n\n\n<p>O TCU cobra que o plano aponte um conjunto de ferramentas que possa ser utilizado em crises, bem como crit\u00e9rios t\u00e9cnicos para acionamento das medidas e impactos econ\u00f4mico-financeiros, sociais e tarif\u00e1rios. J\u00e1 o relat\u00f3rio sobre as a\u00e7\u00f5es adotadas no ano passado dever\u00e1 ser apresentado ao <strong>Conselho Nacional de Pol\u00edtica Energ\u00e9tica<\/strong> (CNPE), contemplando an\u00e1lise de cada iniciativa, bem como justificativa para ter sido acionada.<\/p>\n\n\n\n<p>Para os t\u00e9cnicos, a falta de uma estrutura para lidar com cen\u00e1rios desfavor\u00e1veis para gera\u00e7\u00e3o de energia prejudicou o planejamento e a previsibilidade das a\u00e7\u00f5es. Os t\u00e9cnicos apontam ainda que, apesar de o governo ter conseguido evitar problemas no suprimento de energia, a situa\u00e7\u00e3o deixou impactos nos pr\u00f3ximos anos, sobretudo nas tarifas.<\/p>\n\n\n\n<p>Na avalia\u00e7\u00e3o do Tribunal, devido \u00e0 situa\u00e7\u00e3o, as medidas foram implementadas com urg\u00eancia, o que levou o governo a negligenciar a an\u00e1lise dos impactos tarif\u00e1rios. Para garantir a seguran\u00e7a do abastecimento, o governo realizou um leil\u00e3o emergencial em outubro do ano passado. Al\u00e9m disso, tamb\u00e9m foi contratado um empr\u00e9stimo bilion\u00e1rio para arcar com os custos da crise, que ser\u00e1 pago por todos via tarifa de energia, com incid\u00eancia de juros.<\/p>\n\n\n\n<p>Em resposta \u00e0 \u00e1rea t\u00e9cnica, os \u00f3rg\u00e3os setoriais apontaram a dificuldade de prever as condi\u00e7\u00f5es hidrol\u00f3gicas. Mas, para o ministro relator, as a\u00e7\u00f5es adotadas nas \u00faltimas crises podem ser usadas como guia para atua\u00e7\u00f5es futuras. &#8220;Na realidade, n\u00e3o se trata de uma incerteza sobre se ocorrer\u00e1 uma nova crise h\u00eddrica, mas quando ela acontecer\u00e1. N\u00e3o se antev\u00ea, exatamente, em que ano o evento tornar\u00e1 a aparecer, e em que propor\u00e7\u00e3o; mas \u00e9 certo que isso ir\u00e1, cedo ou tarde, se concretizar.&#8221;<\/p>\n\n\n\n<p>Ao analisar outras medidas, o TCU tamb\u00e9m encontrou algumas inconsist\u00eancias. Por este motivo, o \u00f3rg\u00e3o recomendou \u00e0 <strong>Ag\u00eancia Nacional de Energia El\u00e9trica<\/strong> (Aneel) que avalie os resultados obtidos no programa de incentivo \u00e0 redu\u00e7\u00e3o volunt\u00e1ria de consumo para verificar se houve erros na contabiliza\u00e7\u00e3o dos valores devidos aos consumidores. O Tribunal tamb\u00e9m deu ci\u00eancia ao MME que a estrutura\u00e7\u00e3o de opera\u00e7\u00f5es de cr\u00e9dito e ado\u00e7\u00e3o de a\u00e7\u00f5es sem an\u00e1lise pr\u00e9via contraria uma s\u00e9rie de dispositivos legais.<\/p>\n\n\n\n<h2 class=\"wp-block-heading\">2 &#8211; Fome no mundo aumenta e ag\u00eancias da ONU alertam para &#8220;cat\u00e1strofe iminente&#8221;<\/h2>\n\n\n\n<p>Os n\u00edveis mundiais de fome subiram novamente no ano passado depois de j\u00e1 terem crescido em 2020 devido \u00e0 pandemia de Covid-19, com a guerra da Ucr\u00e2nia e a mudan\u00e7a clim\u00e1tica amea\u00e7ando causar fome e migra\u00e7\u00e3o em massa em uma &#8220;escala sem precedentes&#8221; este ano, de acordo com ag\u00eancias da ONU.<\/p>\n\n\n\n<p>At\u00e9 <strong>828 milh\u00f5es de pessoas<\/strong>, ou quase <strong>10% da popula\u00e7\u00e3o mundial<\/strong>, foram afetadas pela fome no ano passado, sendo 46 milh\u00f5es a mais do que em 2020 e 150 milh\u00f5es a mais do que em 2019, afirmaram as ag\u00eancias, incluindo a <a href=\"https:\/\/investnews.com.br\/tag\/onu\/\" class=\"rank-math-link\">Organiza\u00e7\u00e3o das Na\u00e7\u00f5es Unidas<\/a> para <strong>Alimenta\u00e7\u00e3o e Agricultura<\/strong> (FAO), o <strong>Programa Mundial de Alimentos<\/strong> (PMA) e a <strong>Organiza\u00e7\u00e3o Mundial da Sa\u00fade <\/strong>(<a href=\"https:\/\/investnews.com.br\/tag\/oms\/\" class=\"rank-math-link\">OMS<\/a>) na edi\u00e7\u00e3o de 2022 do relat\u00f3rio da ONU sobre seguran\u00e7a alimentar e nutri\u00e7\u00e3o.<\/p>\n\n\n\n<p>&#8220;H\u00e1 um perigo real de que estes n\u00fameros subam ainda mais nos pr\u00f3ximos meses&#8221;, disse o diretor-executivo do PMA, <strong>David Beasley<\/strong>, acrescentando que as altas nos pre\u00e7os de alimentos, combust\u00edveis e fertilizantes resultantes da guerra R\u00fassia-Ucr\u00e2nia amea\u00e7am empurrar os pa\u00edses para a fome.<\/p>\n\n\n\n<p>&#8220;O resultado ser\u00e1 uma desestabiliza\u00e7\u00e3o global, fome e migra\u00e7\u00e3o em massa em uma escala sem precedentes. Temos que agir hoje para evitar esta cat\u00e1strofe que se aproxima&#8221;, acrescentou.<\/p>\n\n\n\n<p>A R\u00fassia e a Ucr\u00e2nia s\u00e3o o terceiro e quarto maiores exportadores de gr\u00e3os do mundo, respectivamente, enquanto a R\u00fassia \u00e9 tamb\u00e9m um exportador-chave de combust\u00edvel e fertilizantes.<\/p>\n\n\n\n<p>A guerra perturbou suas exporta\u00e7\u00f5es, empurrou os pre\u00e7os mundiais dos alimentos para n\u00edveis recordes e desencadeou protestos nos pa\u00edses em desenvolvimento que j\u00e1 lutam com pre\u00e7os elevados de alimentos devido \u00e0s interrup\u00e7\u00f5es da cadeia de fornecimento relacionadas \u00e0 Covid-19.<\/p>\n\n\n\n<p>O relat\u00f3rio da ONU divulgado nesta quarta-feira advertiu sobre implica\u00e7\u00f5es &#8220;potencialmente s\u00f3brias&#8221; para a seguran\u00e7a alimentar e a nutri\u00e7\u00e3o, \u00e0 medida que os conflitos, crises clim\u00e1ticas, choques econ\u00f4micos e desigualdades continuam se intensificando.<\/p>\n\n\n\n<p>O documento estimou que, em 2020, 22% das crian\u00e7as menores de 5 anos eram raqu\u00edticas, enquanto 6,7%, ou 45 milh\u00f5es, sofriam de uma forma letal de desnutri\u00e7\u00e3o que aumenta o risco de morte em at\u00e9 12 vezes.<\/p>\n\n\n\n<h2 class=\"wp-block-heading\">3 &#8211; Decreto obriga postos a informarem pre\u00e7os de combust\u00edveis antes e depois do ICMS<\/h2>\n\n\n\n<p>O presidente <strong>Jair Bolsonaro<\/strong> editou decreto obrigando que os postos revendedores de combust\u00edveis dever\u00e3o informar aos consumidores, &#8220;de forma correta, clara, precisa, ostensiva e leg\u00edvel&#8221;, os pre\u00e7os dos combust\u00edveis antes e depois da lei que imp\u00f4s teto de 17% no <a href=\"https:\/\/investnews.com.br\/guias\/o-que-e-icms\/\">ICMS<\/a> (Imposto sobre Circula\u00e7\u00e3o de Mercadorias e Servi\u00e7os). \u00c9 o que informa texto publicado no Di\u00e1rio Oficial da Uni\u00e3o (DOU) desta quinta-feira, 7. Desta forma, de acordo com o Pal\u00e1cio do Planalto, os consumidores poder\u00e3o comparar os valores com os pre\u00e7os praticados no momento da compra. O decreto entra em vigor nesta quinta-feira (7)<\/p>\n\n\n\n<h2 class=\"wp-block-heading\">4 &#8211; Brasil deve ter a maior temporada de cruzeiros dos \u00faltimos dez anos<\/h2>\n\n\n\n<p>A temporada de cruzeiros 2022\/2023 dever\u00e1 ser a maior dos \u00faltimos dez anos, segundo estimativa da <strong>Associa\u00e7\u00e3o Brasileira de Cruzeiros Mar\u00edtimos<\/strong> (Clia Brasil, sigla para Cruise Lines International Association). No per\u00edodo de 29 de outubro de 2022 a 20 de abril de 2023, oito navios devem navegar por 160 roteiros, ofertando 674 mil leitos.<\/p>\n\n\n\n<p>Al\u00e9m dos oito navios de cabotagem, que navegam entre portos mar\u00edtimos sem perder a costa de vista, 35 de longo curso v\u00e3o viajar em \u00e1guas nacionais. A entidade avalia que a demanda reprimida deve se reverter em vendas.<\/p>\n\n\n\n<p>As oito embarca\u00e7\u00f5es partir\u00e3o dos portos de Itaja\u00ed (SC), Macei\u00f3 (AL), Rio de Janeiro (RJ), Salvador (BA) e Santos (SP), percorrendo 160 roteiros e 486 escalas em 17 destinos, incluindo Buenos Aires, Montevid\u00e9u e Punta del Este. <\/p>\n\n\n\n<h3 class=\"wp-block-heading\">Ofertas de leitos<\/h3>\n\n\n\n<p>Juntos, os navios Costa Firenze, Costa Fortuna, Costa Favolosa, MSC Armonia, MSC Musica, MSC Fantasia, MSC Seashore e MSC Seaview v\u00e3o ofertar 647 mil leitos, o que permite ultrapassar a quantidade de viajantes embarcados na temporada antes da pandemia de covid-19.<\/p>\n\n\n\n<p>Os navios de longo curso saem de destinos internacionais e t\u00eam parada no Brasil para depois seguir o itiner\u00e1rio. Para a Associa\u00e7\u00e3o Brasileira de Cruzeiros Mar\u00edtimos, isso coloca \u201co pa\u00eds de volta na rota de importantes companhias mar\u00edtimas de todo o mundo\u201d. <\/p>\n\n\n\n<p>De 7 de outubro de 2022 a 17 de maio de 2023, 35 navios de longo curso far\u00e3o 309 paradas em 45 destinos em 15 estados, incluindo Amazonas, Bahia, Rio de Janeiro, S\u00e3o Paulo e Rio Grande do Sul. A expectativa \u00e9 que o movimento gere impacto econ\u00f4mico para a economia nacional.<\/p>\n\n\n\n<h2 class=\"wp-block-heading\">5 &#8211; Sem conseguir b\u00f4nus, auditores da Receita pedem sa\u00edda de secret\u00e1rio<\/h2>\n\n\n\n<p>Sem conseguir a regulamenta\u00e7\u00e3o de um b\u00f4nus de produtividade, entre outras demandas antes das restri\u00e7\u00f5es impostas pela legisla\u00e7\u00e3o eleitoral, os auditores-fiscais passaram a pedir a sa\u00edda do secret\u00e1rio da Receita Federal, Julio Cesar Vieira. O Sindicato Nacional dos Auditores-Fiscais (Sindifisco) promete acirrar o movimento de mobiliza\u00e7\u00e3o da categoria nas pr\u00f3ximas semanas.<\/p>\n\n\n\n<p>A rea\u00e7\u00e3o ocorre depois de pronunciamento feito por Vieira, na ter\u00e7a-feira passada, para os servidores do \u00f3rg\u00e3o. Na fala, segundo o Sindifisco, o secret\u00e1rio afirmou que o chamado b\u00f4nus de efici\u00eancia reivindicado pela categoria n\u00e3o tem data para ser regulamentado.<\/p>\n\n\n\n<p>Aprovado em 2017, o b\u00f4nus &#8211; que representaria um adicional de sal\u00e1rio baseado em produtividade e cumprimento de metas &#8211; aguarda regulamenta\u00e7\u00e3o. A medida \u00e9 uma das demandas da categoria, que iniciou no fim do ano passado um movimento de &#8220;opera\u00e7\u00e3o tartaruga&#8221; e paralisa\u00e7\u00f5es ap\u00f3s o Congresso aprovar o Or\u00e7amento sem recursos para o pagamento do b\u00f4nus.<\/p>\n\n\n\n<p>A mobiliza\u00e7\u00e3o dos servidores da Receita puxou o movimento grevista por aumento de sal\u00e1rios de outras categorias, que n\u00e3o se conformaram com a promessa do presidente Jair Bolsonaro de conceder reajuste apenas para as categorias policiais do governo federal (Pol\u00edcia Federal, Pol\u00edcia Rodovi\u00e1ria Federal e agentes penitenci\u00e1rios).<\/p>\n\n\n\n<p>Depois de meses de pol\u00eamica e vaiv\u00e9m, nenhuma categoria (mesmo a dos policiais) conseguiu reajuste de sal\u00e1rio. As restri\u00e7\u00f5es da lei eleitoral para aumentos e concess\u00e3o de b\u00f4nus est\u00e3o valendo desde a segunda-feira.<\/p>\n\n\n\n<p>&#8220;N\u00e3o podemos aceitar o descaso deste governo com a Receita. Nossa mobiliza\u00e7\u00e3o segue a todo vapor e pode, inclusive, se acirrar nas pr\u00f3ximas semanas&#8221;, afirmou o presidente do Sindifisco, Isac Falc\u00e3o, ao Estad\u00e3o.<\/p>\n\n\n\n<h3 class=\"wp-block-heading\">&#8216;Dignidade&#8217;<\/h3>\n\n\n\n<p>De acordo com o Sindifisco, na manifesta\u00e7\u00e3o aos servidores, Vieira disse que a sinaliza\u00e7\u00e3o para a regulamenta\u00e7\u00e3o do b\u00f4nus teria sido positiva, por\u00e9m, n\u00e3o teria ocorrido pela press\u00e3o por recomposi\u00e7\u00e3o salarial de outras carreiras. Nesse cen\u00e1rio, o governo temeu o risco de um efeito cascata dentro do funcionalismo federal.<\/p>\n\n\n\n<p>Em nota divulgada ontem, o Sindifisco acusa ainda o secret\u00e1rio de ter boicotado as mobiliza\u00e7\u00f5es. &#8220;Assim como fizeram mais de 1.200 auditores-fiscais, o secret\u00e1rio deveria ter a dignidade de entregar o seu cargo&#8221;, diz a nota. A categoria pede tamb\u00e9m a recomposi\u00e7\u00e3o do or\u00e7amento da Receita, que ficou 50% menor em 2022, e a realiza\u00e7\u00e3o de concursos p\u00fablicos para diminuir a queda de 40% do efetivo nos \u00faltimos anos.<\/p>\n\n\n\n<p>O Sindifisco acusa ainda o comando da Receita de ter publicado, ao longo do ano, diversas portarias que afetariam a atua\u00e7\u00e3o dos auditores. Uma delas \u00e9 a portaria 75, que permite que a verifica\u00e7\u00e3o f\u00edsica das mercadorias seja realizada de forma remota, sem a presen\u00e7a dos auditores nas alf\u00e2ndegas. A Receita tamb\u00e9m retirou do seu site oficial estudos fiscais e aduaneiros.<\/p>\n\n\n\n<p>Procurada, a Receita n\u00e3o se pronunciou sobre as cr\u00edticas dos auditores-fiscais.<\/p>\n","protected":false},"excerpt":{"rendered":"<p>Tribunal de Contas da Uni\u00e3o identifica falhas na atua\u00e7\u00e3o do governo e deixa recomenda\u00e7\u00f5es para Minist\u00e9rio de Minas e Energia; fome atingiu 828 milh\u00f5es de pessoas em 2021, segundo ONU.<\/p>\n","protected":false},"author":7,"featured_media":250297,"comment_status":"closed","ping_status":"open","sticky":false,"template":"","format":"standard","meta":{"_acf_changed":false,"inline_featured_image":false,"footnotes":""},"categories":[5],"tags":[234,418],"autor-wsj":[],"coauthors":[1494],"class_list":["post-343230","post","type-post","status-publish","format-standard","has-post-thumbnail","hentry","category-economia","tag-jair-bolsonaro","tag-oms"],"acf":[],"amp_enabled":true,"_links":{"self":[{"href":"https:\/\/investnews.com.br\/inv-api\/wp\/v2\/posts\/343230","targetHints":{"allow":["GET"]}}],"collection":[{"href":"https:\/\/investnews.com.br\/inv-api\/wp\/v2\/posts"}],"about":[{"href":"https:\/\/investnews.com.br\/inv-api\/wp\/v2\/types\/post"}],"author":[{"embeddable":true,"href":"https:\/\/investnews.com.br\/inv-api\/wp\/v2\/users\/7"}],"replies":[{"embeddable":true,"href":"https:\/\/investnews.com.br\/inv-api\/wp\/v2\/comments?post=343230"}],"version-history":[{"count":11,"href":"https:\/\/investnews.com.br\/inv-api\/wp\/v2\/posts\/343230\/revisions"}],"predecessor-version":[{"id":343251,"href":"https:\/\/investnews.com.br\/inv-api\/wp\/v2\/posts\/343230\/revisions\/343251"}],"wp:featuredmedia":[{"embeddable":true,"href":"https:\/\/investnews.com.br\/inv-api\/wp\/v2\/media\/250297"}],"wp:attachment":[{"href":"https:\/\/investnews.com.br\/inv-api\/wp\/v2\/media?parent=343230"}],"wp:term":[{"taxonomy":"category","embeddable":true,"href":"https:\/\/investnews.com.br\/inv-api\/wp\/v2\/categories?post=343230"},{"taxonomy":"post_tag","embeddable":true,"href":"https:\/\/investnews.com.br\/inv-api\/wp\/v2\/tags?post=343230"},{"taxonomy":"autor-wsj","embeddable":true,"href":"https:\/\/investnews.com.br\/inv-api\/wp\/v2\/autor-wsj?post=343230"},{"taxonomy":"author","embeddable":true,"href":"https:\/\/investnews.com.br\/inv-api\/wp\/v2\/coauthors?post=343230"}],"curies":[{"name":"wp","href":"https:\/\/api.w.org\/{rel}","templated":true}]}}