{"id":343300,"date":"2022-07-07T09:52:30","date_gmt":"2022-07-07T12:52:30","guid":{"rendered":"https:\/\/investnews.com.br\/?p=343300"},"modified":"2022-07-07T09:53:03","modified_gmt":"2022-07-07T12:53:03","slug":"pedidos-de-auxilio-desemprego-nos-estados-unidos-sobem","status":"publish","type":"post","link":"https:\/\/investnews.com.br\/economia\/pedidos-de-auxilio-desemprego-nos-estados-unidos-sobem\/","title":{"rendered":"Pedidos de aux\u00edlio-desemprego nos Estados Unidos sobem"},"content":{"rendered":"\n<p>O n\u00famero de norte-americanos que entraram com novos pedidos d<strong>e aux\u00edlio-desemprego<\/strong> aumentou inesperadamente na semana passada e a demanda por m\u00e3o de obra est\u00e1 diminuindo, com as demiss\u00f5es aumentando para um pico de 16 meses em junho conforme o aperto agressivo da pol\u00edtica monet\u00e1ria pelo Federal Reserve alimenta os temores de recess\u00e3o.<\/p>\n\n\n\n<p>Os pedidos iniciais de aux\u00edlio-desemprego aumentaram em 4.000 na semana encerrada em 2 de julho, para 235.000 em dado ajustado sazonalmente, disse o Departamento do Trabalho nesta quinta-feira.<\/p>\n\n\n\n<p>Economistas consultados pela Reuters projetavam 230.000 pedidos para a \u00faltima semana.<\/p>\n\n\n\n<p>As reivindica\u00e7\u00f5es t\u00eam rondado o n\u00edvel de 230.000 desde o in\u00edcio de junho, ressaltando a for\u00e7a do mercado de trabalho mesmo com algumas empresas dos setores de habita\u00e7\u00e3o e tecnologia cortando postos de trabalho.<\/p>\n\n\n\n<p>Os dados de aux\u00edlio-desemprego podem se tornar vol\u00e1teis nas pr\u00f3ximas semanas.<\/p>\n\n\n\n<p>Os fabricantes de autom\u00f3veis normalmente fecham f\u00e1bricas para manuten\u00e7\u00e3o anual ap\u00f3s o feriado de 4 de Julho, o que \u00e9 previsto por fatores sazonais, o modelo que o governo usa para eliminar as flutua\u00e7\u00f5es sazonais dos dados. Mas uma escassez global de semicondutores for\u00e7ou os fabricantes a ajustar seus calend\u00e1rios.<\/p>\n\n\n\n<p>Isso pode levar a menos demiss\u00f5es tempor\u00e1rias e resultar em menos solicita\u00e7\u00f5es sazonalmente ajustadas.<\/p>\n\n\n\n<p>O<strong><a class=\"rank-math-link\" href=\"https:\/\/investnews.com.br\/financas\/fed-eleva-taxa-de-juros-dos-estados-unidos-em-075-ponto-percentual\/#:~:text=O%20Federal%20Reserve%20(Fed)%2C,%25%20e%201%2C75%25.\"> banco central dos EUA aumentou em junho sua taxa de juros em 0,75 ponto percentual,<\/a><\/strong> maior alta desde 1994, conforme segue no combate \u00e0 infla\u00e7\u00e3o. Outro aumento de tamanho semelhante \u00e9 esperado este m\u00eas. O Fed aumentou sua taxa b\u00e1sica de juros em 1,50 ponto desde mar\u00e7o.<\/p>\n\n\n\n<p>A demanda por m\u00e3o de obra est\u00e1 esfriando gradualmente. Um relat\u00f3rio separado da empresa global de recoloca\u00e7\u00e3o Challenger, Gray &amp; Christmas nesta quinta-feira mostrou que as demiss\u00f5es anunciadas por empregadores sediados nos EUA saltaram 57%, para 32.517 em junho, m\u00e1xima desde fevereiro de 2021.<\/p>\n\n\n\n<p>Os cortes de empregos aumentaram 39%, para 77.515, no segundo trimestre em rela\u00e7\u00e3o ao per\u00edodo de janeiro a mar\u00e7o. Mas as demiss\u00f5es na primeira metade do ano foram as mais baixas desde 1993.<\/p>\n\n\n\n<p>&#8220;Os empregadores est\u00e3o come\u00e7ando a responder \u00e0s press\u00f5es financeiras e \u00e0 desacelera\u00e7\u00e3o da demanda cortando custos&#8221;, disse Andrew Challenger, vice-presidente s\u00eanior da Challenger, Gray &amp; Christmas. &#8220;Embora o mercado de trabalho ainda esteja apertado, esse aperto pode come\u00e7ar a diminuir nos pr\u00f3ximos meses.&#8221;<\/p>\n","protected":false},"excerpt":{"rendered":"<p>Demanda por m\u00e3o de obra est\u00e1 diminuindo, com as demiss\u00f5es aumentando para um pico de 16 meses em junho.<\/p>\n","protected":false},"author":61,"featured_media":343303,"comment_status":"closed","ping_status":"open","sticky":false,"template":"","format":"standard","meta":{"_acf_changed":false,"inline_featured_image":false,"footnotes":""},"categories":[5],"tags":[374,78],"autor-wsj":[],"coauthors":[2494],"class_list":["post-343300","post","type-post","status-publish","format-standard","has-post-thumbnail","hentry","category-economia","tag-desemprego","tag-estados-unidos"],"acf":[],"amp_enabled":true,"_links":{"self":[{"href":"https:\/\/investnews.com.br\/inv-api\/wp\/v2\/posts\/343300","targetHints":{"allow":["GET"]}}],"collection":[{"href":"https:\/\/investnews.com.br\/inv-api\/wp\/v2\/posts"}],"about":[{"href":"https:\/\/investnews.com.br\/inv-api\/wp\/v2\/types\/post"}],"author":[{"embeddable":true,"href":"https:\/\/investnews.com.br\/inv-api\/wp\/v2\/users\/61"}],"replies":[{"embeddable":true,"href":"https:\/\/investnews.com.br\/inv-api\/wp\/v2\/comments?post=343300"}],"version-history":[{"count":3,"href":"https:\/\/investnews.com.br\/inv-api\/wp\/v2\/posts\/343300\/revisions"}],"predecessor-version":[{"id":343306,"href":"https:\/\/investnews.com.br\/inv-api\/wp\/v2\/posts\/343300\/revisions\/343306"}],"wp:featuredmedia":[{"embeddable":true,"href":"https:\/\/investnews.com.br\/inv-api\/wp\/v2\/media\/343303"}],"wp:attachment":[{"href":"https:\/\/investnews.com.br\/inv-api\/wp\/v2\/media?parent=343300"}],"wp:term":[{"taxonomy":"category","embeddable":true,"href":"https:\/\/investnews.com.br\/inv-api\/wp\/v2\/categories?post=343300"},{"taxonomy":"post_tag","embeddable":true,"href":"https:\/\/investnews.com.br\/inv-api\/wp\/v2\/tags?post=343300"},{"taxonomy":"autor-wsj","embeddable":true,"href":"https:\/\/investnews.com.br\/inv-api\/wp\/v2\/autor-wsj?post=343300"},{"taxonomy":"author","embeddable":true,"href":"https:\/\/investnews.com.br\/inv-api\/wp\/v2\/coauthors?post=343300"}],"curies":[{"name":"wp","href":"https:\/\/api.w.org\/{rel}","templated":true}]}}