{"id":344047,"date":"2022-07-12T05:00:00","date_gmt":"2022-07-12T08:00:00","guid":{"rendered":"https:\/\/investnews.com.br\/?p=344047"},"modified":"2022-07-12T13:18:27","modified_gmt":"2022-07-12T16:18:27","slug":"euro-cotado-abaixo-de-us-1-pela-primeira-vez-em-20-anos","status":"publish","type":"post","link":"https:\/\/investnews.com.br\/economia\/euro-cotado-abaixo-de-us-1-pela-primeira-vez-em-20-anos\/","title":{"rendered":"Euro \u00e9 cotado abaixo de US$ 1 pela primeira vez em 20 anos"},"content":{"rendered":"\n<p>O <strong>euro<\/strong> atingiu a cota\u00e7\u00e3o menor do que US$ 1 pela primeira vez desde 2002. Especialistas ouvidos pelo<em> InvestNews<\/em> apontam que a alta do <strong><a href=\"https:\/\/investnews.com.br\/cotacao\/cambio\/\" class=\"rank-math-link\">d\u00f3lar<\/a> <\/strong>no mundo todo, aliada ao pr\u00f3prio cen\u00e1rio macroecon\u00f4mico dos pa\u00edses da zona do euro, ajudam a explicar a recente desvaloriza\u00e7\u00e3o da moeda europeia.&nbsp;<\/p>\n\n\n\n<p>Nesta ter\u00e7a-feira (12), o euro alcan\u00e7ou a cota\u00e7\u00e3o de US$ 0,9999 na m\u00ednima do dia, segundo dados do Valor Pro. Na v\u00e9spera (11), terminou o dia cotado a US$ 1,0088. Especialistas n\u00e3o descartam a possibilidade de a desvaloriza\u00e7\u00e3o do euro persistir.<\/p>\n\n\n\n<figure class=\"wp-block-image size-large\"><img loading=\"lazy\" decoding=\"async\" width=\"820\" height=\"678\" src=\"https:\/\/media.investnews.com.br\/uploads\/2022\/07\/euro.jpg\" alt=\"Cota\u00e7\u00e3o do euro contra o d\u00f3lar.\" class=\"wp-image-344517\" srcset=\"https:\/\/media.investnews.com.br\/uploads\/2022\/07\/euro.jpg 820w, https:\/\/media.investnews.com.br\/uploads\/2022\/07\/euro-300x248.jpg 300w, https:\/\/media.investnews.com.br\/uploads\/2022\/07\/euro-768x635.jpg 768w, https:\/\/media.investnews.com.br\/uploads\/2022\/07\/euro-172x142.jpg 172w, https:\/\/media.investnews.com.br\/uploads\/2022\/07\/euro-150x124.jpg 150w\" sizes=\"auto, (max-width: 820px) 100vw, 820px\" \/><figcaption>Cota\u00e7\u00e3o do euro contra o d\u00f3lar, at\u00e9 o fechamento de 11\/07\/2022.<\/figcaption><\/figure>\n\n\n\n<p><strong>\u201cO d\u00f3lar tem disparado no mundo<\/strong>. N\u00e3o \u00e9 somente versus o euro, \u00e9 versus uma s\u00e9rie de outras moedas tamb\u00e9m. O \u00edndice DXY, que \u00e9 o \u00edndice que mede a fortaleza do d\u00f3lar vesus uma cesta de outras moedas do G-10, est\u00e1 nas m\u00e1ximas dos \u00faltimos 20 anos\u201d, comenta Andrey Nousi, CFA e fundador da Nousi Finance.&nbsp;<\/p>\n\n\n\n<p>\u201cCom o contexto de infla\u00e7\u00e3o e incertezas econ\u00f4micas no mundo, \u00e9 natural que grande parte dos investidores migrem para investimentos de maior seguran\u00e7a\u201d, complementa Sidney Lima, analista da Top Gain, sobre a alta do d\u00f3lar no momento. \u201cO d\u00f3lar \u00e9 observado como um dos ativos mais seguros no mundo, considerando ser a moeda da principal pot\u00eancia econ\u00f4mica do mundo, os EUA\u201d, explica.&nbsp;<\/p>\n\n\n\n<figure class=\"wp-block-image size-large\"><img loading=\"lazy\" decoding=\"async\" width=\"1024\" height=\"683\" src=\"https:\/\/media.investnews.com.br\/uploads\/2022\/07\/2022-06-30T111652Z_1_LYNXMPEI5T0HR_RTROPTP_4_FRANCE-ECONOMY-1024x683.jpg\" alt=\"\" class=\"wp-image-344048\" srcset=\"https:\/\/media.investnews.com.br\/uploads\/2022\/07\/2022-06-30T111652Z_1_LYNXMPEI5T0HR_RTROPTP_4_FRANCE-ECONOMY-1024x683.jpg 1024w, https:\/\/media.investnews.com.br\/uploads\/2022\/07\/2022-06-30T111652Z_1_LYNXMPEI5T0HR_RTROPTP_4_FRANCE-ECONOMY-300x200.jpg 300w, https:\/\/media.investnews.com.br\/uploads\/2022\/07\/2022-06-30T111652Z_1_LYNXMPEI5T0HR_RTROPTP_4_FRANCE-ECONOMY-768x512.jpg 768w, https:\/\/media.investnews.com.br\/uploads\/2022\/07\/2022-06-30T111652Z_1_LYNXMPEI5T0HR_RTROPTP_4_FRANCE-ECONOMY-1536x1024.jpg 1536w, https:\/\/media.investnews.com.br\/uploads\/2022\/07\/2022-06-30T111652Z_1_LYNXMPEI5T0HR_RTROPTP_4_FRANCE-ECONOMY-1256x837.jpg 1256w, https:\/\/media.investnews.com.br\/uploads\/2022\/07\/2022-06-30T111652Z_1_LYNXMPEI5T0HR_RTROPTP_4_FRANCE-ECONOMY-172x115.jpg 172w, https:\/\/media.investnews.com.br\/uploads\/2022\/07\/2022-06-30T111652Z_1_LYNXMPEI5T0HR_RTROPTP_4_FRANCE-ECONOMY-150x100.jpg 150w, https:\/\/media.investnews.com.br\/uploads\/2022\/07\/2022-06-30T111652Z_1_LYNXMPEI5T0HR_RTROPTP_4_FRANCE-ECONOMY.jpg 2048w\" sizes=\"auto, (max-width: 1024px) 100vw, 1024px\" \/><figcaption>Feira em Paris\n10\/06\/2022. REUTERS\/Sarah Meyssonnier<\/figcaption><\/figure>\n\n\n\n<p>Mas as dificuldades dos pa\u00edses da zona do euro tamb\u00e9m pesam. Segundo dados da Eurostat, a infla\u00e7\u00e3o na regi\u00e3o atingiu mais um recorde em junho, a 8,6%, frente ao mesmo m\u00eas de 2021 &#8211; mais de quatro vezes a meta para o ano do Banco Central Europeu (BCE).&nbsp;<\/p>\n\n\n\n<p>A<strong> infla\u00e7\u00e3o na zona do euro<\/strong> tem sido motivo de preocupa\u00e7\u00e3o h\u00e1 v\u00e1rios meses. Primeiro, a <strong>pandemia<\/strong> desajustou a oferta de mat\u00e9rias-primas e produtos. Depois, a <a href=\"https:\/\/investnews.com.br\/economia\/guerra-na-ucrania-completa-3-meses-o-que-esperar-daqui-para-a-frente\/\">guerra na Ucr\u00e2nia<\/a> elevou os pre\u00e7os de energia (somente em junho, eles subiram quase 42%).&nbsp;&nbsp;<\/p>\n\n\n\n<p>Como tentativa de esfriar a demanda dos consumidores e controlar os pre\u00e7os, o BCE deve come\u00e7ar um ciclo de <strong>aumento de juros <\/strong>&#8211; o que aumenta as preocupa\u00e7\u00f5es sobre a desacelera\u00e7\u00e3o da economia na regi\u00e3o.&nbsp;<\/p>\n\n\n\n<p>\u201cCom um contexto e<strong> cen\u00e1rio prov\u00e1vel de recess\u00e3o no continente europeu<\/strong>, \u00e9 natural que tenhamos uma grande oferta de venda, fazendo com que o euro se desvalorize\u201d, comenta Sidney Lima. \u201cE boa parte dessas vendas s\u00e3o convertidas em d\u00f3lar, representando assim um aumento da procura, fazendo com que o d\u00f3lar se valorize consideravelmente em rela\u00e7\u00e3o ao euro.\u201d<\/p>\n\n\n\n<p>Andrey Nousi concorda que \u201co euro tem se enfraquecido tamb\u00e9m por quest\u00f5es end\u00f3genas\u201d. \u201c<strong>A situa\u00e7\u00e3o macroecon\u00f4mica est\u00e1 bastante complicada na zona do euro<\/strong>. Tem infla\u00e7\u00e3o explodindo, e o Banco Central Europeu tem muito menos capacidade, poder de combat\u00ea-la do que os Estados Unidos &#8211; e olha que os Estados Unidos tamb\u00e9m est\u00e3o com problema\u201d, analisa ele.\u201d<\/p>\n\n\n\n<h2 class=\"wp-block-heading\">Mais &#8216;valioso&#8217; que o d\u00f3lar?<\/h2>\n\n\n\n<figure class=\"wp-block-image size-large\"><img loading=\"lazy\" decoding=\"async\" width=\"1024\" height=\"594\" src=\"https:\/\/media.investnews.com.br\/uploads\/2022\/04\/2022-04-27T175215Z_1_LYNXNPEI3Q0U2_RTROPTP_4_FOREX-EURO-ANALISE-1024x594.jpg\" alt=\"\" class=\"wp-image-323190\" srcset=\"https:\/\/media.investnews.com.br\/uploads\/2022\/04\/2022-04-27T175215Z_1_LYNXNPEI3Q0U2_RTROPTP_4_FOREX-EURO-ANALISE-1024x594.jpg 1024w, https:\/\/media.investnews.com.br\/uploads\/2022\/04\/2022-04-27T175215Z_1_LYNXNPEI3Q0U2_RTROPTP_4_FOREX-EURO-ANALISE-300x174.jpg 300w, https:\/\/media.investnews.com.br\/uploads\/2022\/04\/2022-04-27T175215Z_1_LYNXNPEI3Q0U2_RTROPTP_4_FOREX-EURO-ANALISE-768x445.jpg 768w, https:\/\/media.investnews.com.br\/uploads\/2022\/04\/2022-04-27T175215Z_1_LYNXNPEI3Q0U2_RTROPTP_4_FOREX-EURO-ANALISE-1536x890.jpg 1536w, https:\/\/media.investnews.com.br\/uploads\/2022\/04\/2022-04-27T175215Z_1_LYNXNPEI3Q0U2_RTROPTP_4_FOREX-EURO-ANALISE-1256x728.jpg 1256w, https:\/\/media.investnews.com.br\/uploads\/2022\/04\/2022-04-27T175215Z_1_LYNXNPEI3Q0U2_RTROPTP_4_FOREX-EURO-ANALISE-172x100.jpg 172w, https:\/\/media.investnews.com.br\/uploads\/2022\/04\/2022-04-27T175215Z_1_LYNXNPEI3Q0U2_RTROPTP_4_FOREX-EURO-ANALISE-150x87.jpg 150w, https:\/\/media.investnews.com.br\/uploads\/2022\/04\/2022-04-27T175215Z_1_LYNXNPEI3Q0U2_RTROPTP_4_FOREX-EURO-ANALISE.jpg 2048w\" sizes=\"auto, (max-width: 1024px) 100vw, 1024px\" \/><figcaption>Nota de euro sobre notas de d\u00f3lar\n14\/02\/2022\nREUTERS\/Dado Ruvic\/Ilustra\u00e7\u00e3o<\/figcaption><\/figure>\n\n\n\n<p>Historicamente, o euro sempre se manteve manteve sua cota\u00e7\u00e3o acima do d\u00f3lar. Lima explica que uma das raz\u00f5es para isso \u00e9 a maior oferta de d\u00f3lares no mercado mundial na compara\u00e7\u00e3o com o euro &#8211; o que tende a reduzir o pre\u00e7o da moeda pela lei da oferta e demanda. <\/p>\n\n\n\n<p>&#8220;O d\u00f3lar \u00e9 a moeda internacional utilizada para a precifica\u00e7\u00e3o de produtos comercializados nas rela\u00e7\u00f5es comerciais entre os pa\u00edses. Isso faz com que tenhamos uma quantidade maior (oferta) da moeda em circula\u00e7\u00e3o&#8221;, diz. <\/p>\n\n\n\n<p>Agora, com os riscos envolvendo a economia europeia, a demanda pelo euro est\u00e1 mais fraca. &#8220;Com um contexto e cen\u00e1rio prov\u00e1vel de recess\u00e3o no continente europeu, \u00e9 natural que tenhamos uma grande oferta de venda fazendo com que o euro se desvalorize, e boa parte dessas vendas s\u00e3o convertidas em d\u00f3lar, representando assim um aumento da procura, fazendo com que o d\u00f3lar se valorize consideravelmente em rela\u00e7\u00e3o ao euro&#8221;, explica o analisa.<\/p>\n\n\n\n<p>Mas Nousi, da Nousi Finance, ressalta que o fato de ser cotada a mais de 1 US$ n\u00e3o significa que uma moeda seja mais &#8220;valiosa&#8221; que o d\u00f3lar. Isso porque tamb\u00e9m \u00e9 preciso avaliar o poder de compra. <\/p>\n\n\n\n<p>&#8220;A cota\u00e7\u00e3o n\u00e3o quer dizer nada. S\u00f3 porque um euro era equivalente a US$ 1,20 ou alguma coisa assim durante muito tempo, isso n\u00e3o quer dizer que o euro era mais valioso, n\u00e3o&#8221;, diz. <\/p>\n\n\n\n<p>Ele cita o exemplo da coroa norueguesa &#8211; atualmente, US$ 1 vale cerca de 10 coroas. &#8220;Isso n\u00e3o quer dizer a moeda norueguesa n\u00e3o vale nada. Voc\u00ea tem que ver o que se compra com aquilo. A Noruega \u00e9 um dos <a href=\"https:\/\/investnews.com.br\/economia\/cidades-mais-caras-do-mundo-2022\/\" class=\"rank-math-link\">pa\u00edses mais caros do mundo<\/a>. Ent\u00e3o, uma cerveja l\u00e1 vai custar, sei l\u00e1, 50 coroas ou coisa assim. Ent\u00e3o, esse valor monet\u00e1rio n\u00e3o quer dizer absolutamente nada.&#8221;<\/p>\n","protected":false},"excerpt":{"rendered":"<p>Movimento acompanha alta do d\u00f3lar no mundo e dificuldades macroecon\u00f4micas na zona do euro.<\/p>\n","protected":false},"author":31,"featured_media":323190,"comment_status":"closed","ping_status":"open","sticky":false,"template":"","format":"standard","meta":{"_acf_changed":false,"inline_featured_image":false,"footnotes":""},"categories":[5],"tags":[26],"autor-wsj":[],"coauthors":[1908],"class_list":["post-344047","post","type-post","status-publish","format-standard","has-post-thumbnail","hentry","category-economia","tag-dolar"],"acf":[],"amp_enabled":true,"_links":{"self":[{"href":"https:\/\/investnews.com.br\/inv-api\/wp\/v2\/posts\/344047","targetHints":{"allow":["GET"]}}],"collection":[{"href":"https:\/\/investnews.com.br\/inv-api\/wp\/v2\/posts"}],"about":[{"href":"https:\/\/investnews.com.br\/inv-api\/wp\/v2\/types\/post"}],"author":[{"embeddable":true,"href":"https:\/\/investnews.com.br\/inv-api\/wp\/v2\/users\/31"}],"replies":[{"embeddable":true,"href":"https:\/\/investnews.com.br\/inv-api\/wp\/v2\/comments?post=344047"}],"version-history":[{"count":14,"href":"https:\/\/investnews.com.br\/inv-api\/wp\/v2\/posts\/344047\/revisions"}],"predecessor-version":[{"id":344784,"href":"https:\/\/investnews.com.br\/inv-api\/wp\/v2\/posts\/344047\/revisions\/344784"}],"wp:featuredmedia":[{"embeddable":true,"href":"https:\/\/investnews.com.br\/inv-api\/wp\/v2\/media\/323190"}],"wp:attachment":[{"href":"https:\/\/investnews.com.br\/inv-api\/wp\/v2\/media?parent=344047"}],"wp:term":[{"taxonomy":"category","embeddable":true,"href":"https:\/\/investnews.com.br\/inv-api\/wp\/v2\/categories?post=344047"},{"taxonomy":"post_tag","embeddable":true,"href":"https:\/\/investnews.com.br\/inv-api\/wp\/v2\/tags?post=344047"},{"taxonomy":"autor-wsj","embeddable":true,"href":"https:\/\/investnews.com.br\/inv-api\/wp\/v2\/autor-wsj?post=344047"},{"taxonomy":"author","embeddable":true,"href":"https:\/\/investnews.com.br\/inv-api\/wp\/v2\/coauthors?post=344047"}],"curies":[{"name":"wp","href":"https:\/\/api.w.org\/{rel}","templated":true}]}}