{"id":344746,"date":"2022-07-12T12:58:35","date_gmt":"2022-07-12T15:58:35","guid":{"rendered":"https:\/\/investnews.com.br\/?p=344746"},"modified":"2022-07-12T15:09:21","modified_gmt":"2022-07-12T18:09:21","slug":"pec-kamikaze-deve-incluir-mais-2-milhoes-de-familias-no-auxilio-brasil","status":"publish","type":"post","link":"https:\/\/investnews.com.br\/economia\/pec-kamikaze-deve-incluir-mais-2-milhoes-de-familias-no-auxilio-brasil\/","title":{"rendered":"&#8216;PEC Kamikaze&#8217; deve incluir mais 2 milh\u00f5es de fam\u00edlias no Aux\u00edlio Brasil"},"content":{"rendered":"\n<p>O governo projeta a inclus\u00e3o, a partir de agosto, de cerca de 2 milh\u00f5es a mais de fam\u00edlias no Aux\u00edlio Brasil. O n\u00famero de fam\u00edlias contempladas pelo programa pode subir para perto de 20,15 milh\u00f5es, segundo apurou o&nbsp;<strong>Estad\u00e3o<\/strong>.<\/p>\n\n\n\n<p>O texto da Proposta de Emenda \u00e0 Constitui\u00e7\u00e3o (PEC) &#8220;Kamikaze&#8221;, que amplia e cria benef\u00edcios sociais em pleno ano eleitoral, estabelece o in\u00edcio do pagamento do benef\u00edcio da parcela adicional de R$ 200 no primeiro dia de agosto. Uma folha extra em julho, portanto, n\u00e3o poder\u00e1 ser rodada, como esperavam aliados do governo.<\/p>\n\n\n\n<p>O Minist\u00e9rio da Cidadania trabalha com as datas do cronograma habitual de in\u00edcio de pagamento do Aux\u00edlio Brasil em agosto, a partir do dia 18. Como a PEC s\u00f3 permite o pagamento da parcela adicional do dia 1\u00ba de agosto a 31 de dezembro, a avalia\u00e7\u00e3o entre os t\u00e9cnicos \u00e9 de que n\u00e3o vale rodar uma folha extra com custo adicional para pagar o Aux\u00edlio Brasil turbinado a poucos dias da data oficial.<\/p>\n\n\n\n<p>A ala pol\u00edtica, no entanto, pressiona para o pagamento do benef\u00edcio turbinado o quanto antes, na tentativa de aumentar o apoio ao governo nas elei\u00e7\u00f5es de outubro. A PEC eleva de R$ 400 para R$ 600 o piso do Aux\u00edlio Brasil e prev\u00ea recursos para o governo zerar a fila das fam\u00edlias \u00e0 espera de acesso ao programa.<\/p>\n\n\n\n<p>J\u00e1 para a bolsa-caminhoneiro (de R$ 1 mil) e do vale-taxista (de R$ 200), o pagamento pode come\u00e7ar neste m\u00eas, assim que a PEC for aprovada e promulgada. A vota\u00e7\u00e3o final est\u00e1 prevista para hoje na C\u00e2mara.<\/p>\n\n\n\n<p>Para garantir os recursos ao pagamento dos novos aux\u00edlios e da amplia\u00e7\u00e3o dos benef\u00edcios sociais j\u00e1 existentes, o governo ter\u00e1 de editar uma medida provis\u00f3ria com cr\u00e9dito extraordin\u00e1rio &#8211; recursos do Or\u00e7amento da Uni\u00e3o para despesas que ficam fora do teto de gastos. O teto \u00e9 a regra que limita o crescimento das despesas de um ano para outro \u00e0 varia\u00e7\u00e3o da infla\u00e7\u00e3o.<\/p>\n\n\n\n<p>Com a PEC, essa trava ser\u00e1 suspensa para abrir espa\u00e7o a R$ 41,2 bilh\u00f5es em novas despesas para pagar os benef\u00edcios sociais a poucos meses das elei\u00e7\u00f5es.<\/p>\n\n\n\n<p>Em agosto, tamb\u00e9m ser\u00e1 pago o vale-g\u00e1s para a compra de um botij\u00e3o cheio de 13 quilos. At\u00e9 agora, esse benef\u00edcio pagava 50% do pre\u00e7o do botij\u00e3o a cada 60 dias. Com a PEC, o aux\u00edlio passa a ser integral a cada dois meses. At\u00e9 o fim do ano, o vale-g\u00e1s ser\u00e1 pago nos meses de agosto, outubro e dezembro.<\/p>\n\n\n\n<p>As parcelas adicionais de R$ 200 do Aux\u00edlio Brasil e do vale-g\u00e1s ser\u00e3o concedidas at\u00e9 o fim do ano, mas t\u00e9cnicos do governo j\u00e1 reconhecem que ser\u00e1 politicamente dif\u00edcil para o pr\u00f3ximo presidente eleito retirar os benef\u00edcios no in\u00edcio de governo.<\/p>\n\n\n\n<p>Em junho, o governo pagou o Aux\u00edlio Brasil para 18,15 milh\u00f5es de fam\u00edlias. O repasse m\u00e9dio recebido pelas fam\u00edlias \u00e9 de R$ 402. Isso porque, al\u00e9m do benef\u00edcio b\u00e1sico, h\u00e1 rendas complementares poss\u00edveis de acordo com os perfis das fam\u00edlias, como a Bolsa Esporte Escolar, a Bolsa de Inicia\u00e7\u00e3o Cient\u00edfica e a Inclus\u00e3o Produtiva Rural.<\/p>\n","protected":false},"excerpt":{"rendered":"<p>T\u00e9cnicos do governo j\u00e1 reconhecem que ser\u00e1 politicamente dif\u00edcil para o pr\u00f3ximo presidente eleito retirar os benef\u00edcios no in\u00edcio de governo.<\/p>\n","protected":false},"author":62,"featured_media":324018,"comment_status":"closed","ping_status":"open","sticky":false,"template":"","format":"standard","meta":{"_acf_changed":false,"inline_featured_image":false,"footnotes":""},"categories":[5],"tags":[1636,763,234],"autor-wsj":[],"coauthors":[2499],"class_list":["post-344746","post","type-post","status-publish","format-standard","has-post-thumbnail","hentry","category-economia","tag-contas-publicas","tag-eleicoes","tag-jair-bolsonaro"],"acf":[],"amp_enabled":true,"_links":{"self":[{"href":"https:\/\/investnews.com.br\/inv-api\/wp\/v2\/posts\/344746","targetHints":{"allow":["GET"]}}],"collection":[{"href":"https:\/\/investnews.com.br\/inv-api\/wp\/v2\/posts"}],"about":[{"href":"https:\/\/investnews.com.br\/inv-api\/wp\/v2\/types\/post"}],"author":[{"embeddable":true,"href":"https:\/\/investnews.com.br\/inv-api\/wp\/v2\/users\/62"}],"replies":[{"embeddable":true,"href":"https:\/\/investnews.com.br\/inv-api\/wp\/v2\/comments?post=344746"}],"version-history":[{"count":6,"href":"https:\/\/investnews.com.br\/inv-api\/wp\/v2\/posts\/344746\/revisions"}],"predecessor-version":[{"id":344771,"href":"https:\/\/investnews.com.br\/inv-api\/wp\/v2\/posts\/344746\/revisions\/344771"}],"wp:featuredmedia":[{"embeddable":true,"href":"https:\/\/investnews.com.br\/inv-api\/wp\/v2\/media\/324018"}],"wp:attachment":[{"href":"https:\/\/investnews.com.br\/inv-api\/wp\/v2\/media?parent=344746"}],"wp:term":[{"taxonomy":"category","embeddable":true,"href":"https:\/\/investnews.com.br\/inv-api\/wp\/v2\/categories?post=344746"},{"taxonomy":"post_tag","embeddable":true,"href":"https:\/\/investnews.com.br\/inv-api\/wp\/v2\/tags?post=344746"},{"taxonomy":"autor-wsj","embeddable":true,"href":"https:\/\/investnews.com.br\/inv-api\/wp\/v2\/autor-wsj?post=344746"},{"taxonomy":"author","embeddable":true,"href":"https:\/\/investnews.com.br\/inv-api\/wp\/v2\/coauthors?post=344746"}],"curies":[{"name":"wp","href":"https:\/\/api.w.org\/{rel}","templated":true}]}}