{"id":344804,"date":"2022-07-13T08:44:53","date_gmt":"2022-07-13T11:44:53","guid":{"rendered":"https:\/\/investnews.com.br\/?p=344804"},"modified":"2024-06-24T11:05:49","modified_gmt":"2024-06-24T14:05:49","slug":"morning-call-ipc-nos-estados-unidos-pode-ser-o-mais-alto-em-40-anos","status":"publish","type":"post","link":"https:\/\/investnews.com.br\/financas\/morning-call-ipc-nos-estados-unidos-pode-ser-o-mais-alto-em-40-anos\/","title":{"rendered":"Morning Call: IPC nos Estados Unidos pode ser o mais alto em 40 anos"},"content":{"rendered":"\n<figure class=\"wp-block-embed-soundcloud wp-block-embed is-type-rich is-provider-soundcloud wp-embed-aspect-4-3 wp-has-aspect-ratio\"><div class=\"wp-block-embed__wrapper\">\n<iframe loading=\"lazy\" title=\"Morning Call - 13 - 07 - 22 by Hugocarone\" width=\"500\" height=\"400\" scrolling=\"no\" frameborder=\"no\" src=\"https:\/\/w.soundcloud.com\/player\/?visual=true&#038;url=https%3A%2F%2Fapi.soundcloud.com%2Ftracks%2F1304455609&#038;show_artwork=true&#038;maxheight=750&#038;maxwidth=500&#038;secret_token=s-dcoYwZHpZVa\"><\/iframe>\n<\/div><\/figure>\n\n\n\n<h2 class=\"wp-block-heading\"><strong>Europa e Estados Unidos de olho no IPC<\/strong> \u00e0s 9h30<\/h2>\n\n\n\n<p>O mercado foi de leve alta nesta quarta-feira (13) para as bolsas na China. O receio com novos casos de covid continuam, mas dados de exporta\u00e7\u00e3o deram um pouco de f\u00f4lego para as a\u00e7\u00f5es. Com n\u00fameros acima do esperado pelo mercado, o m\u00eas de junho foi marcado por uma alta de 17,9% se comparado a um ano antes. Lembrando que esse n\u00famero positivo, pode ser reflexo do p\u00f3s lockdown de dois meses, encerrado justamente em junho. Hang Seng em Hong Kong fechou em leve queda de -0,22%, CSI300 com alta de +0,18% e o Nikkei em T\u00f3quio +0,54%.<\/p>\n\n\n\n<p>Na Europa o dia come\u00e7ou em terreno negativo, o receio com fornecimento de g\u00e1s por parte da R\u00fassia continua, pois poderia afetar o estoque do produto para o per\u00edodo de inverno e por consequ\u00eancia toda economia da regi\u00e3o. Mas o foco do dia est\u00e1 nos Estados Unidos com o dado de infla\u00e7\u00e3o que ser\u00e1 divulgado agora na parte da manh\u00e3. Lembrando que ontem o Euro chegou a ser cotado abaixo de <a href=\"https:\/\/investnews.com.br\/boletim-investnews\/bitcoin-sera-salvo-pelos-investidores-por-que-euro-esta-a-menos-de-us-1\/\" class=\"rank-math-link\">US$ 1,00<\/a> mostrando o receio dos investidores com a economia. Neste momento o DAX em Frankfurt opera em queda de -0,92%, CAC em Paris -0,65% e o FTSE em Londres -0,72%. <\/p>\n\n\n\n<p>O dia t\u00e3o esperado nos Estados Unidos para esta semana chegou, o mercado aguarda o <a href=\"https:\/\/investnews.com.br\/economia\/inflacao-nos-estados-unidos-sobe-13-em-junho-acima-do-esperado\/\" class=\"rank-math-link\">dado de infla\u00e7\u00e3o<\/a> divulgado \u00e0s 9h30 da manh\u00e3. A princ\u00edpio n\u00e3o deveria vir nenhuma novidade e ter\u00edamos a maior infla\u00e7\u00e3o em 40 anos. O lado positivo pensando no atual momento \u00e9 a cota\u00e7\u00e3o do petr\u00f3leo recuando nos \u00faltimos dias para n\u00edveis de mar\u00e7o, e se vier abaixo dos US$100 no tipo Brent, isso pode trazer al\u00edvio para infla\u00e7\u00e3o e por consequ\u00eancia uma menor necessidade de aperto monet\u00e1rio. Por enquanto o futuro do SP500 opera em leve alta de +0,29%.<\/p>\n\n\n\n<h2 class=\"wp-block-heading\"><strong>Vota\u00e7\u00e3o da PEC dos Benef\u00edcios \u00e9 adiada<\/strong><\/h2>\n\n\n\n<p>Ontem a noite a PEC dos Benef\u00edcios teve que ser suspensa ap\u00f3s o presidente da C\u00e2mara ter anunciado que houve um problema t\u00e9cnico no sistema de vota\u00e7\u00e3o remota. Sendo assim o mercado deve continuar acompanhando o desenrolar desta vota\u00e7\u00e3o. Durante o \u00faltimo preg\u00e3o, o DI Futuro trouxe al\u00edvio ao encerrar em queda e na m\u00ednima do dia. Mas por outro lado segue nas m\u00e1ximas dos \u00faltimos meses e preocupando se o ciclo de alta estaria de fato perto do fim. Hoje o petr\u00f3leo do tipo Brent opera em alta de +1,02% e o Min\u00e9rio de Ferro +2,52%.<\/p>\n\n\n\n<p>Tivemos uma ter\u00e7a (12) marcada por <a href=\"https:\/\/investnews.com.br\/guias\/volatilidade-o-que-e\/\">volatilidade<\/a> e o Ibovespa fechou praticamente est\u00e1vel aos 98.271 pontos. O ideal seria um fechamento acima da regi\u00e3o dos 99.500, como isso n\u00e3o foi poss\u00edvel, vamos ver se o mercado teria for\u00e7a para recuperar essa faixa no preg\u00e3o de hoje (13). Se o Ibovespa tiver for\u00e7a para uma rea\u00e7\u00e3o, a faixa que ele vai encontrar novamente press\u00e3o vendedora seria dos 99.500 e 102.200. Lembrando que para o m\u00e9dio prazo tem a possibilidade de seguir em busca dos 90 mil pontos.<\/p>\n\n\n\n<figure class=\"wp-block-image size-large\"><a href=\"https:\/\/www.tradingview.com\/x\/uWCHrjow\/\" target=\"_blank\" rel=\"noopener\"><img decoding=\"async\" src=\"https:\/\/media.investnews.com.br\/uploads\/2022\/07\/image-34-1024x498.png\" alt=\"gr\u00e1fico do Ibovespa hoje 13-07-22 o vi\u00e9s ainda \u00e9 negativo para o curto prazo.\nFonte: tradingview\" class=\"wp-image-344920\"\/><\/a><\/figure>\n\n\n\n<h2 class=\"wp-block-heading\"><strong>Bitcoin<\/strong><\/h2>\n\n\n\n<p>Mesmo tendo encerrado alguns dias acima dos USD$20.000 a <a href=\"https:\/\/investnews.com.br\/criptonews\/gigante-de-mineracao-cripto-vende-maior-parte-de-seus-bitcoins\/\">criptomoeda<\/a> deveria ter mostrado mais for\u00e7a compradora. Qual seria o receio neste momento? A configura\u00e7\u00e3o atual dos pre\u00e7os com base no gr\u00e1fico semanal, seria de uma bandeira. Essa forma\u00e7\u00e3o \u00e9 uma pausa dos pre\u00e7os para que em seguida continue o movimento anterior, que no caso seria de queda. Com base nos volumes financeiros de compra do <a href=\"https:\/\/investnews.com.br\/guias\/bitcoin-o-que-e-como-investir\/\">Bitcoin<\/a> no passado, a regi\u00e3o que o mercado teria interesse novamente, estaria apenas em USD$14.000 e USD$10.000, fora o pre\u00e7o atual que j\u00e1 estamos por algumas semanas.<\/p>\n\n\n\n<figure class=\"wp-block-image size-large\"><a href=\"https:\/\/www.tradingview.com\/x\/4sPY9N2P\/\" target=\"_blank\" rel=\"noopener\"><img decoding=\"async\" src=\"https:\/\/media.investnews.com.br\/uploads\/2022\/07\/image-36-1024x498.png\" alt=\"gr\u00e1fico do Bitcoin hoje 13-07-22 o vi\u00e9s ainda \u00e9 negativo para o curto prazo\nFonte: tradingview\" class=\"wp-image-345051\"\/><\/a><\/figure>\n\n\n\n<h2 class=\"wp-block-heading\"><strong>BR FOODS (<a href=\"https:\/\/investnews.com.br\/cotacao\/brfs3f-brf\/\" class=\"rank-math-link\">BRFS3<\/a>)<\/strong><\/h2>\n\n\n\n<p><a rel=\"noreferrer noopener\" href=\"https:\/\/investnews.com.br\/financas\/acao-da-brf-volta-a-se-destacar-entre-as-altas-do-dia-vale-e-petrobras-caem\/\" target=\"_blank\">BRFS3<\/a>&nbsp;com al\u00edvio no pre\u00e7o do milho nos contratos futuros a press\u00e3o sobre as a\u00e7\u00f5es da BRF diminuem e podemos notar no gr\u00e1fico a forma\u00e7\u00e3o de um tri\u00e2ngulo. Na ter\u00e7a-feira (12) o fechamento tamb\u00e9m foi um pouco mais otimista e se confirmar a for\u00e7a o alvo de m\u00e9dio prazo estaria na regi\u00e3o dos 18,70 e s\u00f3 acima podemos buscar algo mais otimista para esta a\u00e7\u00e3o.<br><\/p>\n\n\n\n<figure class=\"wp-block-image size-large\"><a href=\"https:\/\/www.tradingview.com\/x\/fN7EZNSu\/\" target=\"_blank\" rel=\"noopener\"><img decoding=\"async\" src=\"https:\/\/media.investnews.com.br\/uploads\/2022\/07\/image-35-1024x498.png\" alt=\"gr\u00e1fico da BR Foods (BRFS3) hoje 13-07-22 o vi\u00e9s ainda \u00e9 de alta para o curto prazo.\nFonte: tradingview\" class=\"wp-image-344999\"\/><\/a><\/figure>\n\n\n\n<figure class=\"wp-block-table\"><table class=\"\"><tbody><tr><td>09:00<\/td><td>BRA<\/td><td>Vendas no varejo<\/td><\/tr><tr><td>09:30<\/td><td>EUA<\/td><td>IPC<\/td><\/tr><tr><td>11:30<\/td><td>EUA<\/td><td>Estoques de petr\u00f3leo bruto<\/td><\/tr><tr><td>15:00<\/td><td>EUA<\/td><td>Livro bege<\/td><\/tr><tr><td><\/td><td><\/td><td><\/td><\/tr><tr><td><\/td><td><\/td><td><\/td><\/tr><tr><td><\/td><td><\/td><td><\/td><\/tr><\/tbody><\/table><\/figure>\n","protected":false},"excerpt":{"rendered":"<p>Investidores devem ficar de olho nos dados de infla\u00e7\u00e3o nesta quarta feira (13).<\/p>\n","protected":false},"author":27,"featured_media":333638,"comment_status":"closed","ping_status":"open","sticky":false,"template":"","format":"standard","meta":{"_acf_changed":false,"inline_featured_image":false,"footnotes":""},"categories":[4],"tags":[52],"autor-wsj":[],"coauthors":[2268],"class_list":["post-344804","post","type-post","status-publish","format-standard","has-post-thumbnail","hentry","category-financas","tag-inflacao"],"acf":[],"amp_enabled":true,"_links":{"self":[{"href":"https:\/\/investnews.com.br\/inv-api\/wp\/v2\/posts\/344804","targetHints":{"allow":["GET"]}}],"collection":[{"href":"https:\/\/investnews.com.br\/inv-api\/wp\/v2\/posts"}],"about":[{"href":"https:\/\/investnews.com.br\/inv-api\/wp\/v2\/types\/post"}],"author":[{"embeddable":true,"href":"https:\/\/investnews.com.br\/inv-api\/wp\/v2\/users\/27"}],"replies":[{"embeddable":true,"href":"https:\/\/investnews.com.br\/inv-api\/wp\/v2\/comments?post=344804"}],"version-history":[{"count":10,"href":"https:\/\/investnews.com.br\/inv-api\/wp\/v2\/posts\/344804\/revisions"}],"predecessor-version":[{"id":345144,"href":"https:\/\/investnews.com.br\/inv-api\/wp\/v2\/posts\/344804\/revisions\/345144"}],"wp:featuredmedia":[{"embeddable":true,"href":"https:\/\/investnews.com.br\/inv-api\/wp\/v2\/media\/333638"}],"wp:attachment":[{"href":"https:\/\/investnews.com.br\/inv-api\/wp\/v2\/media?parent=344804"}],"wp:term":[{"taxonomy":"category","embeddable":true,"href":"https:\/\/investnews.com.br\/inv-api\/wp\/v2\/categories?post=344804"},{"taxonomy":"post_tag","embeddable":true,"href":"https:\/\/investnews.com.br\/inv-api\/wp\/v2\/tags?post=344804"},{"taxonomy":"autor-wsj","embeddable":true,"href":"https:\/\/investnews.com.br\/inv-api\/wp\/v2\/autor-wsj?post=344804"},{"taxonomy":"author","embeddable":true,"href":"https:\/\/investnews.com.br\/inv-api\/wp\/v2\/coauthors?post=344804"}],"curies":[{"name":"wp","href":"https:\/\/api.w.org\/{rel}","templated":true}]}}