{"id":345036,"date":"2022-07-13T08:31:46","date_gmt":"2022-07-13T11:31:46","guid":{"rendered":"https:\/\/investnews.com.br\/?p=345036"},"modified":"2022-07-13T08:31:52","modified_gmt":"2022-07-13T11:31:52","slug":"tim-e-vivo-vao-vender-metade-das-antenas-recebidas-com-aquisicao-da-oi","status":"publish","type":"post","link":"https:\/\/investnews.com.br\/negocios\/tim-e-vivo-vao-vender-metade-das-antenas-recebidas-com-aquisicao-da-oi\/","title":{"rendered":"TIM e Vivo v\u00e3o vender metade das antenas recebidas com aquisi\u00e7\u00e3o da Oi"},"content":{"rendered":"\n<p>A TIM <a href=\"https:\/\/investnews.com.br\/cotacao\/tims3-tim\/\" class=\"rank-math-link\">(TIMS3)<\/a> e a Telef\u00f4nica [propriet\u00e1ria da Vivo] (<a href=\"https:\/\/investnews.com.br\/cotacao\/vivt3-vivt4-telefonica-brasil\/\" class=\"rank-math-link\">VIVT3<\/a>) lan\u00e7aram ofertas p\u00fablicas para venda de metade das antenas que foram recebidas no <a href=\"https:\/\/investnews.com.br\/negocios\/oi-conclui-venda-de-ativos-moveis-para-tim-telefonica-e-claro-por-r-159-bi\/\" class=\"rank-math-link\">processo de aquisi\u00e7\u00e3o das redes m\u00f3veis da Oi<\/a> (<a rel=\"noreferrer noopener\" href=\"https:\/\/investnews.com.br\/cotacao\/oibr3f-oi\/\" target=\"_blank\">OIBR3<\/a>;\u00a0<a rel=\"noreferrer noopener\" href=\"https:\/\/investnews.com.br\/cotacao\/oibr4f-oi\/\" target=\"_blank\">OIBR4<\/a>). A Telef\u00f4nica colocou \u00e0 venda 1.346 antenas por R$ 50,5 milh\u00f5es. No caso da TIM, s\u00e3o 3.610 unidades, por R$ 368,8 milh\u00f5es.<\/p>\n\n\n\n<p>As informa\u00e7\u00f5es constam em documentos enviados pelas companhias ao Conselho Administrativo de Defesa Econ\u00f4mica (Cade). A compila\u00e7\u00e3o dos dados foi feita pelo E<em>stad\u00e3o\/Broadcast<\/em>.<\/p>\n\n\n\n<p>Para evitar a concentra\u00e7\u00e3o dos ativos nas m\u00e3os de apenas tr\u00eas operadoras ap\u00f3s a <a href=\"https:\/\/investnews.com.br\/negocios\/oi-reverte-prejuizo-e-registra-lucro-de-r-1782-bilhao-no-1o-trimestre\/\" class=\"rank-math-link\">Oi sair do ramo de telefonia m\u00f3vel<\/a>, o Cade determinou que TIM e Vivo deveriam se desfazer de metade das esta\u00e7\u00f5es r\u00e1dio-base (ERBs) em seis meses. Para a Claro, que concentrar\u00e1 menos equipamentos, ser\u00e3o 40% em 12 meses. At\u00e9 o momento, a Claro n\u00e3o comunicou o Cade sobre o in\u00edcio de sua oferta.<\/p>\n\n\n\n<p>As ERBs s\u00e3o equipamentos com antenas em postes, viadutos, pr\u00e9dios e torres para ativar o sinal de telefonia e internet. Juntas, Oi, TIM, Vivo e Claro tinham quase 100% do total desses aparelhos. S\u00f3 a Oi era dona de 14,6 mil ERBs.<\/p>\n\n\n\n<p>Nas ofertas levadas a p\u00fablico neste momento, h\u00e1 ERBs aptas a operar as tecnologias 2G, 3G e 4G, nas faixas de 900 MHz, 1.800 MHz e 2.100 MHz. Vender esses bens n\u00e3o \u00e9 tarefa f\u00e1cil. As antenas t\u00eam pouca flexibilidade, pois funcionam especificamente em uma faixa de frequ\u00eancia.<\/p>\n","protected":false},"excerpt":{"rendered":"<p>Cade determinou que TIM e Vivo deveriam se desfazer de metade das esta\u00e7\u00f5es r\u00e1dio-base para evitar concentra\u00e7\u00e3o dos ativos.<\/p>\n","protected":false},"author":62,"featured_media":247243,"comment_status":"closed","ping_status":"open","sticky":false,"template":"","format":"standard","meta":{"_acf_changed":false,"inline_featured_image":false,"footnotes":""},"categories":[6],"tags":[2324,209,1041],"autor-wsj":[],"coauthors":[2499],"class_list":["post-345036","post","type-post","status-publish","format-standard","has-post-thumbnail","hentry","category-negocios","tag-fusoes-e-aquisicoes","tag-telefonica-brasil","tag-vivo"],"acf":[],"amp_enabled":true,"_links":{"self":[{"href":"https:\/\/investnews.com.br\/inv-api\/wp\/v2\/posts\/345036","targetHints":{"allow":["GET"]}}],"collection":[{"href":"https:\/\/investnews.com.br\/inv-api\/wp\/v2\/posts"}],"about":[{"href":"https:\/\/investnews.com.br\/inv-api\/wp\/v2\/types\/post"}],"author":[{"embeddable":true,"href":"https:\/\/investnews.com.br\/inv-api\/wp\/v2\/users\/62"}],"replies":[{"embeddable":true,"href":"https:\/\/investnews.com.br\/inv-api\/wp\/v2\/comments?post=345036"}],"version-history":[{"count":2,"href":"https:\/\/investnews.com.br\/inv-api\/wp\/v2\/posts\/345036\/revisions"}],"predecessor-version":[{"id":345042,"href":"https:\/\/investnews.com.br\/inv-api\/wp\/v2\/posts\/345036\/revisions\/345042"}],"wp:featuredmedia":[{"embeddable":true,"href":"https:\/\/investnews.com.br\/inv-api\/wp\/v2\/media\/247243"}],"wp:attachment":[{"href":"https:\/\/investnews.com.br\/inv-api\/wp\/v2\/media?parent=345036"}],"wp:term":[{"taxonomy":"category","embeddable":true,"href":"https:\/\/investnews.com.br\/inv-api\/wp\/v2\/categories?post=345036"},{"taxonomy":"post_tag","embeddable":true,"href":"https:\/\/investnews.com.br\/inv-api\/wp\/v2\/tags?post=345036"},{"taxonomy":"autor-wsj","embeddable":true,"href":"https:\/\/investnews.com.br\/inv-api\/wp\/v2\/autor-wsj?post=345036"},{"taxonomy":"author","embeddable":true,"href":"https:\/\/investnews.com.br\/inv-api\/wp\/v2\/coauthors?post=345036"}],"curies":[{"name":"wp","href":"https:\/\/api.w.org\/{rel}","templated":true}]}}