{"id":345276,"date":"2022-07-14T09:06:35","date_gmt":"2022-07-14T12:06:35","guid":{"rendered":"https:\/\/investnews.com.br\/?p=345276"},"modified":"2024-06-24T11:05:47","modified_gmt":"2024-06-24T14:05:47","slug":"morning-call-minerio-de-ferro-na-minima-de-32-semanas","status":"publish","type":"post","link":"https:\/\/investnews.com.br\/financas\/morning-call-minerio-de-ferro-na-minima-de-32-semanas\/","title":{"rendered":"Morning Call: Min\u00e9rio de ferro na m\u00ednima de 32 semanas"},"content":{"rendered":"\n<figure class=\"wp-block-embed-soundcloud wp-block-embed is-type-rich is-provider-soundcloud wp-embed-aspect-4-3 wp-has-aspect-ratio\"><div class=\"wp-block-embed__wrapper\">\nhttps:\/\/soundcloud.com\/investnews\/morning-call-14-07-22?utm_source=clipboard&#038;utm_medium=text&#038;utm_campaign=social_sharing\n<\/div><\/figure>\n\n\n\n<h2 class=\"wp-block-heading\"><strong>Mercado imobili\u00e1rio da China volta a preocupar o mercado<\/strong><\/h2>\n\n\n\n<p>O esquecido caso da <a href=\"https:\/\/investnews.com.br\/negocios\/evergrande-promete-anuncio-de-plano-de-reestruturacao-ate-final-de-julho\/\" class=\"rank-math-link\">Evergrande Group<\/a> volta a rondar o mercado Chines nesta quinta-feira (14). Nos \u00faltimos dias tem aumentado o n\u00famero de compradores amea\u00e7ando que n\u00e3o iriam pagar as hipotecas at\u00e9 que as obras de constru\u00e7\u00e3o sejam retomadas. O setor de constru\u00e7\u00e3o no pa\u00eds j\u00e1 vinha sofrendo abalos e tem quem considere que a bolha estaria pr\u00f3xima de estourar. Com isso no <a href=\"https:\/\/investnews.com.br\/guias\/como-funciona-o-mercado-financeiro\/\">mercado financeiro<\/a> local o setor de constru\u00e7\u00e3o realizou, mas com toda a preocupa\u00e7\u00e3o o setor financeiro tamb\u00e9m foi impactado com queda de -3,30%. <\/p>\n\n\n\n<p>Na Europa a sess\u00e3o come\u00e7a com a preocupa\u00e7\u00e3o sobre a sa\u00fade financeira da Italia, a bolsa do pa\u00eds realiza neste momento -2,50% e muito perto de perder a m\u00ednima da \u00faltima semana, o que levaria ao n\u00edvel de novembro de 2020. Em paralelo o receio de uma nova forte atua\u00e7\u00e3o por parte do Fed, poderia levar a economia mundial a recess\u00e3o. O lado positivo de imediato \u00e9 o alivio no pre\u00e7o das commidities que em um segundo momento tende a diminuir a press\u00e3o inflacion\u00e1ria. Nesse momento o FTSE em Londres opera em queda de -0,65%, DAX em Frankfurt -0,91% e o CAC em Paris -1,11%.<\/p>\n\n\n\n<p>Ap\u00f3s os dados de infla\u00e7\u00e3o nos Estados Unidos no preg\u00e3o de ontem (13), o mercado aumentou a precifica\u00e7\u00e3o de que o Fed poderia elevar os juros em 1 ponto percentual e em paralelo vem o receio de que a economia poderia entrar em recess\u00e3o. Lembrando que essa preocupa\u00e7\u00e3o de desacelera\u00e7\u00e3o econ\u00f4mica tem levado o petr\u00f3leo a realizar assim como o min\u00e9rio de ferro, o que mais na frente poderia diminuir a press\u00e3o inflacion\u00e1ria. Se o Fed n\u00e3o errar na dosagem e souber transmitir tranquilidade para os mercados o vi\u00e9s otimista poderia retornar. O futuro do SP500 opera neste momento em queda de -1,27%.<\/p>\n\n\n\n<h2 class=\"wp-block-heading\"><strong>PEC dos Benef\u00edcios \u00e9 aprovada na C\u00e2mara <\/strong><\/h2>\n\n\n\n<p>Hoje logo pela manh\u00e3 teremos a secret\u00e1ria de Politica Econ\u00f4mica do minist\u00e9rio da Economia divulgando suas estimativas para o Produto Interno Bruto (PIB) e para infla\u00e7\u00e3o. Logo em seguida ter\u00e1 entrevista com a participa\u00e7\u00e3o do ministro da Economia, Paulo Guedes. Ontem a noite na C\u00e2mara dos deputados a PEC dos Benef\u00edcios foi aprovada e agora falta ela ser promulgada no Congresso. Lembrando que na agenda de hoje, temos o IBC-Br do m\u00eas de mar\u00e7o que deve ser divulgado logo pela manh\u00e3. Destaque novamente para as <a href=\"https:\/\/investnews.com.br\/guias\/commodities-o-que-sao\/\">commodities<\/a> que podem impactar as a\u00e7\u00f5es da Vale e Petro, neste momento o petr\u00f3leo do tipo Brent realiza -1,76% enquanto que o min\u00e9rio de ferro est\u00e1 em queda de -7,19%<\/p>\n\n\n\n<p>Tivemos uma ter\u00e7a (12) marcada por volatilidade e o Ibovespa fechou praticamente est\u00e1vel aos 98.271 pontos. O ideal seria um fechamento acima da regi\u00e3o dos 99.500, como isso n\u00e3o foi poss\u00edvel, vamos ver se o mercado teria for\u00e7a para recuperar essa faixa no preg\u00e3o de hoje (13). Se o Ibovespa tiver for\u00e7a para uma rea\u00e7\u00e3o, a faixa que ele vai encontrar novamente press\u00e3o vendedora seria dos 99.500 e 102.200. Lembrando que para o m\u00e9dio prazo tem a possibilidade de seguir em busca dos 90 mil pontos.<\/p>\n\n\n\n<figure class=\"wp-block-image size-large\"><a href=\"https:\/\/www.tradingview.com\/x\/Ez6rIthV\/\" target=\"_blank\" rel=\"noopener\"><img decoding=\"async\" src=\"https:\/\/media.investnews.com.br\/uploads\/2022\/07\/image-38-1024x493.png\" alt=\"gr\u00e1fico do Ibovespa hoje 14-07-22 o vi\u00e9s ainda \u00e9 negativo para o curto prazo.\nFonte: tradingview\" class=\"wp-image-345379\"\/><\/a><\/figure>\n\n\n\n<h2 class=\"wp-block-heading\"><strong>Bitcoin<\/strong><\/h2>\n\n\n\n<p>Mesmo tendo encerrado alguns dias acima dos USD$20.000 a <a href=\"https:\/\/investnews.com.br\/criptonews\/gigante-de-mineracao-cripto-vende-maior-parte-de-seus-bitcoins\/\">criptomoeda<\/a> deveria ter mostrado mais for\u00e7a compradora. Qual seria o receio neste momento? A configura\u00e7\u00e3o atual dos pre\u00e7os com base no gr\u00e1fico semanal, seria de uma bandeira. Essa forma\u00e7\u00e3o \u00e9 uma pausa dos pre\u00e7os para que em seguida continue o movimento anterior, que no caso seria de queda. Com base nos volumes financeiros de compra do <a href=\"https:\/\/investnews.com.br\/guias\/bitcoin-o-que-e-como-investir\/\">Bitcoin<\/a> no passado, a regi\u00e3o que o mercado teria interesse novamente, estaria apenas em USD$14.000 e USD$10.000, fora o pre\u00e7o atual que j\u00e1 estamos por algumas semanas.<\/p>\n\n\n\n<figure class=\"wp-block-image size-large\"><a href=\"https:\/\/www.tradingview.com\/x\/BOj8kOhI\/\" target=\"_blank\" rel=\"noopener\"><img decoding=\"async\" src=\"https:\/\/media.investnews.com.br\/uploads\/2022\/07\/image-39-1024x452.png\" alt=\"gr\u00e1fico do Bitcoin hoje 14-07-22 o vi\u00e9s ainda \u00e9 negativo para o curto prazo\nFonte: tradingview\" class=\"wp-image-345442\"\/><\/a><\/figure>\n\n\n\n<h2 class=\"wp-block-heading\"><strong>CAMIL (<a href=\"https:\/\/investnews.com.br\/cotacao\/caml3f-camil-alimentos\/\" class=\"rank-math-link\">CAMIL3<\/a>)<\/strong><\/h2>\n\n\n\n<p>Trouxemos um ativo diferente nesta quinta-feira (14), ele j\u00e1 vem de uma movimenta\u00e7\u00e3o positiva e desta vez o que chama aten\u00e7\u00e3o \u00e9 a regi\u00e3o que pode segurar os pre\u00e7os. Aqui o investidor que j\u00e1 est\u00e1 posicionado no ativo deve reavaliar o quanto deve seguir alocado na a\u00e7\u00e3o. Para os agressivos a faixa de barreira para os pre\u00e7os indica que uma queda pode ocorrer no curto prazo e seria natural. Vencendo a barreira dos 11,30 com for\u00e7a abriria espa\u00e7o para outra pernada de alta.<\/p>\n\n\n\n<figure class=\"wp-block-image size-large\"><a href=\"https:\/\/www.tradingview.com\/x\/FOXG7lCN\/\" target=\"_blank\" rel=\"noopener\"><img decoding=\"async\" src=\"https:\/\/media.investnews.com.br\/uploads\/2022\/07\/image-37-1024x493.png\" alt=\"gr\u00e1fico da Camil (CAML3) hoje 14-07-22 o vi\u00e9s ainda \u00e9 de alta para o curto prazo, mas a resist\u00eancia atual \u00e9 muito forte.\nFonte: tradingview\" class=\"wp-image-345378\"\/><\/a><\/figure>\n\n\n\n<figure class=\"wp-block-table\"><table class=\"\"><tbody><tr><td>09:00<\/td><td>BRA<\/td><td>IBC-Br de mar\u00e7o <\/td><\/tr><tr><td>09:30<\/td><td>EUA<\/td><td>Pedidos Iniciais por Seguro Desemprego<\/td><\/tr><tr><td>09:30<\/td><td>EUA<\/td><td>IPP<\/td><\/tr><tr><td>12:00<\/td><td>EUA<\/td><td>Discurso de Waller membro do Fed<\/td><\/tr><tr><td>23:00<\/td><td>CHI<\/td><td>PIB<\/td><\/tr><tr><td>23:00<\/td><td>CHI<\/td><td>Produ\u00e7\u00e3o Industrial<\/td><\/tr><tr><td><\/td><td><\/td><td><\/td><\/tr><\/tbody><\/table><\/figure>\n","protected":false},"excerpt":{"rendered":"<p>Receio de uma recess\u00e3o tem levado as commodities a realizarem nas \u00faltimas semanas.<\/p>\n","protected":false},"author":27,"featured_media":342024,"comment_status":"closed","ping_status":"open","sticky":false,"template":"","format":"standard","meta":{"_acf_changed":false,"inline_featured_image":false,"footnotes":""},"categories":[4],"tags":[],"autor-wsj":[],"coauthors":[2268],"class_list":["post-345276","post","type-post","status-publish","format-standard","has-post-thumbnail","hentry","category-financas"],"acf":[],"amp_enabled":true,"_links":{"self":[{"href":"https:\/\/investnews.com.br\/inv-api\/wp\/v2\/posts\/345276","targetHints":{"allow":["GET"]}}],"collection":[{"href":"https:\/\/investnews.com.br\/inv-api\/wp\/v2\/posts"}],"about":[{"href":"https:\/\/investnews.com.br\/inv-api\/wp\/v2\/types\/post"}],"author":[{"embeddable":true,"href":"https:\/\/investnews.com.br\/inv-api\/wp\/v2\/users\/27"}],"replies":[{"embeddable":true,"href":"https:\/\/investnews.com.br\/inv-api\/wp\/v2\/comments?post=345276"}],"version-history":[{"count":4,"href":"https:\/\/investnews.com.br\/inv-api\/wp\/v2\/posts\/345276\/revisions"}],"predecessor-version":[{"id":345837,"href":"https:\/\/investnews.com.br\/inv-api\/wp\/v2\/posts\/345276\/revisions\/345837"}],"wp:featuredmedia":[{"embeddable":true,"href":"https:\/\/investnews.com.br\/inv-api\/wp\/v2\/media\/342024"}],"wp:attachment":[{"href":"https:\/\/investnews.com.br\/inv-api\/wp\/v2\/media?parent=345276"}],"wp:term":[{"taxonomy":"category","embeddable":true,"href":"https:\/\/investnews.com.br\/inv-api\/wp\/v2\/categories?post=345276"},{"taxonomy":"post_tag","embeddable":true,"href":"https:\/\/investnews.com.br\/inv-api\/wp\/v2\/tags?post=345276"},{"taxonomy":"autor-wsj","embeddable":true,"href":"https:\/\/investnews.com.br\/inv-api\/wp\/v2\/autor-wsj?post=345276"},{"taxonomy":"author","embeddable":true,"href":"https:\/\/investnews.com.br\/inv-api\/wp\/v2\/coauthors?post=345276"}],"curies":[{"name":"wp","href":"https:\/\/api.w.org\/{rel}","templated":true}]}}