{"id":345418,"date":"2022-07-14T08:03:55","date_gmt":"2022-07-14T11:03:55","guid":{"rendered":"https:\/\/investnews.com.br\/?p=345418"},"modified":"2025-09-05T14:01:58","modified_gmt":"2025-09-05T17:01:58","slug":"5-fatos-para-hoje-aumento-nas-passagens-aereas-chile-eleva-taxa-de-juros","status":"publish","type":"post","link":"https:\/\/investnews.com.br\/economia\/5-fatos-para-hoje-aumento-nas-passagens-aereas-chile-eleva-taxa-de-juros\/","title":{"rendered":"5 fatos para hoje: passagens a\u00e9reas seguem aumentando; Chile eleva taxa de juros"},"content":{"rendered":"\n<h2 class=\"wp-block-heading\">1 &#8211; &#8216;Viagem a\u00e9rea pode virar luxo se n\u00e3o atacarmos custos&#8217;, diz CEO da Azul<\/h2>\n\n\n\n<p>Enquanto a deteriora\u00e7\u00e3o do cen\u00e1rio econ\u00f4mico sinaliza que o brasileiro ter\u00e1 cada vez mais dificuldades pela frente, os <a href=\"https:\/\/investnews.com.br\/economia\/mais-carro-menos-aviao-viagens-2021\/\" class=\"rank-math-link\">pre\u00e7os das passagens seguem aumentando<\/a>. Segundo o CEO da Azul, <strong>John Rodgerson<\/strong>, as tarifas v\u00e3o continuar subindo em meio \u00e0 escalada do petr\u00f3leo. Em sua vis\u00e3o, os elevados custos estruturais do Brasil precisam ser resolvidos para que as viagens a\u00e9reas n\u00e3o fiquem ainda mais restritas no pa\u00eds.<\/p>\n\n\n\n<p>Segundo levantamento da <strong>Associa\u00e7\u00e3o Brasileira das Empresas A\u00e9reas<\/strong> (Abear), o <a href=\"https:\/\/investnews.com.br\/geral\/5-fatos-para-hoje-estreia-da-tecnologia-5g\/\" class=\"rank-math-link\">pre\u00e7o do querosene de avia\u00e7\u00e3o<\/a> acumula alta de 71% at\u00e9 1\u00ba de julho. No consolidado de 2021, o aumento acumulado foi de 92%. &#8220;Se o combust\u00edvel est\u00e1 subindo e o d\u00f3lar valorizando, a passagem vai ter de subir para a receita cobrir os custos. Mas n\u00e3o acredito que essa situa\u00e7\u00e3o vai continuar assim, n\u00e3o vejo a guerra (na Ucr\u00e2nia) durando para sempre&#8221;, disse Rodgerson, que ainda citou custos locais, como o <a href=\"https:\/\/investnews.com.br\/economia\/pelo-menos-20-estados-anunciaram-a-reducao-do-icms-sobre-combustiveis\/\" class=\"rank-math-link\">ICMS sobre os combust\u00edveis<\/a> e o <strong>PIS\/Cofins<\/strong>. O executivo destaca tamb\u00e9m que as companhias est\u00e3o elevando os pre\u00e7os para &#8220;sobreviver&#8221;. &#8220;Ficamos praticamente oito meses sem receita por causa da pandemia.&#8221;<\/p>\n\n\n\n<p>Atualmente, a ocupa\u00e7\u00e3o m\u00e9dia das aeronaves da Azul \u00e9 de 80%, diz Rodgerson. &#8220;Temos 30% mais oferta de voos do que no pr\u00e9-pandemia e mesmo assim as tarifas est\u00e3o mais caras. Imagine se n\u00e3o tiv\u00e9ssemos colocado mais voos no mercado, os pre\u00e7os seriam absurdos.&#8221; O pre\u00e7o m\u00e9dio da passagem dom\u00e9stica est\u00e1 em tend\u00eancia de alta e j\u00e1 acumula avan\u00e7o de 21% nos quatro primeiros meses deste ano, em rela\u00e7\u00e3o ao patamar de 2019, segundo dados da <strong>Ag\u00eancia Nacional de Avia\u00e7\u00e3o Civil<\/strong> (<a href=\"https:\/\/investnews.com.br\/tag\/anac\/\" class=\"rank-math-link\">Anac<\/a>).<\/p>\n\n\n\n<p>Para ele, o Brasil precisa se alinhar \u00e0s pr\u00e1ticas internacionais do setor, como no caso da discuss\u00e3o sobre cobran\u00e7a de franquia de bagagem. &#8220;Quando a franquia \u00e9 obrigat\u00f3ria, isso demanda um enorme contingente de funcion\u00e1rios, gerando custos adicionais, o que vai acabar encarecendo as tarifas&#8221;, esclarece.<\/p>\n\n\n\n<p>Em ano de elei\u00e7\u00f5es &#8211; que tornam o mercado ainda mais vol\u00e1til -, o executivo afirma que a companhia continuar\u00e1 investindo para se manter competitiva. &#8220;N\u00e3o controlo o que acontece em Bras\u00edlia. O que podemos controlar est\u00e1 dentro da empresa, investimos em novas tecnologias e renova\u00e7\u00e3o da frota, que ser\u00e1 muito mais econ\u00f4mica. Temos de ser mais eficientes, todo mundo est\u00e1 focado nisso.&#8221;<\/p>\n\n\n\n<h2 class=\"wp-block-heading\">2 &#8211; Banco Central do Chile eleva taxa de juros de 9% para 9,75%<\/h2>\n\n\n\n<p>O <strong>Banco Central do Chile<\/strong> elevou sua taxa b\u00e1sica de juros em <strong>0,75 ponto porcentua<\/strong>l, de 9,00% para 9,75% ao ano, informou a institui\u00e7\u00e3o. \u00c9 o <strong>maior n\u00edvel em 24 anos<\/strong>. A decis\u00e3o foi un\u00e2nime entre os membros do Conselho, que observaram que, para que a infla\u00e7\u00e3o ca\u00eda para a meta de 3% em at\u00e9 dois anos, ser\u00e3o necess\u00e1rios ajustes adicionais nos juros b\u00e1sicos. Na \u00faltima decis\u00e3o, um aumento de 75 pontos base j\u00e1 havia sido efetuado.<\/p>\n\n\n\n<p>Em comunicado, o BC chileno destaca que a <strong>infla\u00e7\u00e3o global<\/strong> continuou a subir e os bancos centrais continuaram a aumentar as taxas de refer\u00eancia, ou sinalizam um aumento mais r\u00e1pido.<\/p>\n\n\n\n<p>&#8220;O Federal Reserve (Fed) se destaca, surpreendendo com um aumento acima do esperado e anunciou que as altas continuar\u00e3o at\u00e9 que a infla\u00e7\u00e3o seja controlada&#8221;, diz o documento. &#8220;As condi\u00e7\u00f5es financeiras ficaram mais apertadas tanto para as economias desenvolvidas quanto para as emergentes, com destaque para as quedas nos mercados de a\u00e7\u00f5es e uma valoriza\u00e7\u00e3o global do d\u00f3lar&#8221;, avalia a autoridade.<\/p>\n\n\n\n<p>&#8220;As expectativas de crescimento mundial se deterioraram. Por sua vez, os pre\u00e7os das <a href=\"https:\/\/investnews.com.br\/guias\/commodities-o-que-sao\/\">commodities<\/a> ca\u00edram mais do que o esperado, em grande parte devido aos temores de uma recess\u00e3o global. Destaca-se a queda dos pre\u00e7os dos alimentos, onde tamb\u00e9m foram acrescentadas algumas not\u00edcias favor\u00e1veis do lado da oferta&#8221;, afirma o banco central.<\/p>\n\n\n\n<p>O Conselho de Dirigentes garantiu que se manter\u00e1 atento \u00e0 evolu\u00e7\u00e3o da <a href=\"https:\/\/investnews.com.br\/tag\/inflacao\/\" class=\"rank-math-link\">infla\u00e7\u00e3o<\/a> e suas determinantes. A pr\u00f3xima reuni\u00e3o est\u00e1 marcada para o dia 6 de setembro.<\/p>\n\n\n\n<h2 class=\"wp-block-heading\">3 &#8211; Comit\u00ea analisa nomes para conselho de administra\u00e7\u00e3o da Petrobras<\/h2>\n\n\n\n<p><strong>Comit\u00ea de Elegibilidade<\/strong> (Celeg) da <strong>Petrobras<\/strong>&nbsp;(<a rel=\"noreferrer noopener\" href=\"https:\/\/investnews.com.br\/cotacao\/petr3f-petroleo-brasileiro-petrobras\/\" target=\"_blank\">PETR3<\/a>,&nbsp;<a rel=\"noreferrer noopener\" href=\"https:\/\/investnews.com.br\/cotacao\/petr4f-petroleo-brasileiro-petrobras\/\" target=\"_blank\">PETR4<\/a>) retomou nesta quarta-feira (13) a reuni\u00e3o, iniciada na semana passada (7), para finalizar as an\u00e1lises dos candidatos para o <strong>Conselho de Administra\u00e7\u00e3o<\/strong>, indicados pelo <a href=\"https:\/\/investnews.com.br\/guias\/acionista-o-que-e-e-como-funciona\/\">acionista<\/a> controlador da estatal, que \u00e9 o governo federal.<\/p>\n\n\n\n<p>As indica\u00e7\u00f5es ser\u00e3o apreciadas em reuni\u00e3o extraordin\u00e1ria do Conselho de Administra\u00e7\u00e3o, na segunda-feira (18), que tamb\u00e9m vai deliberar sobre a convoca\u00e7\u00e3o da <strong>Assembleia Geral Extraordin\u00e1ria<\/strong>, onde ser\u00e3o escolhidos os novos conselheiros.<\/p>\n\n\n\n<p>Foram analisados os nomes de Gileno Gurj\u00e3o Barreto (indicado como presidente do Conselho de Administra\u00e7\u00e3o); Edison Ant\u00f4nio Costa Britto Garcia; I\u00eada Aparecida de Moura Cagni; J\u00f4nathas Assun\u00e7\u00e3o Salvador Nery de Castro; Ricardo Soriano de Alencar; al\u00e9m de M\u00e1rcio Andrade Weber (atual presidente do Conselho); e Ruy Flaks Schneider, atual conselheiro da companhia.<\/p>\n\n\n\n<p>Da lista fazem parte tamb\u00e9m os nomes dos indicados pelos acionistas minorit\u00e1rios, Jos\u00e9 Jo\u00e3o Abdalla Filho e Marcelo Gasparino da Silva, com base nas regras de governan\u00e7a da companhia e legisla\u00e7\u00e3o aplic\u00e1vel.<\/p>\n\n\n\n<p>Os detalhes da manifesta\u00e7\u00e3o do Comit\u00ea de Elegibilidade poder\u00e3o ser encontrados na \u00edntegra da ata da reuni\u00e3o, que ficar\u00e1 dispon\u00edvel para consulta em at\u00e9 7 dias \u00fateis no site Rela\u00e7\u00f5es com Investidores da Petrobras.<\/p>\n\n\n\n<h2 class=\"wp-block-heading\">4 &#8211; FMI cortar\u00e1 previs\u00e3o de PIB global com \u20182023 ainda mais dif\u00edcil\u2019<\/h2>\n\n\n\n<p>O <a href=\"https:\/\/investnews.com.br\/tag\/fmi\/\" class=\"rank-math-link\">Fundo Monet\u00e1rio Internacional<\/a> cortar\u00e1 novamente a previs\u00e3o de <strong>crescimento econ\u00f4mico global <\/strong>em meio \u00e0s repercuss\u00f5es da invas\u00e3o da Ucr\u00e2nia pela R\u00fassia, paralisa\u00e7\u00f5es relacionadas \u00e0 pandemia na China e infla\u00e7\u00e3o mais alta.<\/p>\n\n\n\n<p>As perspectivas para este ano e o pr\u00f3ximo ser\u00e3o rebaixadas no final deste m\u00eas, quando o FMI divulgar uma atualiza\u00e7\u00e3o do relat\u00f3rio<strong> World Economic Outlook<\/strong>, disse a chefe da institui\u00e7\u00e3o, <strong>Kristalina Georgieva<\/strong>, em um post de blog publicado na quarta-feira (13), sem fornecer n\u00fameros espec\u00edficos.<\/p>\n\n\n\n<p>\u201cAs perspectivas permanecem extremamente incertas\u201d, disse ela. \u201cSer\u00e1 um 2022 dif\u00edcil \u2013 e possivelmente um 2023 ainda mais dif\u00edcil, com maior risco de recess\u00e3o.\u201d<\/p>\n\n\n\n<p>A recupera\u00e7\u00e3o global da pandemia foi comprometida pelo aumento dos pre\u00e7os das commodities ap\u00f3s a guerra na Ucr\u00e2nia e uma desacelera\u00e7\u00e3o na China em meio a restri\u00e7\u00f5es contra o v\u00edrus. A infla\u00e7\u00e3o mais forte tamb\u00e9m est\u00e1 for\u00e7ando os formuladores de pol\u00edtica monet\u00e1ria a aumentar juros, medidas que arriscam levar as economias a recess\u00f5es.<\/p>\n\n\n\n<p>O alerta do FMI segue um rebaixamento em abril para a <strong>expans\u00e3o globa<\/strong>l este ano, de <strong>4,4% para 3,6%,<\/strong> ap\u00f3s a guerra na Ucr\u00e2nia. <\/p>\n\n\n\n<p>\u201cA perspectiva econ\u00f4mica global piorou consideravelmente, enquanto a infla\u00e7\u00e3o permanece alta\u201d, disse o FMI em nota, acrescentando que os indicadores recentes apontam para um segundo trimestre \u201cmuito fraco\u201d.<\/p>\n\n\n\n<p>Georgieva esta semana tamb\u00e9m alertou que h\u00e1 uma crise de d\u00edvida global em forma\u00e7\u00e3o \u00e0 medida que os bancos centrais elevam juros para conter a infla\u00e7\u00e3o, aumentando os custos de servi\u00e7o da d\u00edvida para na\u00e7\u00f5es vulner\u00e1veis.<\/p>\n\n\n\n<p>Separadamente na ter\u00e7a-feira (12), o FMI rebaixou sua previs\u00e3o para o PIB dos EUA neste ano e no pr\u00f3ximo, alertando que um aumento na infla\u00e7\u00e3o representa \u201criscos sist\u00eamicos\u201d tanto para o pa\u00eds quanto para a economia global.<\/p>\n\n\n\n<h2 class=\"wp-block-heading\">5 &#8211; Pre\u00e7os do petr\u00f3leo sobem apesar de aumento dos estoques e alto \u00edndice de infla\u00e7\u00e3o nos EUA<\/h2>\n\n\n\n<p>Os pre\u00e7os do petr\u00f3leo subiram modestamente nesta quarta-feira (14), mesmo depois que os estoques de petr\u00f3leo dos Estados Unidos aumentaram e depois que os n\u00fameros da<a href=\"https:\/\/investnews.com.br\/economia\/inflacao-nos-estados-unidos-sobe-13-em-junho-acima-do-esperado\/\" class=\"rank-math-link\"> infla\u00e7\u00e3o norte-americana<\/a> refor\u00e7aram o caso de outro grande <a href=\"https:\/\/investnews.com.br\/economia\/juros-precisam-subir-e-nao-vejo-recessao-diz-fed\/\" class=\"rank-math-link\">aumento da taxa de juros<\/a> pelo <strong>Federal Reserve<\/strong> (FED).<\/p>\n\n\n\n<p>O petr\u00f3leo Brent fechou em alta de 8 centavos, a 99,57 d\u00f3lares o barril, enquanto o petr\u00f3leo bruto WTI, dos EUA,, ganhou 46 centavos, a 96,30 d\u00f3lares por barril.<\/p>\n\n\n\n<p>O \u00edndice de refer\u00eancia global Brent caiu acentuadamente desde que atingiu 139 d\u00f3lares em mar\u00e7o, o que estava pr\u00f3ximo da alta hist\u00f3rica de 2008, j\u00e1 que os investidores t\u00eam vendido petr\u00f3leo ultimamente com preocupa\u00e7\u00f5es de que aumentos agressivos das taxas para conter a infla\u00e7\u00e3o desacelerar\u00e3o o crescimento econ\u00f4mico e afetar\u00e3o a demanda por petr\u00f3leo.<\/p>\n\n\n\n<p>Na ter\u00e7a-feira (12), os pre\u00e7os ca\u00edram mais de 7% em negocia\u00e7\u00f5es vol\u00e1teis para ficar abaixo de 100 d\u00f3lares pela primeira vez desde abril, e est\u00e3o em uma condi\u00e7\u00e3o de sobrevenda com base no indicador de for\u00e7a relativa, uma medida do sentimento do mercado.<\/p>\n\n\n\n<p>\u201cEu n\u00e3o diria que essa tend\u00eancia de alta ainda acabou\u201d, disse Thomas Saal, vice-presidente s\u00eanior da StoneX Financial. &#8220;Os n\u00edveis de estoque ainda est\u00e3o muito baixos em todo o mundo, e isso tem sido um grande fator neste rali&#8221;.<\/p>\n\n\n\n<p>Os estoques de petr\u00f3leo dos EUA, no entanto, subiram mais do que o esperado, em uma leve pausa do aperto nos mercados. Os estoques de <strong>petr\u00f3leo comercial dos EUA subiram 3,3 milh\u00f5es de barris<\/strong>, mostraram dados do governo, contra as expectativas de uma queda modesta nos estoques.<\/p>\n\n\n\n<p>Os pre\u00e7os ao consumidor nos EUA aceleraram para 9,1% em junho, com os custos da gasolina e dos alimentos permanecendo elevados, consolidando o argumento para o Federal Reserve aumentar as taxas de juros em 75 pontos base no final deste m\u00eas.<\/p>\n\n\n\n<p>A renova\u00e7\u00e3o das restri\u00e7\u00f5es em fun\u00e7\u00e3o da Covid-19 na China tamb\u00e9m pesaram no mercado, j\u00e1 que as importa\u00e7\u00f5es chinesas de petr\u00f3leo ca\u00edram para o menor n\u00edvel em quatro anos em junho.<br><\/p>\n","protected":false},"excerpt":{"rendered":"<p>CEO da Azul, John Rodgerson, diz que viagem a\u00e9rea pode virar luxo.<\/p>\n","protected":false},"author":7,"featured_media":267613,"comment_status":"closed","ping_status":"closed","sticky":false,"template":"","format":"standard","meta":{"_acf_changed":false,"inline_featured_image":false,"footnotes":""},"categories":[5],"tags":[110574,808,52,21,221,1155,1616],"autor-wsj":[],"coauthors":[1494],"class_list":["post-345418","post","type-post","status-publish","format-standard","has-post-thumbnail","hentry","category-economia","tag-anac","tag-brent","tag-inflacao","tag-petrobras","tag-petroleo","tag-setor-aereo","tag-taxa-de-juros"],"acf":[],"amp_enabled":true,"_links":{"self":[{"href":"https:\/\/investnews.com.br\/inv-api\/wp\/v2\/posts\/345418","targetHints":{"allow":["GET"]}}],"collection":[{"href":"https:\/\/investnews.com.br\/inv-api\/wp\/v2\/posts"}],"about":[{"href":"https:\/\/investnews.com.br\/inv-api\/wp\/v2\/types\/post"}],"author":[{"embeddable":true,"href":"https:\/\/investnews.com.br\/inv-api\/wp\/v2\/users\/7"}],"replies":[{"embeddable":true,"href":"https:\/\/investnews.com.br\/inv-api\/wp\/v2\/comments?post=345418"}],"version-history":[{"count":6,"href":"https:\/\/investnews.com.br\/inv-api\/wp\/v2\/posts\/345418\/revisions"}],"predecessor-version":[{"id":345565,"href":"https:\/\/investnews.com.br\/inv-api\/wp\/v2\/posts\/345418\/revisions\/345565"}],"wp:featuredmedia":[{"embeddable":true,"href":"https:\/\/investnews.com.br\/inv-api\/wp\/v2\/media\/267613"}],"wp:attachment":[{"href":"https:\/\/investnews.com.br\/inv-api\/wp\/v2\/media?parent=345418"}],"wp:term":[{"taxonomy":"category","embeddable":true,"href":"https:\/\/investnews.com.br\/inv-api\/wp\/v2\/categories?post=345418"},{"taxonomy":"post_tag","embeddable":true,"href":"https:\/\/investnews.com.br\/inv-api\/wp\/v2\/tags?post=345418"},{"taxonomy":"autor-wsj","embeddable":true,"href":"https:\/\/investnews.com.br\/inv-api\/wp\/v2\/autor-wsj?post=345418"},{"taxonomy":"author","embeddable":true,"href":"https:\/\/investnews.com.br\/inv-api\/wp\/v2\/coauthors?post=345418"}],"curies":[{"name":"wp","href":"https:\/\/api.w.org\/{rel}","templated":true}]}}