{"id":345425,"date":"2022-07-14T08:26:52","date_gmt":"2022-07-14T11:26:52","guid":{"rendered":"https:\/\/investnews.com.br\/?p=345425"},"modified":"2022-07-18T15:11:20","modified_gmt":"2022-07-18T18:11:20","slug":"ue-corta-projecoes-de-crescimento-da-zona-do-euro-e-revisa-inflacao-para-cima","status":"publish","type":"post","link":"https:\/\/investnews.com.br\/economia\/ue-corta-projecoes-de-crescimento-da-zona-do-euro-e-revisa-inflacao-para-cima\/","title":{"rendered":"UE corta proje\u00e7\u00f5es de crescimento da zona do euro e revisa infla\u00e7\u00e3o para cima"},"content":{"rendered":"\n<p>A Comiss\u00e3o Europeia cortou suas previs\u00f5es para o crescimento econ\u00f4mico da zona do euro neste ano e no pr\u00f3ximo e elevou suas estimativas de infla\u00e7\u00e3o nesta quinta-feira (14), em grande parte devido ao impacto da guerra na Ucr\u00e2nia.<\/p>\n\n\n\n<p>Em suas previs\u00f5es trimestrais, Bruxelas confirmou a perspectiva mais pessimista, que j\u00e1 havia discutido com os ministros das Finan\u00e7as da zona do euro na segunda-feira.<\/p>\n\n\n\n<p>O bra\u00e7o executivo da Uni\u00e3o Europeia (UE) agora <strong>prev\u00ea um crescimento de 2,6% neste ano para o bloco monet\u00e1rio de 19 pa\u00edses<\/strong>, <strong>um pouco abaixo da taxa de 2,7% que havia previsto em maio.<\/strong><\/p>\n\n\n\n<p>Mas, <strong>no pr\u00f3ximo ano<\/strong>, quando o impacto da guerra na Ucr\u00e2nia e dos pre\u00e7os mais altos da energia pode ser sentido de forma ainda mais aguda, <strong>o crescimento deve ser de 1,4%, contra taxa de 2,3% estimada anteriormente.<\/strong><\/p>\n\n\n\n<p>&#8220;Uma tempestade \u00e9 poss\u00edvel, mas n\u00e3o estamos l\u00e1 no momento&#8221;, disse o comiss\u00e1rio de economia da UE, Paolo Gentiloni, observando que a queda do euro para a paridade em rela\u00e7\u00e3o ao d\u00f3lar \u00e9 uma grande preocupa\u00e7\u00e3o, principalmente para as economias em desenvolvimento, mais do que para a zona do euro, porque o euro estava se valorizando em rela\u00e7\u00e3o a outras moedas importantes.<\/p>\n\n\n\n<p>Para os 27 pa\u00edses da Uni\u00e3o Europeia, a previs\u00e3o de crescimento permaneceu em 2,7% para este ano, mas foi revisada a 1,5% para 2023, de 2,3% antes.<\/p>\n\n\n\n<p>Em uma grande mudan\u00e7a, a Comiss\u00e3o tamb\u00e9m elevou suas estimativas para a infla\u00e7\u00e3o da zona do euro, que neste ano deve atingir um pico de 7,6% antes de arrefecer para 4,0% em 2023.<\/p>\n\n\n\n<p>Em maio, a Comiss\u00e3o previa que os pre\u00e7os na zona do euro subiriam 6,1% neste ano e 2,7% em 2023.<\/p>\n\n\n\n<p>Bruxelas alertou que a infla\u00e7\u00e3o pode subir ainda mais se os pre\u00e7os do g\u00e1s dispararem devido a um corte de oferta da R\u00fassia, o que poderia levar a uma nova revis\u00e3o para baixo no crescimento.<\/p>\n\n\n\n<p>Apesar dos riscos elevados, a Comiss\u00e3o destacou que n\u00e3o espera que a zona do euro caia em recess\u00e3o, e que as previs\u00f5es tamb\u00e9m podem melhorar se as recentes baixas nos pre\u00e7os do petr\u00f3leo e das mat\u00e9rias-primas continuarem.<\/p>\n\n\n\n<p>O crescimento da Alemanha, a maior economia da UE, deve desacelerar para 1,4% neste ano e 1,3% em 2023. A Comiss\u00e3o previa em maio expans\u00f5es de 1,6% e 2,4%, respectivamente.<\/p>\n\n\n\n<p>A Fran\u00e7a deve crescer 2,4% neste ano, em vez dos 3,1% previstos anteriormente. No ano que vem, a expans\u00e3o provavelmente desacelerar\u00e1 ainda mais, para 1,4%, contra taxa de 1,8% prevista em maio.<\/p>\n\n\n\n<p>Entre as tr\u00eas maiores economias do bloco, a It\u00e1lia \u00e9 a \u00fanica cujo crescimento deste ano foi revisado para cima, a 2,9%, em vez dos 2,4% estimados em maio. No entanto, espera-se que o pa\u00eds experimente uma desacelera\u00e7\u00e3o acentuada em 2023, quando deve avan\u00e7ar apenas 0,9%, menor taxa da zona do euro e abaixo da previs\u00e3o anterior de 1,9%.<\/p>\n","protected":false},"excerpt":{"rendered":"<p>Impacto da guerra na Ucr\u00e2nia \u00e9 um dos principais motivos para eleva\u00e7\u00e3o da estimativa da infla\u00e7\u00e3o em 2022 e 2023.<\/p>\n","protected":false},"author":61,"featured_media":345426,"comment_status":"closed","ping_status":"open","sticky":false,"template":"","format":"standard","meta":{"_acf_changed":false,"inline_featured_image":false,"footnotes":""},"categories":[5],"tags":[227,52,974,504],"autor-wsj":[],"coauthors":[2494],"class_list":["post-345425","post","type-post","status-publish","format-standard","has-post-thumbnail","hentry","category-economia","tag-europa","tag-inflacao","tag-russia","tag-uniao-europeia"],"acf":[],"amp_enabled":true,"_links":{"self":[{"href":"https:\/\/investnews.com.br\/inv-api\/wp\/v2\/posts\/345425","targetHints":{"allow":["GET"]}}],"collection":[{"href":"https:\/\/investnews.com.br\/inv-api\/wp\/v2\/posts"}],"about":[{"href":"https:\/\/investnews.com.br\/inv-api\/wp\/v2\/types\/post"}],"author":[{"embeddable":true,"href":"https:\/\/investnews.com.br\/inv-api\/wp\/v2\/users\/61"}],"replies":[{"embeddable":true,"href":"https:\/\/investnews.com.br\/inv-api\/wp\/v2\/comments?post=345425"}],"version-history":[{"count":3,"href":"https:\/\/investnews.com.br\/inv-api\/wp\/v2\/posts\/345425\/revisions"}],"predecessor-version":[{"id":346579,"href":"https:\/\/investnews.com.br\/inv-api\/wp\/v2\/posts\/345425\/revisions\/346579"}],"wp:featuredmedia":[{"embeddable":true,"href":"https:\/\/investnews.com.br\/inv-api\/wp\/v2\/media\/345426"}],"wp:attachment":[{"href":"https:\/\/investnews.com.br\/inv-api\/wp\/v2\/media?parent=345425"}],"wp:term":[{"taxonomy":"category","embeddable":true,"href":"https:\/\/investnews.com.br\/inv-api\/wp\/v2\/categories?post=345425"},{"taxonomy":"post_tag","embeddable":true,"href":"https:\/\/investnews.com.br\/inv-api\/wp\/v2\/tags?post=345425"},{"taxonomy":"autor-wsj","embeddable":true,"href":"https:\/\/investnews.com.br\/inv-api\/wp\/v2\/autor-wsj?post=345425"},{"taxonomy":"author","embeddable":true,"href":"https:\/\/investnews.com.br\/inv-api\/wp\/v2\/coauthors?post=345425"}],"curies":[{"name":"wp","href":"https:\/\/api.w.org\/{rel}","templated":true}]}}