{"id":345896,"date":"2022-07-15T08:17:18","date_gmt":"2022-07-15T11:17:18","guid":{"rendered":"https:\/\/investnews.com.br\/?p=345896"},"modified":"2024-06-26T11:27:50","modified_gmt":"2024-06-26T14:27:50","slug":"5-fatos-para-hoje-economia-da-china-tem-desaceleracao","status":"publish","type":"post","link":"https:\/\/investnews.com.br\/economia\/5-fatos-para-hoje-economia-da-china-tem-desaceleracao\/","title":{"rendered":"5 fatos para hoje: economia da China desacelera; embarques da Rio Tinto crescem"},"content":{"rendered":"\n<h2 class=\"wp-block-heading\">1 &#8211; Economia da China tem forte desacelera\u00e7\u00e3o no 2\u00ba trimestre em meio a riscos globais<\/h2>\n\n\n\n<p>O crescimento econ\u00f4mico da China desacelerou acentuadamente no segundo trimestre, destacando o colossal impacto sobre a atividade de <a href=\"https:\/\/investnews.com.br\/geral\/china-decreta-lockdown-em-duas-regioes-com-17-milhao-de-habitantes\/\" class=\"rank-math-link\">lockdowns generalizados contra a Covid-19<\/a> e apontando para uma press\u00e3o persistente nos pr\u00f3ximos meses diante de um cen\u00e1rio global cada vez mais sombrio.<\/p>\n\n\n\n<p>Os dados desta sexta-feira (15) aumentam os temores de uma <a href=\"https:\/\/investnews.com.br\/tag\/recessao-mundial\/\" class=\"rank-math-link\">recess\u00e3o global<\/a>, \u00e0 medida que as <strong>autoridades aumentam as taxas de juros para conter a infla\u00e7\u00e3o<\/strong>, ampliando as dificuldades dos consumidores e das empresas em todo o mundo ao mesmo tempo em que enfrentam os desafios da guerra da Ucr\u00e2nia e dos problemas nas cadeias de abastecimento.<\/p>\n\n\n\n<p>O Produto Interno Bruto <strong>cresceu apenas 0,4% entre abril e junho<\/strong> em rela\u00e7\u00e3o ao ano anterior, mostraram dados oficiais mostrados nesta sexta-feira. Esse foi o pior desempenho para a segunda maior economia do mundo desde que a s\u00e9rie de dados come\u00e7ou em 1992, excluindo uma contra\u00e7\u00e3o de 6,9% no primeiro trimestre de 2020 devido ao choque inicial da Covid.<\/p>\n\n\n\n<p>Tamb\u00e9m ficou abaixo da expectativa de avan\u00e7o de 1,0% em uma pesquisa da Reuters e marcou uma forte desacelera\u00e7\u00e3o em rela\u00e7\u00e3o ao crescimento de 4,8% no primeiro trimestre.<\/p>\n\n\n\n<p>Na compara\u00e7\u00e3o trimestral, o <strong>PIB caiu 2,6% no segundo trimestre<\/strong> em rela\u00e7\u00e3o ao per\u00edodo anterior, contra expectativa de decl\u00ednio de 1,5% e alta revisada de 1,4% no trimestre anterior.<\/p>\n\n\n\n<p>&#8220;A economia da China tem estado \u00e0 beira de cair na estagfla\u00e7\u00e3o, embora o pior j\u00e1 tenha passado no per\u00edodo de maio a junho. Pode-se descartar a possibilidade de uma recess\u00e3o, ou dois trimestres seguidos de contra\u00e7\u00e3o&#8221;, disse <strong>Toru Nishihama<\/strong>, economista-chefe do <strong>Instituto de Pesquisa Dai-ichi Life<\/strong>.<\/p>\n\n\n\n<p>&#8220;Dado o crescimento fraco, \u00e9 prov\u00e1vel que o governo da China implemente medidas de est\u00edmulo econ\u00f4mico a partir de agora para reverter o desempenho fraco, mas os obst\u00e1culos s\u00e3o grandes para que o Banco do Povo da China reduza ainda mais as taxas de juros, uma vez que alimentaria uma infla\u00e7\u00e3o que tem sido mantida relativamente baixa no momento.&#8221;<\/p>\n\n\n\n<p>Em mar\u00e7o e abril foram adotados lockdowns totais ou parciais nos principais centros em todo o pa\u00eds, incluindo a capital comercial Xangai, que teve uma contra\u00e7\u00e3o anual de 13,7% do PIB no segundo trimestre. A produ\u00e7\u00e3o na capital Pequim diminuiu 2,9% em rela\u00e7\u00e3o ao mesmo trimestre do ano anterior.<\/p>\n\n\n\n<p>Embora muitas dessas restri\u00e7\u00f5es tenham sido levantadas desde ent\u00e3o, e os dados de junho mostrem sinais de melhora, analistas n\u00e3o esperam uma r\u00e1pida recupera\u00e7\u00e3o econ\u00f4mica. A China est\u00e1 se mantendo fiel \u00e0 sua pol\u00edtica dura de Covid zero em meio a novos surtos, o mercado imobili\u00e1rio do pa\u00eds est\u00e1 em profunda recess\u00e3o e as perspectivas globais est\u00e3o piorando.<\/p>\n\n\n\n<p>A imposi\u00e7\u00e3o de novos lockdowns em algumas cidades e a chegada da variante altamente contagiosa BA.5 aumentaram as preocupa\u00e7\u00f5es entre as empresas e os consumidores sobre um per\u00edodo prolongado de incerteza. No primeiro semestre do ano, o PIB cresceu 2,5% em rela\u00e7\u00e3o ao ano anterior.<\/p>\n\n\n\n<h2 class=\"wp-block-heading\">2 &#8211; Embarques de min\u00e9rio de ferro da Rio Tinto crescem quase 5% no 2\u00ba trimestre<\/h2>\n\n\n\n<p>A <strong>Rio Tinto<\/strong> (<a href=\"https:\/\/investnews.com.br\/cotacao\/riot34-rio-tinto-plc\/\" class=\"rank-math-link\">RIOT34<\/a>) reportou nesta quinta-feira (14) um <strong>salto de 4,7% nos embarques de min\u00e9rio de ferro<\/strong> do segundo trimestre, uma vez que as entregas de seu principal projeto Gudai-Darri na regi\u00e3o de Pilbara, na Austr\u00e1lia, compensaram as condi\u00e7\u00f5es clim\u00e1ticas adversas e problemas de escassez de m\u00e3o de obra.<\/p>\n\n\n\n<p>A maior produtora de min\u00e9rio de ferro do mundo <strong>embarcou 79,9 milh\u00f5es de toneladas da commodity sider\u00fargica<\/strong> nos tr\u00eas meses at\u00e9 30 de junho, em compara\u00e7\u00e3o com 76,3 milh\u00f5es de toneladas um ano antes. O desempenho ficou um pouco abaixo de uma estimativa do RBC de 80,2 milh\u00f5es de toneladas e da UBS, de 80 milh\u00f5es.<\/p>\n\n\n\n<p>A Rio Tinto manteve seu guidance de embarque de <a href=\"https:\/\/investnews.com.br\/tag\/minerio-de-ferro\/\" class=\"rank-math-link\">min\u00e9rio de ferro<\/a> para o ano completo inalterado, entre 320 milh\u00f5es e 335 milh\u00f5es de toneladas, pois espera que sua rec\u00e9m-inaugurada <strong>mina Gudai-Darri<\/strong> continue a aumentar a produ\u00e7\u00e3o e atingir a capacidade total at\u00e9 2023.<\/p>\n\n\n\n<p>&#8220;\u00c0 medida que a Gudai-Darri continua a crescer, esperamos um aumento nos volumes de produ\u00e7\u00e3o e um melhor mix de produtos no segundo semestre&#8221;, disse a Rio em comunicado.<\/p>\n\n\n\n<p>Os resultados v\u00eam \u00e0 medida que a Rio enfrenta press\u00f5es inflacion\u00e1rias e o risco de uma demanda mais fraca por min\u00e9rio de ferro da China, o maior consumidor. As tentativas do pa\u00eds de equilibrar sua estrat\u00e9gia de zero Covid e o crescimento econ\u00f4mico est\u00e3o pesando nos pre\u00e7os do min\u00e9rio de ferro.<\/p>\n\n\n\n<p>A companhia enfrenta escassez de m\u00e3o de obra na Austr\u00e1lia Ocidental, rica em recursos naturais, e alertou que o aumento da infla\u00e7\u00e3o afetaria seus ganhos subjacentes no segundo semestre.<\/p>\n\n\n\n<h2 class=\"wp-block-heading\">3 &#8211; Caf\u00e9 cai abaixo de US$ 2 com acelera\u00e7\u00e3o da colheita no Brasil<\/h2>\n\n\n\n<p>O caf\u00e9 ar\u00e1bica despencou em Nova York com a acelera\u00e7\u00e3o da colheita no Brasil, o maior produtor mundial, e uma alta do d\u00f3lar que ao mesmo tempo incentiva as exporta\u00e7\u00f5es e enfraquece a demanda global.&nbsp;<\/p>\n\n\n\n<p>O d\u00f3lar ampliou sua alta contra as principais moedas ap\u00f3s <a href=\"https:\/\/investnews.com.br\/economia\/inflacao-nos-estados-unidos-sobe-13-em-junho-acima-do-esperado\/\" class=\"rank-math-link\">dados de infla\u00e7\u00e3o elevados<\/a> na quarta-feira prepararem o terreno para o <strong>Federal Reserve<\/strong> (<a href=\"https:\/\/investnews.com.br\/tag\/fed\/\" class=\"rank-math-link\">FED<\/a>) aumentar juros agressivamente. Isso torna as <a href=\"https:\/\/investnews.com.br\/guias\/commodities-o-que-sao\/\">commodities<\/a> cotadas em d\u00f3lar mais caras para a maioria dos pa\u00edses importadores.&nbsp;<\/p>\n\n\n\n<p>Os produtores brasileiros j\u00e1 haviam colhido 59% da safra de caf\u00e9 at\u00e9 12 de julho, ante 48% na semana anterior, segundo a <strong>Safras &amp; Mercado<\/strong>. A desvaloriza\u00e7\u00e3o do real aumenta o incentivo para eles venderem no mercado externo.<\/p>\n\n\n\n<p>A <strong>Cecaf\u00e9<\/strong> disse que o Brasil ter\u00e1 mais caf\u00e9 para exportar nesta safra, embora os problemas de log\u00edstica permane\u00e7am.<\/p>\n\n\n\n<p>\u201cSabemos que a demanda caiu em todos os setores\u201d, disse <strong>Nick Gentile<\/strong>, s\u00f3cio-gerente da <strong>NickJen Capital Management<\/strong>. \u201cO euro est\u00e1 fraco, isso n\u00e3o est\u00e1 ajudando a demanda\u201d, j\u00e1 que a Europa \u00e9 a maior regi\u00e3o consumidora de caf\u00e9.<\/p>\n\n\n\n<p>O caf\u00e9 ar\u00e1bica negociado em Nova York caiu at\u00e9 6% para US$ 1,9495 por libra-peso, o menor pre\u00e7o desde outubro do ano passado, e foi negociado abaixo de suas m\u00e9dias m\u00f3veis de 50, 100 e 200 dias, todos sinais de baixa.<\/p>\n\n\n\n<p>Preocupa\u00e7\u00f5es gerais com o crescimento global est\u00e3o ajudando a empurrar o caf\u00e9 abaixo do principal suporte psicol\u00f3gico de US$ 2, disse Michael Nugent, fundador da corretora que leva seu nome na Calif\u00f3rnia.<\/p>\n\n\n\n<p>Os pre\u00e7os podem receber apoio de temperaturas mais frias esperadas em partes do Brasil durante a segunda semana de julho, embora n\u00e3o haja risco de geada, disse Gentile. A recente queda nos pre\u00e7os das mat\u00e9rias-primas tamb\u00e9m aliviar\u00e1 as press\u00f5es inflacion\u00e1rias, disse ele.<\/p>\n\n\n\n<h2 class=\"wp-block-heading\">4 &#8211; Desconto do ICMS nas tarifas de energia ter\u00e1 impacto de 12% em m\u00e9dia<\/h2>\n\n\n\n<p>Al\u00e9m da<strong> redu\u00e7\u00e3o m\u00e9dia de 5%<\/strong> nos custos da energia gerada pelas <strong>Revis\u00f5es Tarif\u00e1rias Extraordin\u00e1rias<\/strong> (RTEs), os brasileiros ter\u00e3o outro motivo para comemorar: a redu\u00e7\u00e3o do <strong>Imposto sobre Circula\u00e7\u00e3o de Mercadorias e Produtos<\/strong> (<a href=\"https:\/\/investnews.com.br\/guias\/o-que-e-icms\/\">ICMS<\/a>) ter\u00e1 um impacto m\u00e9dio de 12% sobre as tarifas de energia, informou hoje (14) a diretora-presidente da <strong>Ag\u00eancia Nacional de Energia El\u00e9trica<\/strong> (Aneel), <strong>Camila Bomfim<\/strong>, em entrevista ao programa A Voz do Brasil.<\/p>\n\n\n\n<p>Segundo Camila, a varia\u00e7\u00e3o da redu\u00e7\u00e3o ocorrer\u00e1 em duas frentes: tanto na revis\u00e3o tarif\u00e1ria quanto no desconto do ICMS. \u201cEsse efeito de redu\u00e7\u00e3o tarif\u00e1ria depende de cada distribuidora. Cada distribuidora tem um montante espec\u00edfico de cr\u00e9ditos a ser devolvido para os consumidores. O c\u00e1lculo que a gente faz \u00e9 que o impacto para os consumidores \u00e9 de uma redu\u00e7\u00e3o m\u00e9dia de 5% nas tarifas de energia el\u00e9trica\u201d, explicou.<\/p>\n\n\n\n<p>A diretora-presidente da <a href=\"https:\/\/investnews.com.br\/tag\/aneel\/\" class=\"rank-math-link\">Aneel<\/a> esclareceu, ainda, que Rio de Janeiro, S\u00e3o Paulo e Minas Gerais dever\u00e3o ter os maiores descontos, j\u00e1 que foram os estados que entraram primeiro com o pedido de revis\u00e3o sobre as tarifas energ\u00e9ticas e, portanto, ter\u00e3o maior per\u00edodo de cr\u00e9dito para consumidores.<\/p>\n\n\n\n<p>\u201cJ\u00e1 o ICMS ainda depende de regulamenta\u00e7\u00e3o pelas secretarias de Fazenda estaduais\u201d, complementou Camila Bomfim, que tamb\u00e9m informou que a previs\u00e3o da ag\u00eancia \u00e9 que a bandeira verde de consumo &#8211; a faixa de custo mais baixa de energia el\u00e9trica &#8211; deve vigorar at\u00e9 o final de 2022, dadas as condi\u00e7\u00f5es hidrol\u00f3gicas favor\u00e1veis.<\/p>\n\n\n\n<p>\u201cIsso \u00e9 uma estimativa. Mas a gente espera que ela continue no patamar verde. O ano tem uma condi\u00e7\u00e3o mais favor\u00e1vel, os reservat\u00f3rios est\u00e3o em n\u00edveis muito melhores do que em 2021.\u201d<\/p>\n\n\n\n<h2 class=\"wp-block-heading\">5 &#8211; Comit\u00ea de Elegibilidade rejeita dois indicados ao conselho da Petrobras<\/h2>\n\n\n\n<p>Dois dos sete indicados do governo brasileiro para o novo conselho de administra\u00e7\u00e3o da <strong>Petrobras&nbsp;<\/strong>(<a rel=\"noreferrer noopener\" href=\"https:\/\/investnews.com.br\/cotacao\/petr3-petr4-petrobras\/\" target=\"_blank\">PETR3<\/a>,&nbsp;<a rel=\"noreferrer noopener\" href=\"https:\/\/investnews.com.br\/cotacao\/petr3-petr4-petrobras\/\" target=\"_blank\">PETR4<\/a>) n\u00e3o atendem aos requisitos para ocupar o cargo, afirmou o <strong>Comit\u00ea de Elegibilidade<\/strong> (Celeg) da companhia nesta quinta-feira.<\/p>\n\n\n\n<p><strong>J\u00f4nathas Assun\u00e7\u00e3o Salvador Nery de Castro<\/strong> e <strong>Ricardo Soriano de Alencar<\/strong>, ambos escolhidos pelo presidente Jair Bolsonaro, n\u00e3o est\u00e3o qualificados para se tornar membros do conselho da gigante do petr\u00f3leo, concluiu o comit\u00ea com base em seu regimento interno, segundo a ata da \u00faltima reuni\u00e3o.<\/p>\n\n\n\n<p>O comit\u00ea apurou que ambos os candidatos teriam conflito de interesses atuando no conselho, uma vez que ocupam cargos de alto escal\u00e3o no governo Bolsonaro. Castro \u00e9 funcion\u00e1rio da Casa Civil, enquanto Alencar \u00e9 procurador-geral do Tesouro Nacional.<\/p>\n\n\n\n<p>O relat\u00f3rio do Celeg n\u00e3o \u00e9 vinculativo. Ambos os candidatos ainda podem ser conselheiros at\u00e9 a aprova\u00e7\u00e3o do atual conselho e dos acionistas da Petrobras. <\/p>\n\n\n\n<p>As outras cinco escolhas do governo e os dois indicados pelos acionistas minorit\u00e1rios receberam o sinal verde do comit\u00ea. Em junho, o comit\u00ea aprovou a indica\u00e7\u00e3o de<strong> <\/strong><a href=\"https:\/\/investnews.com.br\/flash\/novo-ceo-da-petrobras-toma-posse-pec-dos-combustiveis-deve-ser-votada-no-senado\/\" class=\"rank-math-link\">Caio Paes de Andrade como pr\u00f3ximo presidente-executivo da estatal<\/a>.<\/p>\n","protected":false},"excerpt":{"rendered":"<p>Segundo dados oficiais, Produto Interno Bruto da segunda maior economia do mundo cresceu apenas 0,4%, abaixo do esperado. <\/p>\n","protected":false},"author":7,"featured_media":278604,"comment_status":"closed","ping_status":"open","sticky":false,"template":"","format":"standard","meta":{"_acf_changed":false,"inline_featured_image":false,"footnotes":""},"categories":[5],"tags":[666,52,668,21],"autor-wsj":[],"coauthors":[1494],"class_list":["post-345896","post","type-post","status-publish","format-standard","has-post-thumbnail","hentry","category-economia","tag-commodities","tag-inflacao","tag-minerio-de-ferro","tag-petrobras"],"acf":[],"amp_enabled":true,"_links":{"self":[{"href":"https:\/\/investnews.com.br\/inv-api\/wp\/v2\/posts\/345896","targetHints":{"allow":["GET"]}}],"collection":[{"href":"https:\/\/investnews.com.br\/inv-api\/wp\/v2\/posts"}],"about":[{"href":"https:\/\/investnews.com.br\/inv-api\/wp\/v2\/types\/post"}],"author":[{"embeddable":true,"href":"https:\/\/investnews.com.br\/inv-api\/wp\/v2\/users\/7"}],"replies":[{"embeddable":true,"href":"https:\/\/investnews.com.br\/inv-api\/wp\/v2\/comments?post=345896"}],"version-history":[{"count":35,"href":"https:\/\/investnews.com.br\/inv-api\/wp\/v2\/posts\/345896\/revisions"}],"predecessor-version":[{"id":346567,"href":"https:\/\/investnews.com.br\/inv-api\/wp\/v2\/posts\/345896\/revisions\/346567"}],"wp:featuredmedia":[{"embeddable":true,"href":"https:\/\/investnews.com.br\/inv-api\/wp\/v2\/media\/278604"}],"wp:attachment":[{"href":"https:\/\/investnews.com.br\/inv-api\/wp\/v2\/media?parent=345896"}],"wp:term":[{"taxonomy":"category","embeddable":true,"href":"https:\/\/investnews.com.br\/inv-api\/wp\/v2\/categories?post=345896"},{"taxonomy":"post_tag","embeddable":true,"href":"https:\/\/investnews.com.br\/inv-api\/wp\/v2\/tags?post=345896"},{"taxonomy":"autor-wsj","embeddable":true,"href":"https:\/\/investnews.com.br\/inv-api\/wp\/v2\/autor-wsj?post=345896"},{"taxonomy":"author","embeddable":true,"href":"https:\/\/investnews.com.br\/inv-api\/wp\/v2\/coauthors?post=345896"}],"curies":[{"name":"wp","href":"https:\/\/api.w.org\/{rel}","templated":true}]}}