{"id":346293,"date":"2022-07-18T07:57:03","date_gmt":"2022-07-18T10:57:03","guid":{"rendered":"https:\/\/investnews.com.br\/?p=346293"},"modified":"2025-09-05T15:11:39","modified_gmt":"2025-09-05T18:11:39","slug":"5-fatos-para-hoje-parceria-entre-embraer-e-raizen-julgamento-de-twitter-e-musk","status":"publish","type":"post","link":"https:\/\/investnews.com.br\/economia\/5-fatos-para-hoje-parceria-entre-embraer-e-raizen-julgamento-de-twitter-e-musk\/","title":{"rendered":"5 fatos para hoje: parceria entre Embraer e Ra\u00edzen; julgamento de Twitter e Musk"},"content":{"rendered":"\n<h2 class=\"wp-block-heading\">1 &#8211; <strong>Embraer e Ra\u00edzen fecham parceria para produ\u00e7\u00e3o de combust\u00edvel sustent\u00e1vel<\/strong><\/h2>\n\n\n\n<p>A <strong>Embraer<\/strong> (<a href=\"https:\/\/investnews.com.br\/cotacao\/embr3-embraer\/\" class=\"rank-math-link\">EMBR3<\/a>) e a empresa de energia <strong>Ra\u00edzen<\/strong> (<a href=\"https:\/\/investnews.com.br\/cotacao\/raiz4-raizen\/\" class=\"rank-math-link\">RAIZ4<\/a>) assinaram neste domingo uma carta de inten\u00e7\u00f5es com o compromisso das companhias de estimularem o desenvolvimento do ecossistema de produ\u00e7\u00e3o de combust\u00edvel de avia\u00e7\u00e3o sustent\u00e1vel (SAF, na sigla em ingl\u00eas).<\/p>\n\n\n\n<p>Entre as metas estabelecidas, est\u00e1 tornar a Embraer a primeira fabricante de aeronaves a consumir SAF que poder\u00e1 ser distribu\u00eddo pela Ra\u00edzen, refer\u00eancia global em bioenergia. O uso da tecnologia \u00e9 parte da estrat\u00e9gia da Embraer de neutralizar a pegada de carbono de suas opera\u00e7\u00f5es at\u00e9 2040, uma vez que mais de 60% das emiss\u00f5es nas opera\u00e7\u00f5es da empresa decorrem do uso de querosene de avia\u00e7\u00e3o em ensaios e voos de produ\u00e7\u00e3o.<\/p>\n\n\n\n<p>&#8220;O SAF tem um papel fundamental na redu\u00e7\u00e3o das emiss\u00f5es da avia\u00e7\u00e3o no curto e m\u00e9dio prazo. Diante disso, este acordo visa estimular o crescimento e a sustentabilidade da cadeia de valor como um todo&#8221;, diz Carlos Alberto Griner, vice-presidente de Pessoas, <a href=\"https:\/\/investnews.com.br\/cafeina\/quanto-custa-zerar-o-carbono-do-ibovespa\/\" class=\"rank-math-link\">ESG<\/a> e Comunica\u00e7\u00e3o da Embraer, em nota emitida neste domingo (17). &#8220;ESG \u00e9 um dos pilares do nosso plano estrat\u00e9gico e estamos buscando todas as oportunidades para acelerar a redu\u00e7\u00e3o das nossas emiss\u00f5es de carbono.&#8221;<\/p>\n\n\n\n<p>&#8220;Como empresa integrada de energia, a Ra\u00edzen tem metas desafiadoras ao pretender ampliar em 80% sua oferta de renov\u00e1veis para o mercado e fazer esse aumento com a maior efici\u00eancia poss\u00edvel no nosso processo produtivo e na ajuda da redu\u00e7\u00e3o do impacto de nossos clientes. Como os maiores produtores de etanol de cana-de-a\u00e7\u00facar no mundo, \u00e9 natural estarmos olhando para uma poss\u00edvel oferta de SAF&#8221;, explica Antonio Cardoso, vice-presidente de Marketing e Servi\u00e7os da Ra\u00edzen.<\/p>\n\n\n\n<p>A expectativa \u00e9 que a Ra\u00edzen contribua para que a Embraer atinja a meta de ter misturas de SAF representando 100% do seu consumo de combust\u00edvel no Brasil at\u00e9 2030.<\/p>\n\n\n\n<p>&#8220;A parceria com a Ra\u00edzen demonstra nosso pioneirismo no tema e simboliza as diversas oportunidades de parcerias estrat\u00e9gicas que podem gerar novas possibilidades de neg\u00f3cios na \u00e1rea de combust\u00edveis sustent\u00e1veis para a nossa empresa e a ind\u00fastria de transporte a\u00e9reo como um todo&#8221;, afirma Roberto Chaves, diretor global de Suprimentos da Embraer.<\/p>\n\n\n\n<h2 class=\"wp-block-heading\">2 &#8211; Petrobras conclui oferta de recompra de t\u00edtulos globais<\/h2>\n\n\n\n<p>A <strong>Petrobras<\/strong> (<a href=\"https:\/\/investnews.com.br\/cotacao\/petr3-petr4-petrobras\/\" class=\"rank-math-link\">PETR3<\/a>, <a href=\"https:\/\/investnews.com.br\/cotacao\/petr3-petr4-petrobras\/\" class=\"rank-math-link\">PETR4<\/a>) concluiu nesta sexta-feira (15) a oferta de recompra de t\u00edtulos globais efetuada por sua subsidi\u00e1ria integral Petrobras Global Finance (PGF), informou a companhia em comunicado.<\/p>\n\n\n\n<p>O volume de principal validamente entregue pelos investidores, exclu\u00eddos juros capitalizados e n\u00e3o pagos, foi de US$ 853,8 milh\u00f5es equivalentes, considerando as taxas de c\u00e2mbio de US$ 1,0050 por euro e US$ 1,1888 por libra, conforme o caso.<\/p>\n\n\n\n<p>O montante total pago a esses investidores foi de US$ 790,88 milh\u00f5es, considerando os pre\u00e7os ofertados pela Petrobras e excluindo os juros capitalizados at\u00e9 a data de liquida\u00e7\u00e3o, afirmou a estatal.<\/p>\n\n\n\n<h2 class=\"wp-block-heading\">3 &#8211; Elon Musk pede que tribunal rejeite pedido do Twitter por julgamento r\u00e1pido<\/h2>\n\n\n\n<p>Elon Musk entrou com um recurso na sexta-feira (15) contra o pedido do <strong>Twitter<\/strong> (<a href=\"https:\/\/investnews.com.br\/cotacao\/twtr34\/\" class=\"rank-math-link\">TWTR34<\/a>) para acelerar o julgamento sobre o plano de <a href=\"https:\/\/investnews.com.br\/negocios\/twitter-processa-elon-musk-por-tentativa-de-rescindir-acordo-de-us-44-bilhoes\/\" class=\"rank-math-link\">encerramento do acordo de compra<\/a> da empresa de rede social por US$ 44 bilh\u00f5es.<\/p>\n\n\n\n<p>Os advogados de Musk, em documentos arquivados na Corte da Chancelaria de Delaware, disseram que o &#8220;pedido injustific\u00e1vel&#8221; do Twitter para levar o caso de fus\u00e3o a julgamento em dois meses deve ser rejeitado.<\/p>\n\n\n\n<p>Este \u00e9 o movimento mais recente do que promete ser um grande confronto legal entre Twitter e Musk. A empresa com sede em S\u00e3o Francisco est\u00e1 tentando resolver meses de incerteza sobre seus neg\u00f3cios, enquanto Musk tenta se afastar do acordo pelo o que ele diz ser um problema de &#8220;bot de spam&#8221; do Twitter.<\/p>\n\n\n\n<p>O Twitter processou Musk na ter\u00e7a-feira por violar o acordo de compra da plataforma de m\u00eddia social, pedindo ao tribunal de Delaware que ordene \u00e0 pessoa mais rica do mundo a concluir a fus\u00e3o ao pre\u00e7o acordado de US$ 54,20.<\/p>\n\n\n\n<p>A empresa solicitou que o julgamento come\u00e7asse em setembro, uma vez que o acordo de fus\u00e3o com Musk termina em 25 de outubro.<\/p>\n\n\n\n<p>&#8220;O pedido repentino do Twitter por mais velocidade ap\u00f3s dois meses de demora e ofusca\u00e7\u00e3o \u00e9 a t\u00e1tica mais recente da empresa para encobrir a verdade sobre as contas de spam por tempo suficiente at\u00e9 levar os r\u00e9us ao arquivamento&#8221;, disse o documento.<\/p>\n\n\n\n<p>Os advogados de Musk argumentaram que a disputa sobre contas falsas e de spam \u00e9 fundamental para medir o valor do Twitter e extremamente intensiva em fatos e especialistas. Eles disseram que isso exigir\u00e1 um tempo substancial de investiga\u00e7\u00e3o e solicitaram uma data de julgamento em ou ap\u00f3s 13 de fevereiro do pr\u00f3ximo ano.<\/p>\n\n\n\n<p>A estrutura de financiamento da d\u00edvida assinada pelos bancos para a aquisi\u00e7\u00e3o da plataforma por Musk expira em abril de 2023, o que significa que se o julgamento come\u00e7ar em fevereiro e n\u00e3o terminar em abril, o acordo pode sucumbir.<\/p>\n\n\n\n<p>O Twitter se recusou a comentar o movimento mais recente de Musk.<\/p>\n\n\n\n<h2 class=\"wp-block-heading\">4 &#8211; <strong>Bolsonaro diz que Petrobras vai diminuir margem de lucro: &#8216;e sem interfer\u00eancia&#8217;<\/strong><\/h2>\n\n\n\n<p>Sem precisar quando, o presidente Jair Bolsonaro (PL) garantiu nesta sexta-feira (15) que a Petrobras vai diminuir sua <a href=\"https:\/\/investnews.com.br\/guias\/como-calcular-margem-de-lucro\/\">margem de lucro<\/a>. &#8220;N\u00f3s n\u00e3o interferimos no <a href=\"https:\/\/investnews.com.br\/economia\/preco-do-diesel-sobe-5-na-1a-quinzena-de-julho-gasolina-e-etanol-caem\/\" class=\"rank-math-link\">pre\u00e7o dos combust\u00edveis<\/a>, buscamos alternativas. A pol\u00edtica n\u00e3o pode ser o lucro pelo lucro. Petrol\u00edferas do mundo todo diminu\u00edram a margem de lucro, \u00e9 o que a gente quer da Petrobras. Isso vai acontecer e sem interfer\u00eancia&#8221;, disse o chefe do Executivo em transmiss\u00e3o ao vivo nas redes sociais.<\/p>\n\n\n\n<p>Como mostrou o&nbsp;<em>Broadcast<\/em>, sistema de not\u00edcias em tempo real do Grupo Estado, o governo tem pressionado a Petrobras a baixar o pre\u00e7o dos combust\u00edveis para acompanhar a redu\u00e7\u00e3o do barril de petr\u00f3leo Brent no mercado internacional. Hoje, a varia\u00e7\u00e3o dos pre\u00e7os cobrados pela estatal est\u00e3o atrelados \u00e0 cota\u00e7\u00e3o no exterior, criticada por Bolsonaro.<\/p>\n\n\n\n<p>Ainda assim, o presidente voltou a garantir que vai respeitar a pol\u00edtica de paridade de pre\u00e7os internacionais (PPI) da companhia. &#8220;A Petrobras tem que entender que estamos em guerra, n\u00e3o estamos numa normalidade. E os que me acusam de criar a tal da PPI, de dolarizar o nosso pre\u00e7o aqui dentro, isso foi feito no governo Temer, n\u00e3o foi feito por mim&#8221;, disse, na live. &#8220;Precisava ter feito? Acredito que n\u00e3o, mas foi feito, temos que honrar contratos. N\u00e3o posso dar murro na mesa e dizer &#8216;n\u00e3o quero mais&#8217;.&#8221;<\/p>\n\n\n\n<p>O presidente tamb\u00e9m pediu que a popula\u00e7\u00e3o fa\u00e7a v\u00eddeos nos postos de gasolina para atestar a redu\u00e7\u00e3o no pre\u00e7o dos combust\u00edveis. &#8220;Guardem as notas fiscais, fa\u00e7am compara\u00e7\u00e3o de pre\u00e7os. Me ajudem a fiscalizar&#8221;, pediu. O governo editou um decreto que obriga os estabelecimentos a exibirem nas notas fiscais os pre\u00e7os praticados em 22 de junho em compara\u00e7\u00e3o com os valores atuais. Oito partidos ingressaram com a\u00e7\u00e3o no Supremo Tribunal Federal (STF) para derrubar a norma, considerada eleitoreira.<\/p>\n\n\n\n<p>Em linha com o ministro da Economia, Paulo Guedes, Bolsonaro ainda afirmou que a economia brasileira se recuperou em &#8216;V&#8217; da crise econ\u00f4mica. &#8220;Especialistas diziam at\u00e9 pouco tempo: &#8216;o n\u00edvel de emprego no Brasil s\u00f3 voltar\u00e1 aquele semelhante ao pr\u00e9-pandemia em 2023&#8217;. Voltou antes e melhor&#8221;. Em seguida, repetiu sua aposta de que haver\u00e1 <a href=\"https:\/\/investnews.com.br\/guias\/deflacao\/\">defla\u00e7\u00e3o<\/a> no Pa\u00eds com a redu\u00e7\u00e3o do <a href=\"https:\/\/investnews.com.br\/guias\/o-que-e-icms\/\">ICMS<\/a> cobrado sobre os combust\u00edveis.<\/p>\n\n\n\n<p>Pouco antes de encerrar a transmiss\u00e3o ao vivo nas redes sociais, ao lado de uma crian\u00e7a n\u00e3o identificada, Bolsonaro lamentou a morte de Luiz de Orleans e Bragan\u00e7a, aos 84 anos. Ele era bisneto da princesa Isabel e reivindicava o t\u00edtulo de &#8220;Dom&#8221; por ser descendente da antiga fam\u00edlia real brasileira.<\/p>\n\n\n\n<h2 class=\"wp-block-heading\">5 &#8211; Diante de novas armas ocidentais, R\u00fassia se prepara para pr\u00f3xima etapa da ofensiva na Ucr\u00e2nia<\/h2>\n\n\n\n<p>A R\u00fassia est\u00e1 se preparando para a pr\u00f3xima etapa da sua ofensiva na Ucr\u00e2nia, afirmou uma autoridade militar ucraniana, ap\u00f3s Moscou dizer que suas for\u00e7as intensificariam opera\u00e7\u00f5es militares em \u201ctodas as \u00e1reas operacionais\u201d.<\/p>\n\n\n\n<p>\u00c0 medida que as entregas de armas de longo alcance do Ocidente come\u00e7aram a ajudar a Ucr\u00e2nia no campo de batalha, foguetes e m\u00edsseis russos t\u00eam atingido cidades em ataques que, segundo Kiev, mataram d\u00fazias de pessoas nos \u00faltimos dias.<\/p>\n\n\n\n<p>\u201cN\u00e3o s\u00e3o apenas ataques com m\u00edsseis por ar e mar\u201d, disse Vadym Skibitskyi, porta-voz da intelig\u00eancia militar da Ucr\u00e2nia, na noite de s\u00e1bado. \u201cVemos bombardeios em toda a linha de contato, toda a linha de frente. H\u00e1 um uso ativo de avia\u00e7\u00e3o t\u00e1tica e helic\u00f3pteros de ataque\u201d.<\/p>\n\n\n\n<p>\u201cClaramente, h\u00e1 prepara\u00e7\u00f5es em andamento para a pr\u00f3xima etapa da ofensiva\u201d.<\/p>\n\n\n\n<p>O Ex\u00e9rcito ucraniano disse que a R\u00fassia parecia estar reagrupando unidades para uma ofensiva contra Sloviansk, uma cidade simbolicamente importante controlada pela Ucr\u00e2nia na regi\u00e3o de Donetsk, no leste.<\/p>\n\n\n\n<p>O minist\u00e9rio da Defesa do Reino Unido afirmou que a R\u00fassia tamb\u00e9m estava refor\u00e7ando suas defesas em regi\u00f5es que ocupa no sul da Ucr\u00e2nia, ap\u00f3s press\u00e3o das for\u00e7as ucranianas e promessas de l\u00edderes ucranianos de expulsar a R\u00fassia.<\/p>\n\n\n\n<p>A Ucr\u00e2nia diz que pelo menos 40 pessoas foram mortas em bombardeios russos em \u00e1reas urbanas desde quinta-feira, \u00e0 medida em que a guerra iniciada pelo presidente russo Vladimir Putin em 24 de fevereiro se intensifica.<\/p>\n\n\n\n<p>D\u00fazias de parentes e moradores locais foram ao funeral de Liza Dmytrieva, de quatro anos, na cidade ucraniana de Vinnytsia, na regi\u00e3o central, neste domingo. A garota foi morta em um ataque com m\u00edssil contra Vinnytsia na quinta-feira que matou 24 pessoas, segundo autoridades ucranianas.<\/p>\n\n\n\n<h3 class=\"wp-block-heading\">Oito anos depois<\/h3>\n\n\n\n<p>O presidente ucraniano, Volodymyr Zelenskiy, disse que a R\u00fassia continuava semeando luto e morte em solo ucraniano, oito anos depois de derrubar o voo MH17, da Malaysia Airlines, no leste da Ucr\u00e2nia, em 17 de julho de 2014.<\/p>\n\n\n\n<p>Investigadores internacionais disseram que o avi\u00e3o foi derrubado por um m\u00edssel provavelmente atirado por uma mil\u00edcia apoiada pela R\u00fassia na regi\u00e3o.<\/p>\n\n\n\n<p>Zelensiy disse que seus pensamentos estavam com os parentes dos mortos e que nada passaria sem puni\u00e7\u00e3o. \u201cTodo criminoso ser\u00e1 levado \u00e0 Justi\u00e7a!\u201d, escreveu no Twitter.<\/p>\n\n\n\n<p>Moscou, que chama a invas\u00e3o de \u201copera\u00e7\u00e3o militar especial\u201d para desmilitarizar sua vizinha e erradicar nacionalistas, diz que usa armas de alta precis\u00e3o para degradar a infraestrutura militar da Ucr\u00e2nia e proteger sua pr\u00f3pria seguran\u00e7a. A R\u00fassia negou repetidas vezes que est\u00e1 deliberadamente tentando acertar civis.<\/p>\n\n\n\n<p><em>* Com informa\u00e7\u00f5es da Reuters e Estad\u00e3o Conte\u00fado <\/em><\/p>\n","protected":false},"excerpt":{"rendered":"<p>Embraer e Ra\u00edzen assinaram uma carta de inten\u00e7\u00f5es com o compromisso das companhias de estimularem o desenvolvimento do ecossistema de produ\u00e7\u00e3o de combust\u00edvel de avia\u00e7\u00e3o sustent\u00e1vel.<\/p>\n","protected":false},"author":7,"featured_media":232647,"comment_status":"closed","ping_status":"open","sticky":false,"template":"","format":"standard","meta":{"_acf_changed":false,"inline_featured_image":false,"footnotes":""},"categories":[5],"tags":[110168,177,2376,1529,21,974],"autor-wsj":[],"coauthors":[1494],"class_list":["post-346293","post","type-post","status-publish","format-standard","has-post-thumbnail","hentry","category-economia","tag-elon-musk","tag-embraer","tag-raizen","tag-twitter","tag-petrobras","tag-russia"],"acf":[],"amp_enabled":true,"_links":{"self":[{"href":"https:\/\/investnews.com.br\/inv-api\/wp\/v2\/posts\/346293","targetHints":{"allow":["GET"]}}],"collection":[{"href":"https:\/\/investnews.com.br\/inv-api\/wp\/v2\/posts"}],"about":[{"href":"https:\/\/investnews.com.br\/inv-api\/wp\/v2\/types\/post"}],"author":[{"embeddable":true,"href":"https:\/\/investnews.com.br\/inv-api\/wp\/v2\/users\/7"}],"replies":[{"embeddable":true,"href":"https:\/\/investnews.com.br\/inv-api\/wp\/v2\/comments?post=346293"}],"version-history":[{"count":3,"href":"https:\/\/investnews.com.br\/inv-api\/wp\/v2\/posts\/346293\/revisions"}],"predecessor-version":[{"id":346296,"href":"https:\/\/investnews.com.br\/inv-api\/wp\/v2\/posts\/346293\/revisions\/346296"}],"wp:featuredmedia":[{"embeddable":true,"href":"https:\/\/investnews.com.br\/inv-api\/wp\/v2\/media\/232647"}],"wp:attachment":[{"href":"https:\/\/investnews.com.br\/inv-api\/wp\/v2\/media?parent=346293"}],"wp:term":[{"taxonomy":"category","embeddable":true,"href":"https:\/\/investnews.com.br\/inv-api\/wp\/v2\/categories?post=346293"},{"taxonomy":"post_tag","embeddable":true,"href":"https:\/\/investnews.com.br\/inv-api\/wp\/v2\/tags?post=346293"},{"taxonomy":"autor-wsj","embeddable":true,"href":"https:\/\/investnews.com.br\/inv-api\/wp\/v2\/autor-wsj?post=346293"},{"taxonomy":"author","embeddable":true,"href":"https:\/\/investnews.com.br\/inv-api\/wp\/v2\/coauthors?post=346293"}],"curies":[{"name":"wp","href":"https:\/\/api.w.org\/{rel}","templated":true}]}}