{"id":346743,"date":"2022-07-19T08:22:57","date_gmt":"2022-07-19T11:22:57","guid":{"rendered":"https:\/\/investnews.com.br\/?p=346743"},"modified":"2022-07-19T08:23:02","modified_gmt":"2022-07-19T11:23:02","slug":"governo-quer-aprovar-medidas-de-apoio-ao-mercado-de-capitais","status":"publish","type":"post","link":"https:\/\/investnews.com.br\/economia\/governo-quer-aprovar-medidas-de-apoio-ao-mercado-de-capitais\/","title":{"rendered":"Governo quer aprovar medidas de apoio ao mercado de capitais"},"content":{"rendered":"\n<p>O ministro da Economia, Paulo Guedes, afirmou nesta segunda-feira (18) que t\u00e3o logo o Congresso Nacional retome as atividades, ap\u00f3s o recesso, o governo vai procurar aprovar medidas de apoio ao mercado de capitais. Guedes participou da solenidade de posse do novo presidente da <a href=\"https:\/\/investnews.com.br\/financas\/cvm-edita-resolucoes-que-mudam-regras-de-ofertas-publicas\/\" class=\"rank-math-link\">Comiss\u00e3o de Valores Mobili\u00e1rios (CVM)<\/a>, o advogado e professor Jo\u00e3o Pedro Barroso do Nascimento, no Rio de Janeiro.<\/p>\n\n\n\n<p>Guedes destacou que o Brasil est\u00e1 fazendo a mudan\u00e7a de marcos regulat\u00f3rios em todos os setores da economia. Ele n\u00e3o detalhou as medidas que pretende apoiar a aprova\u00e7\u00e3o.<\/p>\n\n\n\n<p>Na avalia\u00e7\u00e3o do ministro, o mercado de capitais nacional vai receber muitos investimentos. \u201cS\u00e3o trilh\u00f5es de d\u00f3lares que est\u00e3o circulando pelo mundo e v\u00e3o ter que se reposicionar\u201d. Muito capital produtivo vai continuar procurando pouso seguro. O Brasil possui requisitos facilitadores para isso, que s\u00e3o proximidade e confiabilidade. \u201cO pa\u00eds que \u00e9 amigo de todo mundo, n\u00e3o faz guerra com ningu\u00e9m, somos n\u00f3s\u201d. Assinalou que a Europa precisa do Brasil para garantir sua seguran\u00e7a energ\u00e9tica e o resto do mundo para garantir sua seguran\u00e7a alimentar. \u201cO Brasil \u00e9 perto e \u00e9 confi\u00e1vel\u201d. Guedes n\u00e3o tem d\u00favida de que o Brasil vai ser a grande na\u00e7\u00e3o que vai receber esses investimentos.<\/p>\n\n\n\n<h2 class=\"wp-block-heading\">Ciclo de crescimento<\/h2>\n\n\n\n<p>Para o ministro, o Brasil est\u00e1 entrando em um ciclo de expans\u00e3o. Ele destacou que apesar da desacelera\u00e7\u00e3o c\u00edclica da atividade econ\u00f4mica feita pela pol\u00edtica monet\u00e1ria (aumentos da taxa b\u00e1sica de juros, a Selic), o resultado ainda \u00e9 positivo. Lembrou que o Brasil j\u00e1 retirou os est\u00edmulos fiscais e monet\u00e1rios, adotado devido aos impactos da pandemia de covid-19 na economia,&nbsp; e o mundo est\u00e1 come\u00e7ando esse processo.<\/p>\n\n\n\n<p>Segundo o ministro, nos \u00faltimos tr\u00eas anos, o Brasil enfrentou v\u00e1rios desafios, que se iniciaram com o desastre ambiental de Brumadinho, depois a pandemia de covid-19, a crise h\u00eddrica e, atualmente, a guerra entre R\u00fassia e Ucr\u00e2nia.<\/p>\n\n\n\n<p>Paulo Guedes avaliou, ainda, em seu discurso, que os fatos confirmam que est\u00e3o sendo revistas as estimativas de crescimento para cima, com redu\u00e7\u00e3o da infla\u00e7\u00e3o e dos n\u00edveis de desemprego. \u201cS\u00e3o fatos. O resto (s\u00e3o) narrativas\u201d, afirmou. \u201cOs fatos s\u00e3o revis\u00f5es de crescimento h\u00e1 seis, oito, dez meses, para cima, revis\u00f5es de infla\u00e7\u00e3o para baixo e revis\u00f5es de desemprego para baixo. Pela primeira vez na hist\u00f3ria, vamos ter 100 milh\u00f5es de brasileiros trabalhando antes do final deste ano. J\u00e1 s\u00e3o 97 milh\u00f5es de brasileiros trabalhando no mercado formal e informal. Criamos mais de 12 milh\u00f5es de empregos nos \u00faltimos tr\u00eas anos e meio\u201d, mencionou o ministro.<\/p>\n\n\n\n<h2 class=\"wp-block-heading\">Plano de a\u00e7\u00e3o<\/h2>\n\n\n\n<p>O novo presidente da CVM, Jo\u00e3o Pedro Barroso do Nascimento, disse que dar\u00e1 continuidade \u00e0s iniciativas em curso da autarquia, com valoriza\u00e7\u00e3o do corpo t\u00e9cnico. At\u00e9 2026, quando ser\u00e3o comemorados os 50 anos de <a class=\"rank-math-link\" href=\"https:\/\/investnews.com.br\/financas\/o-que-e-cvm-e-sua-importancia\/\">cria\u00e7\u00e3o da CVM<\/a>, ele pretende por em desenvolvimento um plano de a\u00e7\u00e3o, cujo primeiro pilar se baseia em repensar o modelo de financiamento da comiss\u00e3o. No segundo pilar, referente aos servidores da CVM, Nascimento sublinhou a necessidade de realiza\u00e7\u00e3o de concurso p\u00fablico, que n\u00e3o ocorre desde 2010, para suprir os quadros da autarquia, que enfrenta um d\u00e9ficit de 30% nos cargos. Pretende tamb\u00e9m promover, em parceria com agentes do mercado, um programa de jovens talentos.<\/p>\n\n\n\n<p>O terceiro pilar se refere \u00e0 evolu\u00e7\u00e3o da tecnologia computacional, visando corrigir falhas de mercado. A primeira \u00e1rea que dever\u00e1 passar por esse processo de mudan\u00e7a dever\u00e1 ser a de escritura\u00e7\u00e3o e cust\u00f3dia de pap\u00e9is.<\/p>\n","protected":false},"excerpt":{"rendered":"<p>Ministro da Economia, Paulo Guedes, n\u00e3o detalhou as medidas que pretende apoiar a aprova\u00e7\u00e3o.<\/p>\n","protected":false},"author":63,"featured_media":325970,"comment_status":"closed","ping_status":"open","sticky":false,"template":"","format":"standard","meta":{"_acf_changed":false,"inline_featured_image":false,"footnotes":""},"categories":[5],"tags":[283,1711,347],"autor-wsj":[],"coauthors":[2490],"class_list":["post-346743","post","type-post","status-publish","format-standard","has-post-thumbnail","hentry","category-economia","tag-governo-federal","tag-mercado-de-capitais","tag-paulo-guedes"],"acf":[],"amp_enabled":true,"_links":{"self":[{"href":"https:\/\/investnews.com.br\/inv-api\/wp\/v2\/posts\/346743","targetHints":{"allow":["GET"]}}],"collection":[{"href":"https:\/\/investnews.com.br\/inv-api\/wp\/v2\/posts"}],"about":[{"href":"https:\/\/investnews.com.br\/inv-api\/wp\/v2\/types\/post"}],"author":[{"embeddable":true,"href":"https:\/\/investnews.com.br\/inv-api\/wp\/v2\/users\/63"}],"replies":[{"embeddable":true,"href":"https:\/\/investnews.com.br\/inv-api\/wp\/v2\/comments?post=346743"}],"version-history":[{"count":2,"href":"https:\/\/investnews.com.br\/inv-api\/wp\/v2\/posts\/346743\/revisions"}],"predecessor-version":[{"id":346745,"href":"https:\/\/investnews.com.br\/inv-api\/wp\/v2\/posts\/346743\/revisions\/346745"}],"wp:featuredmedia":[{"embeddable":true,"href":"https:\/\/investnews.com.br\/inv-api\/wp\/v2\/media\/325970"}],"wp:attachment":[{"href":"https:\/\/investnews.com.br\/inv-api\/wp\/v2\/media?parent=346743"}],"wp:term":[{"taxonomy":"category","embeddable":true,"href":"https:\/\/investnews.com.br\/inv-api\/wp\/v2\/categories?post=346743"},{"taxonomy":"post_tag","embeddable":true,"href":"https:\/\/investnews.com.br\/inv-api\/wp\/v2\/tags?post=346743"},{"taxonomy":"autor-wsj","embeddable":true,"href":"https:\/\/investnews.com.br\/inv-api\/wp\/v2\/autor-wsj?post=346743"},{"taxonomy":"author","embeddable":true,"href":"https:\/\/investnews.com.br\/inv-api\/wp\/v2\/coauthors?post=346743"}],"curies":[{"name":"wp","href":"https:\/\/api.w.org\/{rel}","templated":true}]}}