{"id":346758,"date":"2022-07-19T09:13:58","date_gmt":"2022-07-19T12:13:58","guid":{"rendered":"https:\/\/investnews.com.br\/?p=346758"},"modified":"2022-07-19T09:14:00","modified_gmt":"2022-07-19T12:14:00","slug":"caixa-muda-vice-presidencia-e-estrutura-de-governanca","status":"publish","type":"post","link":"https:\/\/investnews.com.br\/economia\/caixa-muda-vice-presidencia-e-estrutura-de-governanca\/","title":{"rendered":"Caixa muda vice-presid\u00eancia e estrutura de governan\u00e7a"},"content":{"rendered":"\n<p>A Caixa Econ\u00f4mica Federal est\u00e1 fazendo uma s\u00e9rie de mudan\u00e7as em sua estrutura corporativa ap\u00f3s a <strong>troca na presid\u00eancia<\/strong>, no final de junho. As principais mudan\u00e7as s\u00e3o a migra\u00e7\u00e3o da corregedoria do banco para o guarda-chuva do conselho de administra\u00e7\u00e3o. Antes, a \u00e1rea era submetida \u00e0 presid\u00eancia da Caixa.<\/p>\n\n\n\n<p>No m\u00eas passado, o ent\u00e3o presidente, Pedro Guimar\u00e3es, deixou o banco ap\u00f3s ser alvo de den\u00fancias de ass\u00e9dio sexual por funcion\u00e1rias da institui\u00e7\u00e3o, negadas por ele. \u00c0 \u00e9poca, relatos davam conta de que investiga\u00e7\u00f5es internas a partir de den\u00fancias anteriores n\u00e3o haviam prosseguido, e que parte delas havia chegado ao conhecimento da presid\u00eancia.<\/p>\n\n\n\n<p>A nova presidente da Caixa, Daniella Marques, tem prometido investiga\u00e7\u00e3o s\u00e9ria sobre as den\u00fancias, bem como puni\u00e7\u00f5es, caso necess\u00e1rio, a quem precisar ser punido.<\/p>\n\n\n\n<p>Em comunicado, o banco informou que a mudan\u00e7a visa refor\u00e7ar a autonomia e a isonomia de atua\u00e7\u00e3o da corregedoria da Caixa. Al\u00e9m desse mudan\u00e7a, o banco est\u00e1 alterando a estrutura e os ocupantes de algumas de suas vice-presid\u00eancias.<\/p>\n\n\n\n<p>Ser\u00e3o fundidas as \u00e1reas de Estrat\u00e9gia e Pessoas e de Log\u00edstica e Opera\u00e7\u00f5es, hoje ocupadas por Maria Let\u00edcia de Paula Macedo e por Antonio Carlos Ferreira, respectivamente. Elas dar\u00e3o origem a uma nova vice-presid\u00eancia, de Gest\u00e3o Corporativa, que ser\u00e1 ocupada por Danielle Calazans.<\/p>\n\n\n\n<p>Danielle \u00e9 funcion\u00e1ria da Caixa desde 2007, e foi ainda secret\u00e1ria de Gest\u00e3o Corporativa do Minist\u00e9rio da Economia. Na transi\u00e7\u00e3o para o governo de Jair Bolsonaro, atuou na fus\u00e3o de cinco minist\u00e9rios que deu origem \u00e0 pasta, comandada por Paulo Guedes.<\/p>\n\n\n\n<p>Como mostrou o&nbsp;<em>Estad\u00e3o<\/em>, Danielle ser\u00e1 o bra\u00e7o direito da presidente da Caixa e trabalhou com ela desde antes da posse em um plano para reverter a crise no banco.<\/p>\n\n\n\n<p>Adicionalmente, a Caixa criou uma vice-presid\u00eancia de Sustentabilidade e Empreendedorismo, para fortalecer sua atua\u00e7\u00e3o nas duas \u00e1reas. O comunicado n\u00e3o informa quem ocupar\u00e1 a cadeira.<\/p>\n\n\n\n<p>Tamb\u00e9m houve mudan\u00e7as na vice-presid\u00eancia de Rede de Varejo, que passar\u00e1 a ser ocupada por J\u00falio Cesar Volpp Sierra. Funcion\u00e1rio da Caixa desde 2000, ele foi CEO da Caixa Cart\u00f5es e diretor de rede de clientes e varejo do banco.<\/p>\n\n\n\n<p>A atual VP de rede, Camila Aichinger, ex-presidente da Caixa Seguridade, foi destitu\u00edda do cargo, assim como o VP de log\u00edstica, Antonio Carlos Ferreira, tamb\u00e9m citado em den\u00fancias de funcion\u00e1rios. Os dois voltar\u00e3o a compor o quadro de empregados do banco, de acordo com o comunicado.<\/p>\n","protected":false},"excerpt":{"rendered":"<p>Nova presidente da Caixa, Daniella Marques, tem prometido investiga\u00e7\u00e3o s\u00e9ria sobre as den\u00fancias, bem como puni\u00e7\u00f5es, caso necess\u00e1rio, a quem precisar ser punido.<\/p>\n","protected":false},"author":62,"featured_media":306649,"comment_status":"closed","ping_status":"open","sticky":false,"template":"","format":"standard","meta":{"_acf_changed":false,"inline_featured_image":false,"footnotes":""},"categories":[5],"tags":[58],"autor-wsj":[],"coauthors":[2499],"class_list":["post-346758","post","type-post","status-publish","format-standard","has-post-thumbnail","hentry","category-economia","tag-caixa-economica-federal"],"acf":[],"amp_enabled":true,"_links":{"self":[{"href":"https:\/\/investnews.com.br\/inv-api\/wp\/v2\/posts\/346758","targetHints":{"allow":["GET"]}}],"collection":[{"href":"https:\/\/investnews.com.br\/inv-api\/wp\/v2\/posts"}],"about":[{"href":"https:\/\/investnews.com.br\/inv-api\/wp\/v2\/types\/post"}],"author":[{"embeddable":true,"href":"https:\/\/investnews.com.br\/inv-api\/wp\/v2\/users\/62"}],"replies":[{"embeddable":true,"href":"https:\/\/investnews.com.br\/inv-api\/wp\/v2\/comments?post=346758"}],"version-history":[{"count":2,"href":"https:\/\/investnews.com.br\/inv-api\/wp\/v2\/posts\/346758\/revisions"}],"predecessor-version":[{"id":346761,"href":"https:\/\/investnews.com.br\/inv-api\/wp\/v2\/posts\/346758\/revisions\/346761"}],"wp:featuredmedia":[{"embeddable":true,"href":"https:\/\/investnews.com.br\/inv-api\/wp\/v2\/media\/306649"}],"wp:attachment":[{"href":"https:\/\/investnews.com.br\/inv-api\/wp\/v2\/media?parent=346758"}],"wp:term":[{"taxonomy":"category","embeddable":true,"href":"https:\/\/investnews.com.br\/inv-api\/wp\/v2\/categories?post=346758"},{"taxonomy":"post_tag","embeddable":true,"href":"https:\/\/investnews.com.br\/inv-api\/wp\/v2\/tags?post=346758"},{"taxonomy":"autor-wsj","embeddable":true,"href":"https:\/\/investnews.com.br\/inv-api\/wp\/v2\/autor-wsj?post=346758"},{"taxonomy":"author","embeddable":true,"href":"https:\/\/investnews.com.br\/inv-api\/wp\/v2\/coauthors?post=346758"}],"curies":[{"name":"wp","href":"https:\/\/api.w.org\/{rel}","templated":true}]}}