{"id":350505,"date":"2022-07-29T09:20:21","date_gmt":"2022-07-29T12:20:21","guid":{"rendered":"https:\/\/investnews.com.br\/?p=350505"},"modified":"2022-07-29T11:28:37","modified_gmt":"2022-07-29T14:28:37","slug":"taxa-de-desemprego-cai-para-93-no-2o-trimestre","status":"publish","type":"post","link":"https:\/\/investnews.com.br\/economia\/taxa-de-desemprego-cai-para-93-no-2o-trimestre\/","title":{"rendered":"Desemprego cai para 9,3%, menor taxa para o 2\u00ba tri desde 2015"},"content":{"rendered":"\n<p>A<strong> taxa de desocupa\u00e7\u00e3o<\/strong> ficou em 9,3% no trimestre encerrado em junho, queda de 1,8 ponto percentual na compara\u00e7\u00e3o com o trimestre anterior, segundo dados da Pesquisa Nacional por Amostra de Domic\u00edlios (PNAD) Cont\u00ednua, que foi divulgada nesta sexta-feira (29) pelo\u00a0Instituto Brasileiro de Geografia e Estat\u00edstica (IBGE). \u00c9 o menor patamar para segundos trimestres desde 2015, quando ficou em 8,4%. <\/p>\n\n\n\n<figure class=\"wp-block-image size-large\"><img loading=\"lazy\" decoding=\"async\" width=\"895\" height=\"540\" src=\"https:\/\/media.investnews.com.br\/uploads\/2022\/07\/emprego.jpeg\" alt=\"Gr\u00e1fico sobre a taxa de desemprego\" class=\"wp-image-350532\" srcset=\"https:\/\/media.investnews.com.br\/uploads\/2022\/07\/emprego.jpeg 895w, https:\/\/media.investnews.com.br\/uploads\/2022\/07\/emprego-300x181.jpeg 300w, https:\/\/media.investnews.com.br\/uploads\/2022\/07\/emprego-768x463.jpeg 768w, https:\/\/media.investnews.com.br\/uploads\/2022\/07\/emprego-172x104.jpeg 172w, https:\/\/media.investnews.com.br\/uploads\/2022\/07\/emprego-150x91.jpeg 150w\" sizes=\"auto, (max-width: 895px) 100vw, 895px\" \/><figcaption> Elabora\u00e7\u00e3o: Samy Dana <\/figcaption><\/figure>\n\n\n\n<p>O n\u00famero de desempregados recuou 15,6% no trimestre, chegando a 10,1 milh\u00f5es de pessoas. Isso representa 1,9 milh\u00e3o de pessoas a menos em busca por trabalho no pa\u00eds. <\/p>\n\n\n\n<figure class=\"wp-block-image size-large\"><img loading=\"lazy\" decoding=\"async\" width=\"895\" height=\"540\" src=\"https:\/\/media.investnews.com.br\/uploads\/2022\/07\/desem.jpeg\" alt=\"Gr\u00e1fico sobre n\u00famero de desempregados\" class=\"wp-image-350538\" srcset=\"https:\/\/media.investnews.com.br\/uploads\/2022\/07\/desem.jpeg 895w, https:\/\/media.investnews.com.br\/uploads\/2022\/07\/desem-300x181.jpeg 300w, https:\/\/media.investnews.com.br\/uploads\/2022\/07\/desem-768x463.jpeg 768w, https:\/\/media.investnews.com.br\/uploads\/2022\/07\/desem-172x104.jpeg 172w, https:\/\/media.investnews.com.br\/uploads\/2022\/07\/desem-150x91.jpeg 150w\" sizes=\"auto, (max-width: 895px) 100vw, 895px\" \/><figcaption> Elabora\u00e7\u00e3o: Samy Dana <\/figcaption><\/figure>\n\n\n\n<p>\u201cA retra\u00e7\u00e3o da taxa de desocupa\u00e7\u00e3o no segundo trimestre segue movimento j\u00e1 observado em outros anos. Em 2022, contudo, a queda mais acentuada dessa taxa foi provocada pelo avan\u00e7o significativo da popula\u00e7\u00e3o ocupada em rela\u00e7\u00e3o ao primeiro trimestre\u201d, destaca a coordenadora de Pesquisas por Amostra de Domic\u00edlios do IBGE, Adriana Beringuy.<\/p>\n\n\n\n<p> A mediana das previs\u00f5es em pesquisa da Reuters era de que a taxa ficaria em 9,4% no per\u00edodo. <\/p>\n\n\n\n<h2 class=\"wp-block-heading\">Popula\u00e7\u00e3o ocupada<\/h2>\n\n\n\n<p> A <strong>popula\u00e7\u00e3o ocupada<\/strong> \u00e9 a maior desde o in\u00edcio da s\u00e9rie hist\u00f3rica da pesquisa, em 2012. Esse contingente foi estimado em 98,3 milh\u00f5es, o que representa uma alta de 3,1% frente ao trimestre anterior. S\u00e3o 3 milh\u00f5es de pessoas a mais no mercado de trabalho, sendo 1,1 milh\u00e3o na informalidade. <\/p>\n\n\n\n<p>Na compara\u00e7\u00e3o com o mesmo per\u00edodo do ano passado, o aumento \u00e9 de 8,9 milh\u00f5es de trabalhadores. Com o crescimento, o n\u00edvel da ocupa\u00e7\u00e3o, percentual de ocupados na popula\u00e7\u00e3o em idade de trabalhar, foi estimado em 56,8%, avan\u00e7ando 1,6 p.p. frente ao trimestre anterior. <\/p>\n\n\n\n<h2 class=\"wp-block-heading\">Informalidade<\/h2>\n\n\n\n<p>O n\u00famero de<strong> trabalhadores informais<\/strong>, estimado em 39,3 milh\u00f5es, tamb\u00e9m foi o maior da s\u00e9rie hist\u00f3rica do indicador, iniciada em 2016. Na compara\u00e7\u00e3o com o trimestre anterior, houve um crescimento de 2,8%, o que representa mais 1,1 milh\u00e3o de pessoas. Fazem parte dessa popula\u00e7\u00e3o os trabalhadores sem carteira assinada, empregadores e conta pr\u00f3pria sem CNPJ, al\u00e9m de trabalhadores familiares auxiliares.<\/p>\n\n\n\n<p>\u201cNesse segundo trimestre, houve a retomada do crescimento do n\u00famero de trabalhadores por conta pr\u00f3pria sem CNPJ, que havia ca\u00eddo no primeiro trimestre. Al\u00e9m disso, outras categorias principais da informalidade, que s\u00e3o os empregados sem carteira no setor privado e os trabalhadores dom\u00e9sticos sem carteira, continuaram aumentando\u201d, analisa  Beringuy. A taxa de informalidade foi de 40,0% no trimestre encerrado em junho.<\/p>\n\n\n\n<p>O n\u00famero de trabalhadores por conta pr\u00f3pria, somados formais e informais, foi estimado em 25,7 milh\u00f5es, o maior contingente para um trimestre encerrado em junho desde 2012, in\u00edcio da s\u00e9rie hist\u00f3rica da PNAD Cont\u00ednua. Houve crescimento de 1,7% (431 mil pessoas) frente ao trimestre anterior e de 4,3% (1,1 milh\u00e3o) em rela\u00e7\u00e3o ao mesmo per\u00edodo do ano passado.<\/p>\n\n\n\n<p>J\u00e1 entre os empregados sem carteira assinada no setor privado, o aumento foi de 6,8% (ou mais 827 mil pessoas) frente ao \u00faltimo trimestre. Com isso, o contingente tamb\u00e9m foi o maior da s\u00e9rie, ao ser estimado em 13,0 milh\u00f5es de pessoas. O n\u00famero de trabalhadores dom\u00e9sticos sem carteira cresceu 4,3% no per\u00edodo, o equivalente a 180 mil pessoas. Com a alta, essa categoria passou a ser formada por 4,4 milh\u00f5es de trabalhadores.<\/p>\n\n\n\n<p>O crescimento no n\u00famero de informais \u00e9 relacionado a algumas atividades do setor de servi\u00e7os, que foi bastante impactado pelas medidas de isolamento social durante a pandemia. <\/p>\n\n\n\n<p>\u201cPodemos observar que parte importante dos servi\u00e7os, como os servi\u00e7os pessoais prestados \u00e0s fam\u00edlias, tem grande participa\u00e7\u00e3o de trabalhadores informais e est\u00e1 influenciando essa rea\u00e7\u00e3o da ocupa\u00e7\u00e3o. Isso tamb\u00e9m tem ocorrido na constru\u00e7\u00e3o, setor com parcela significativa de informais. Ent\u00e3o, a informalidade tem um papel importante no crescimento da ocupa\u00e7\u00e3o\u201d, explica Beringuy.<\/p>\n\n\n\n<p>No caso do mercado de trabalho formal, o maior crescimento em termos absolutos foi dos empregados com carteira assinada no setor privado. Essa categoria subiu 2,6% no trimestre, um acr\u00e9scimo de 908 mil pessoas. No ano, o aumento foi de 3,7 milh\u00f5es de trabalhadores (11,5%). Por outro lado, o n\u00famero de empregadores com CNPJ ficou est\u00e1vel frente ao \u00faltimo trimestre e subiu 12,7% na compara\u00e7\u00e3o anual. Dos 4,2 milh\u00f5es de empregadores, 3,4 milh\u00f5es (81%) s\u00e3o formais.<\/p>\n\n\n\n<h2 class=\"wp-block-heading\"><strong>Rendimento <\/strong><\/h2>\n\n\n\n<figure class=\"wp-block-image size-large\"><img loading=\"lazy\" decoding=\"async\" width=\"895\" height=\"540\" src=\"https:\/\/media.investnews.com.br\/uploads\/2022\/07\/salario.jpeg\" alt=\"Gr\u00e1fico sobre rendimento m\u00e9dio\" class=\"wp-image-350533\" srcset=\"https:\/\/media.investnews.com.br\/uploads\/2022\/07\/salario.jpeg 895w, https:\/\/media.investnews.com.br\/uploads\/2022\/07\/salario-300x181.jpeg 300w, https:\/\/media.investnews.com.br\/uploads\/2022\/07\/salario-768x463.jpeg 768w, https:\/\/media.investnews.com.br\/uploads\/2022\/07\/salario-172x104.jpeg 172w, https:\/\/media.investnews.com.br\/uploads\/2022\/07\/salario-150x91.jpeg 150w\" sizes=\"auto, (max-width: 895px) 100vw, 895px\" \/><figcaption>Elabora\u00e7\u00e3o: Samy Dana<\/figcaption><\/figure>\n\n\n\n<p>O <strong>rendimento m\u00e9dio real habitual<\/strong> foi estimado em R$ 2.652, ficando est\u00e1vel na compara\u00e7\u00e3o com o primeiro trimestre. No ano, houve queda de 5,1%. J\u00e1 a massa de rendimento chegou a R$ 255,7 bilh\u00f5es, um aumento de 4,4% frente ao trimestre anterior e de 4,8% em rela\u00e7\u00e3o ao mesmo per\u00edodo do ano passado.<\/p>\n\n\n\n<p>Beringuy explica que os resultados refletem a expans\u00e3o da ocupa\u00e7\u00e3o no trimestre. \u201cEmbora n\u00e3o haja aumento no rendimento m\u00e9dio dos trabalhadores, houve crescimento da massa de rendimento porque o n\u00famero de pessoas trabalhando \u00e9 bastante elevado\u201d, ressaltou.<\/p>\n\n\n\n<p>*<em>Com informa\u00e7\u00f5es da Ag\u00eancia IBGE<\/em><\/p>\n","protected":false},"excerpt":{"rendered":"<p>Mediana das previs\u00f5es em pesquisa da Reuters era de que a taxa ficaria em 9,4% no per\u00edodo.<\/p>\n","protected":false},"author":7,"featured_media":313674,"comment_status":"closed","ping_status":"open","sticky":false,"template":"","format":"standard","meta":{"_acf_changed":false,"inline_featured_image":false,"footnotes":""},"categories":[5],"tags":[374,54,216],"autor-wsj":[],"coauthors":[1494],"class_list":["post-350505","post","type-post","status-publish","format-standard","has-post-thumbnail","hentry","category-economia","tag-desemprego","tag-ibge","tag-mercado-de-trabalho"],"acf":[],"amp_enabled":true,"_links":{"self":[{"href":"https:\/\/investnews.com.br\/inv-api\/wp\/v2\/posts\/350505","targetHints":{"allow":["GET"]}}],"collection":[{"href":"https:\/\/investnews.com.br\/inv-api\/wp\/v2\/posts"}],"about":[{"href":"https:\/\/investnews.com.br\/inv-api\/wp\/v2\/types\/post"}],"author":[{"embeddable":true,"href":"https:\/\/investnews.com.br\/inv-api\/wp\/v2\/users\/7"}],"replies":[{"embeddable":true,"href":"https:\/\/investnews.com.br\/inv-api\/wp\/v2\/comments?post=350505"}],"version-history":[{"count":27,"href":"https:\/\/investnews.com.br\/inv-api\/wp\/v2\/posts\/350505\/revisions"}],"predecessor-version":[{"id":350646,"href":"https:\/\/investnews.com.br\/inv-api\/wp\/v2\/posts\/350505\/revisions\/350646"}],"wp:featuredmedia":[{"embeddable":true,"href":"https:\/\/investnews.com.br\/inv-api\/wp\/v2\/media\/313674"}],"wp:attachment":[{"href":"https:\/\/investnews.com.br\/inv-api\/wp\/v2\/media?parent=350505"}],"wp:term":[{"taxonomy":"category","embeddable":true,"href":"https:\/\/investnews.com.br\/inv-api\/wp\/v2\/categories?post=350505"},{"taxonomy":"post_tag","embeddable":true,"href":"https:\/\/investnews.com.br\/inv-api\/wp\/v2\/tags?post=350505"},{"taxonomy":"autor-wsj","embeddable":true,"href":"https:\/\/investnews.com.br\/inv-api\/wp\/v2\/autor-wsj?post=350505"},{"taxonomy":"author","embeddable":true,"href":"https:\/\/investnews.com.br\/inv-api\/wp\/v2\/coauthors?post=350505"}],"curies":[{"name":"wp","href":"https:\/\/api.w.org\/{rel}","templated":true}]}}