{"id":350858,"date":"2022-07-30T15:00:00","date_gmt":"2022-07-30T18:00:00","guid":{"rendered":"https:\/\/investnews.com.br\/?p=350858"},"modified":"2022-08-01T17:49:00","modified_gmt":"2022-08-01T20:49:00","slug":"aos-17-anos-ela-ja-ensina-sobre-educacao-financeira-conheca-a-historia","status":"publish","type":"post","link":"https:\/\/investnews.com.br\/financas\/aos-17-anos-ela-ja-ensina-sobre-educacao-financeira-conheca-a-historia\/","title":{"rendered":"Aos 17 anos, ela j\u00e1 ensina sobre educa\u00e7\u00e3o financeira; conhe\u00e7a a hist\u00f3ria"},"content":{"rendered":"\n<figure class=\"wp-block-embed-youtube wp-block-embed is-type-video is-provider-youtube wp-embed-aspect-16-9 wp-has-aspect-ratio\"><div class=\"wp-block-embed__wrapper\">\n<iframe loading=\"lazy\" title=\"Aos 17 anos, ela j\u00e1 ensina sobre educa\u00e7\u00e3o financeira; conhe\u00e7a a hist\u00f3ria\" width=\"500\" height=\"281\" src=\"https:\/\/www.youtube.com\/embed\/53wyPj5CyZ0?feature=oembed\" frameborder=\"0\" allow=\"accelerometer; autoplay; clipboard-write; encrypted-media; gyroscope; picture-in-picture; web-share\" referrerpolicy=\"strict-origin-when-cross-origin\" allowfullscreen><\/iframe>\n<\/div><\/figure>\n\n\n\n<p>\u00c9 poss\u00edvel entender (e ensinar!) sobre <a href=\"https:\/\/investnews.com.br\/financas\/educacao-financeira-na-escola-projeto-de-lei-esta-em-analise-ha-quase-12-anos\/\" class=\"rank-math-link\">educa\u00e7\u00e3o financeira<\/a> e investimentos ainda na adolesc\u00eancia? Luiza Arantes Gol\u00e7alves, que tem 17 anos e \u00e9 estudante do 3\u00b0 ano do ensino m\u00e9dio, \u00e9 um exemplo de que n\u00e3o h\u00e1 idade certa para aprender e ensinar sobre finan\u00e7as.&nbsp;<\/p>\n\n\n\n<p>A jovem come\u00e7ou a se interessar pelo tema quando cursava o 9\u00b0 ano do ensino fundamental. Foi durante as aulas sobre economia e mercado que ela percebeu que essas eram as \u00e1reas que gostaria de se aprofundar.<\/p>\n\n\n\n<p>N\u00e3o muito tempo depois, dando sequ\u00eancia aos estudos sobre os assuntos, Luiza tamb\u00e9m passou a ensin\u00e1-los em uma das suas redes sociais e, por consequ\u00eancia, em uma das redes sociais de uma corretora de valores que ela fez parceria.<\/p>\n\n\n\n<p>&#8220;Algo que eu acredito muito \u00e9 que conhecimento tem que ser compartilhado. Ent\u00e3o, mesmo eu sabendo muito pouco perto de tudo que existe por a\u00ed, eu j\u00e1 acabo sabendo mais do que outras pessoas&#8230;&#8221;, comenta Luiza ao explicar a raz\u00e3o de realizar esse trabalho.&nbsp;<\/p>\n\n\n\n<p>Suely Nercessian Corradini, diretora pedag\u00f3gica do col\u00e9gio em que a jovem estuda, o Vital Brazil, comenta que &#8220;ver o crescimento de uma aluna como a Luiza \u00e9 extremamente gratificante. A partir de um conte\u00fado desenvolvido em sala de aula, a adolescente despertou uma curiosidade e foi se aprofundando no tema, o que hoje a possibilita se comunicar como profissional&#8221;.<\/p>\n\n\n\n<p>A diretora ainda acrescenta que trabalhar esse tema \u00e9 extremamente relevante durante essa fase escolar. &#8220;Eu acredito que a educa\u00e7\u00e3o financeira traz uma consci\u00eancia que vai muito al\u00e9m de economizar, ela permite que as pessoas possam gerenciar seus recursos de forma mais criteriosa e planejada. Como consequ\u00eancia positiva desse h\u00e1bito, elas podem estabelecer metas e prazos para alcan\u00e7ar sonhos, diminuir os n\u00edveis de estresse e ansiedade e reduzir os efeitos negativos de imprevistos e emerg\u00eancias&#8221;.<\/p>\n","protected":false},"excerpt":{"rendered":"<p>Depois de ter aulas sobre economia e mercado e se apaixonar pelas \u00e1reas, jovem come\u00e7ou a produzir conte\u00fado sobre finan\u00e7as na internet. <\/p>\n","protected":false},"author":51,"featured_media":350868,"comment_status":"closed","ping_status":"open","sticky":false,"template":"","format":"standard","meta":{"_acf_changed":false,"inline_featured_image":false,"footnotes":""},"categories":[4],"tags":[499,289],"autor-wsj":[],"coauthors":[2425],"class_list":["post-350858","post","type-post","status-publish","format-standard","has-post-thumbnail","hentry","category-financas","tag-economia","tag-investimentos"],"acf":[],"amp_enabled":true,"_links":{"self":[{"href":"https:\/\/investnews.com.br\/inv-api\/wp\/v2\/posts\/350858","targetHints":{"allow":["GET"]}}],"collection":[{"href":"https:\/\/investnews.com.br\/inv-api\/wp\/v2\/posts"}],"about":[{"href":"https:\/\/investnews.com.br\/inv-api\/wp\/v2\/types\/post"}],"author":[{"embeddable":true,"href":"https:\/\/investnews.com.br\/inv-api\/wp\/v2\/users\/51"}],"replies":[{"embeddable":true,"href":"https:\/\/investnews.com.br\/inv-api\/wp\/v2\/comments?post=350858"}],"version-history":[{"count":19,"href":"https:\/\/investnews.com.br\/inv-api\/wp\/v2\/posts\/350858\/revisions"}],"predecessor-version":[{"id":351026,"href":"https:\/\/investnews.com.br\/inv-api\/wp\/v2\/posts\/350858\/revisions\/351026"}],"wp:featuredmedia":[{"embeddable":true,"href":"https:\/\/investnews.com.br\/inv-api\/wp\/v2\/media\/350868"}],"wp:attachment":[{"href":"https:\/\/investnews.com.br\/inv-api\/wp\/v2\/media?parent=350858"}],"wp:term":[{"taxonomy":"category","embeddable":true,"href":"https:\/\/investnews.com.br\/inv-api\/wp\/v2\/categories?post=350858"},{"taxonomy":"post_tag","embeddable":true,"href":"https:\/\/investnews.com.br\/inv-api\/wp\/v2\/tags?post=350858"},{"taxonomy":"autor-wsj","embeddable":true,"href":"https:\/\/investnews.com.br\/inv-api\/wp\/v2\/autor-wsj?post=350858"},{"taxonomy":"author","embeddable":true,"href":"https:\/\/investnews.com.br\/inv-api\/wp\/v2\/coauthors?post=350858"}],"curies":[{"name":"wp","href":"https:\/\/api.w.org\/{rel}","templated":true}]}}