{"id":350992,"date":"2022-07-29T20:51:56","date_gmt":"2022-07-29T23:51:56","guid":{"rendered":"https:\/\/investnews.com.br\/?p=350992"},"modified":"2024-06-26T11:27:07","modified_gmt":"2024-06-26T14:27:07","slug":"ficou-sabendo-taxacao-de-dividendos-petrobras-nega-venda-de-fatia-na-braskem","status":"publish","type":"post","link":"https:\/\/investnews.com.br\/economia\/ficou-sabendo-taxacao-de-dividendos-petrobras-nega-venda-de-fatia-na-braskem\/","title":{"rendered":"Ficou sabendo? Taxa\u00e7\u00e3o de dividendos; Petrobras nega venda de fatia na Braskem"},"content":{"rendered":"\n<h2 class=\"wp-block-heading\">Petrobras nega negocia\u00e7\u00f5es em curso para vender fatia na Braskem<\/h2>\n\n\n\n<p>&nbsp;A <strong>Petrobras <\/strong><a href=\"https:\/\/investnews.com.br\/cotacao\/petr3-petr4-petrobras\/\" class=\"rank-math-link\">(PETR3, PETR4)<\/a><strong> <\/strong>negou a possibilidade de atual condu\u00e7\u00e3o de venda de sua participa\u00e7\u00e3o na<strong> Braskem<\/strong> <a href=\"https:\/\/investnews.com.br\/cotacao\/brkm3-brkm5-braskem\/\" class=\"rank-math-link\">(BRKM3, BRKM5)<\/a>, conforme comunicado divulgado nesta sexta-feira.<\/p>\n\n\n\n<p>Ao comentar not\u00edcias veiculadas na imprensa, a estatal reafirmou que sua fatia na Braskem faz parte da carteira de ativos \u00e0 venda, de acordo com plano estrat\u00e9gico divulgado. No entanto, disse que n\u00e3o h\u00e1 nova negocia\u00e7\u00e3o.<\/p>\n\n\n\n<p>&#8220;A Petrobras informa que n\u00e3o est\u00e1 conduzindo nenhuma estrutura\u00e7\u00e3o de opera\u00e7\u00e3o de venda no mercado privado&#8221;, afirmou a companhia.<\/p>\n\n\n\n<p>Mais cedo, o jornal Valor Econ\u00f4mico publicou que a Braskem teria recebido tr\u00eas ofertas separadas de aquisi\u00e7\u00e3o parcial ou total, citando fontes familiarizadas com o assunto.<\/p>\n\n\n\n<p>As ofertas formalizadas seriam do Unipar, BTG Pactual e Apollo Global Management.<\/p>\n\n\n\n<h2 class=\"wp-block-heading\">Governo quer reformar IR ap\u00f3s elei\u00e7\u00e3o com taxa\u00e7\u00e3o de dividendo para bancar aux\u00edlio <\/h2>\n\n\n\n<p>O governo articula colocar em vota\u00e7\u00e3o logo ap\u00f3s as elei\u00e7\u00f5es de outubro a reforma do<strong><a href=\"https:\/\/investnews.com.br\/tag\/imposto-de-renda\/\" class=\"rank-math-link\"> Imposto de Renda (IR)<\/a><\/strong>, instituindo a taxa\u00e7\u00e3o de <a class=\"rank-math-link\" href=\"https:\/\/investnews.com.br\/carteira-acoes-recomendadas-dividendos\/\">dividendos<\/a> como fonte de financiamento para bancar a continuidade do valor de 600 reais do Aux\u00edlio Brasil a partir de 2023, segundo uma fonte que participa das negocia\u00e7\u00f5es.<\/p>\n\n\n\n<p>De acordo com essa autoridade, que falou sob condi\u00e7\u00e3o de anonimato, o plano tem o objetivo de estabelecer uma fonte de financiamento permanente para esse gasto, enquanto t\u00e9cnicos ainda buscam uma solu\u00e7\u00e3o pelo lado da despesa, j\u00e1 que n\u00e3o h\u00e1 margem no teto de gastos.<\/p>\n\n\n\n<p>No \u00faltimo domingo, o presidente<strong> Jair Bolsonaro<\/strong> prometeu manter o valor do benef\u00edcio social em 600 reais em 2023 se for eleito &#8211;pela emenda constitucional aprovada, esse valor est\u00e1 garantido apenas at\u00e9 dezembro e o benef\u00edcio voltaria a 400 reais no ano que vem.<\/p>\n\n\n\n<p>A equipe econ\u00f4mica estima que tornar o benef\u00edcio de 600 reais permanente exigiria um gasto adicional de at\u00e9 60 bilh\u00f5es de reais em 2023 e considera a ado\u00e7\u00e3o da medida um &#8220;desafio consider\u00e1vel&#8221; diante do aperto nas contas federais.<\/p>\n\n\n\n<p>A C\u00e2mara dos Deputados aprovou uma reforma do IR em setembro de 2021, com um imposto de 15% sobre a distribui\u00e7\u00e3o de <a href=\"https:\/\/investnews.com.br\/guias\/dividendos-o-que-sao-como-funcionam\/\">dividendos<\/a>, atualmente isentos no Brasil. O texto est\u00e1 travado no Senado.<\/p>\n\n\n\n<p>O governo quer usar a for\u00e7a pol\u00edtica de uma eventual reelei\u00e7\u00e3o de Bolsonaro para aprovar a medida ainda neste ano. <strong>O argumento para convencer os parlamentares ser\u00e1 de que os mais ricos ser\u00e3o taxados para financiar a distribui\u00e7\u00e3o de renda aos mais pobres.<\/strong><\/p>\n\n\n\n<p>A institui\u00e7\u00e3o de um tributo sobre a distribui\u00e7\u00e3o de dividendos tamb\u00e9m est\u00e1 nos planos do PT, com a justificativa de que \u00e9 necess\u00e1rio cobrar dos mais ricos. Nesta semana, o ex-presidente Luiz In\u00e1cio Lula da Silva disse em entrevista ser necess\u00e1ria uma pol\u00edtica tribut\u00e1ria no pa\u00eds que taxe lucros.<\/p>\n\n\n\n<p>De acordo com a fonte, a decis\u00e3o do presidente Bolsonaro de anunciar a manuten\u00e7\u00e3o do <strong>Aux\u00edlio Brasil <\/strong>em 600 reais foi uma resposta a Lula, que j\u00e1 havia prometido manter o aux\u00edlio em 600 reais se eleito. O petista est\u00e1 \u00e0 frente de Bolsonaro nas pesquisas de inten\u00e7\u00e3o de voto.<\/p>\n\n\n\n<p>Segundo o relato, Bolsonaro foi aconselhado a anunciar o programa desde que encontre maneiras de viabiliz\u00e1-lo sem prejudicar a situa\u00e7\u00e3o fiscal do pa\u00eds, sob argumento de que uma ruptura nas contas p\u00fablicas teria efeito negativo direto sobre c\u00e2mbio e infla\u00e7\u00e3o, atingindo os mais pobres.<\/p>\n\n\n\n<p>Outra ideia que circulou no governo, segundo a fonte, seria deslocar parte dos recursos de emendas parlamentares para financiar o programa. A ideia \u00e9 de dif\u00edcil execu\u00e7\u00e3o j\u00e1 que mexe com verbas de interesse de deputados e senadores.<\/p>\n\n\n\n<p><strong>Otimismo com PIB<\/strong><\/p>\n\n\n\n<p>Mesmo ap\u00f3s a revis\u00e3o para cima da proje\u00e7\u00e3o oficial do governo para a atividade econ\u00f4mica, essa fonte afirma que a percep\u00e7\u00e3o no Executivo \u00e9 que o resultado do ano pode ser ainda melhor.<\/p>\n\n\n\n<p>A avalia\u00e7\u00e3o \u00e9 que a retomada sustentada da atividade deve levar o Produto Interno Bruto (PIB) do pa\u00eds a crescer mais de 2% em 2022, com a taxa de expans\u00e3o podendo chegar a 2,5%.<\/p>\n\n\n\n<p>Neste m\u00eas, o Minist\u00e9rio da Economia melhorou a estimativa oficial para o desempenho da atividade econ\u00f4mica neste ano de 1,5% para 2,0%.<br><\/p>\n","protected":false},"excerpt":{"rendered":"<p>A Petrobras negou a possibilidade de de desfazer de sua participa\u00e7\u00e3o na Braskem; Governo quer reformar IR ap\u00f3s elei\u00e7\u00e3o com taxa\u00e7\u00e3o de dividendo para bancar aux\u00edlio de R$ 600.<\/p>\n","protected":false},"author":61,"featured_media":0,"comment_status":"closed","ping_status":"open","sticky":false,"template":"","format":"standard","meta":{"_acf_changed":false,"inline_featured_image":false,"footnotes":""},"categories":[5],"tags":[526,44,234,161,21],"autor-wsj":[],"coauthors":[2494],"class_list":["post-350992","post","type-post","status-publish","format-standard","hentry","category-economia","tag-dividendos","tag-imposto-de-renda","tag-jair-bolsonaro","tag-braskem","tag-petrobras"],"acf":[],"amp_enabled":true,"_links":{"self":[{"href":"https:\/\/investnews.com.br\/inv-api\/wp\/v2\/posts\/350992","targetHints":{"allow":["GET"]}}],"collection":[{"href":"https:\/\/investnews.com.br\/inv-api\/wp\/v2\/posts"}],"about":[{"href":"https:\/\/investnews.com.br\/inv-api\/wp\/v2\/types\/post"}],"author":[{"embeddable":true,"href":"https:\/\/investnews.com.br\/inv-api\/wp\/v2\/users\/61"}],"replies":[{"embeddable":true,"href":"https:\/\/investnews.com.br\/inv-api\/wp\/v2\/comments?post=350992"}],"version-history":[{"count":8,"href":"https:\/\/investnews.com.br\/inv-api\/wp\/v2\/posts\/350992\/revisions"}],"predecessor-version":[{"id":359942,"href":"https:\/\/investnews.com.br\/inv-api\/wp\/v2\/posts\/350992\/revisions\/359942"}],"wp:attachment":[{"href":"https:\/\/investnews.com.br\/inv-api\/wp\/v2\/media?parent=350992"}],"wp:term":[{"taxonomy":"category","embeddable":true,"href":"https:\/\/investnews.com.br\/inv-api\/wp\/v2\/categories?post=350992"},{"taxonomy":"post_tag","embeddable":true,"href":"https:\/\/investnews.com.br\/inv-api\/wp\/v2\/tags?post=350992"},{"taxonomy":"autor-wsj","embeddable":true,"href":"https:\/\/investnews.com.br\/inv-api\/wp\/v2\/autor-wsj?post=350992"},{"taxonomy":"author","embeddable":true,"href":"https:\/\/investnews.com.br\/inv-api\/wp\/v2\/coauthors?post=350992"}],"curies":[{"name":"wp","href":"https:\/\/api.w.org\/{rel}","templated":true}]}}