{"id":351896,"date":"2022-08-03T09:44:00","date_gmt":"2022-08-03T12:44:00","guid":{"rendered":"https:\/\/investnews.com.br\/?p=351896"},"modified":"2022-08-03T10:05:15","modified_gmt":"2022-08-03T13:05:15","slug":"cielo-anuncia-saida-de-presidente-e-novo-ciclo-com-foco-em-transformacao-digital","status":"publish","type":"post","link":"https:\/\/investnews.com.br\/negocios\/cielo-anuncia-saida-de-presidente-e-novo-ciclo-com-foco-em-transformacao-digital\/","title":{"rendered":"Cielo anuncia sa\u00edda de presidente e novo ciclo com foco em transforma\u00e7\u00e3o digital"},"content":{"rendered":"\n<p>O presidente-executivo da&nbsp;<strong>Cielo<\/strong> (<a class=\"rank-math-link\" href=\"https:\/\/investnews.com.br\/cotacao\/ciel3-cielo\/\">CIEL3<\/a>), Gustavo Sousa, deixou a companhia ap\u00f3s pouco mais de um ano no cargo, comunicou nesta quarta-feira a empresa de meios de pagamentos, que tamb\u00e9m anunciou uma reformula\u00e7\u00e3o da estrat\u00e9gia para focar na transforma\u00e7\u00e3o digital.<\/p>\n\n\n\n<p>Sousa, que ingressou na&nbsp;Cielo&nbsp;h\u00e1 mais de tr\u00eas anos como diretor financeiro, assumiu o cargo de presidente-executivo em maio de 2021 com o objetivo de vender ativos e melhorar a efici\u00eancia de custos e a lucratividade, disse a empresa em fato relevante \u00e0 Comiss\u00e3o de Valores Mobili\u00e1rios (CVM).<\/p>\n\n\n\n<p>&#8220;Com a conclus\u00e3o desse ciclo de transforma\u00e7\u00e3o operacional e financeira, Gustavo segue para outro desafio profissional&#8221;, acrescentou, sem detalhar mais.<\/p>\n\n\n\n<p>A&nbsp;Cielo&nbsp;disse que Renata Andrade Daltro dos Santos, funcion\u00e1ria da&nbsp;Cielo&nbsp;h\u00e1 onze anos e vice-presidente comercial de grandes contas desde novembro de 2020, assume interinamente a presid\u00eancia da companhia.<\/p>\n\n\n\n<p>&#8220;O pr\u00f3ximo ciclo de gest\u00e3o da&nbsp;Cielo&nbsp;ter\u00e1 \u00eanfase em transforma\u00e7\u00e3o digital, expans\u00e3o das linhas de neg\u00f3cios e continuidade de crescimento de market share com maior rentabilidade&#8221;, disse a empresa.<\/p>\n\n\n\n<p>Na v\u00e9spera, a\u00a0Cielo\u00a0divulgou balan\u00e7o do segundo trimestre mostrando um salto no lucro para R$ 635,3 milh\u00f5es, que superou com folga as previs\u00f5es, em meio a crescimento de volumes, recupera\u00e7\u00e3o de margens e controle de custos.<\/p>\n","protected":false},"excerpt":{"rendered":"<p>Renata Andrade Daltro dos Santos, funcion\u00e1ria da Cielo h\u00e1 onze anos e vice-presidente comercial de grandes contas desde novembro de 2020, assume interinamente o cargo.<\/p>\n","protected":false},"author":61,"featured_media":285821,"comment_status":"closed","ping_status":"open","sticky":false,"template":"","format":"standard","meta":{"_acf_changed":false,"inline_featured_image":false,"footnotes":""},"categories":[6],"tags":[165],"autor-wsj":[],"coauthors":[2494],"class_list":["post-351896","post","type-post","status-publish","format-standard","has-post-thumbnail","hentry","category-negocios","tag-cielo"],"acf":[],"amp_enabled":true,"_links":{"self":[{"href":"https:\/\/investnews.com.br\/inv-api\/wp\/v2\/posts\/351896","targetHints":{"allow":["GET"]}}],"collection":[{"href":"https:\/\/investnews.com.br\/inv-api\/wp\/v2\/posts"}],"about":[{"href":"https:\/\/investnews.com.br\/inv-api\/wp\/v2\/types\/post"}],"author":[{"embeddable":true,"href":"https:\/\/investnews.com.br\/inv-api\/wp\/v2\/users\/61"}],"replies":[{"embeddable":true,"href":"https:\/\/investnews.com.br\/inv-api\/wp\/v2\/comments?post=351896"}],"version-history":[{"count":4,"href":"https:\/\/investnews.com.br\/inv-api\/wp\/v2\/posts\/351896\/revisions"}],"predecessor-version":[{"id":351915,"href":"https:\/\/investnews.com.br\/inv-api\/wp\/v2\/posts\/351896\/revisions\/351915"}],"wp:featuredmedia":[{"embeddable":true,"href":"https:\/\/investnews.com.br\/inv-api\/wp\/v2\/media\/285821"}],"wp:attachment":[{"href":"https:\/\/investnews.com.br\/inv-api\/wp\/v2\/media?parent=351896"}],"wp:term":[{"taxonomy":"category","embeddable":true,"href":"https:\/\/investnews.com.br\/inv-api\/wp\/v2\/categories?post=351896"},{"taxonomy":"post_tag","embeddable":true,"href":"https:\/\/investnews.com.br\/inv-api\/wp\/v2\/tags?post=351896"},{"taxonomy":"autor-wsj","embeddable":true,"href":"https:\/\/investnews.com.br\/inv-api\/wp\/v2\/autor-wsj?post=351896"},{"taxonomy":"author","embeddable":true,"href":"https:\/\/investnews.com.br\/inv-api\/wp\/v2\/coauthors?post=351896"}],"curies":[{"name":"wp","href":"https:\/\/api.w.org\/{rel}","templated":true}]}}