{"id":352380,"date":"2022-08-04T08:11:47","date_gmt":"2022-08-04T11:11:47","guid":{"rendered":"https:\/\/investnews.com.br\/?p=352380"},"modified":"2024-06-26T11:26:48","modified_gmt":"2024-06-26T14:26:48","slug":"5-fatos-para-hoje-compra-da-ceee-g-pela-csn-reforma-tributaria","status":"publish","type":"post","link":"https:\/\/investnews.com.br\/economia\/5-fatos-para-hoje-compra-da-ceee-g-pela-csn-reforma-tributaria\/","title":{"rendered":"5 fatos para hoje: compra da CEEE-G pela CSN; reforma tribut\u00e1ria"},"content":{"rendered":"\n<h2 class=\"wp-block-heading\">1 &#8211; CSN v\u00ea redu\u00e7\u00e3o de 60% no custo de energia com CEEE-G e IPO da CSN Energia no futuro<\/h2>\n\n\n\n<p>A sider\u00fargica <strong>CSN<\/strong> (<a href=\"https:\/\/investnews.com.br\/cotacao\/cmin3-csn-mineracao-sa\/\" class=\"rank-math-link\">CMIN3<\/a>) disse nesta quarta-feira (03) que a aquisi\u00e7\u00e3o da geradora de energia el\u00e9trica CEEE-G trar\u00e1 ganhos importantes de competitividade \u00e0s opera\u00e7\u00f5es industriais, prevendo uma redu\u00e7\u00e3o de 60% de seu custo com energia el\u00e9trica.<\/p>\n\n\n\n<p>Ao mesmo tempo, a compra da el\u00e9trica tamb\u00e9m permitir\u00e1 \u00e0 CSN diversificar seus neg\u00f3cios, reduzindo sua exposi\u00e7\u00e3o \u00e0 <a href=\"https:\/\/investnews.com.br\/guias\/volatilidade-o-que-e\/\">volatilidade<\/a> de mercados nos quais opera atualmente, segundo executivos.<\/p>\n\n\n\n<p>Em teleconfer\u00eancia para comentar o neg\u00f3cio, o diretor financeiro da companhia, Marcelo Cunha Ribeiro, explicou que pouco mais de 50% da energia das hidrel\u00e9tricas da CEEE-G atender\u00e1 as unidades de siderurgia, cimentos e minera\u00e7\u00e3o do grupo a partir de 2023.<\/p>\n\n\n\n<p>O avan\u00e7o para a autossufici\u00eancia em energia el\u00e9trica trar\u00e1 um ganho de R$ 334 milh\u00f5es anuais em <a href=\"https:\/\/investnews.com.br\/guias\/ebitda-o-que-e-como-calcular\/\">Ebitda<\/a> para a CSN, segundo c\u00e1lculos da companhia.<\/p>\n\n\n\n<p>O restante da energia gerada pela CEEE-G dever\u00e1 ser vendida principalmente em contratos (PPAs, no jarg\u00e3o do setor) de longo prazo, junto a contrapartes s\u00f3lidas. Uma parcela menor ficar\u00e1 descontratada, para que a companhia possa buscar ganhos com a comercializa\u00e7\u00e3o de curto prazo, a pre\u00e7os melhores.<\/p>\n\n\n\n<p>&#8220;N\u00e3o queremos estar expostos ao risco de energia descontratada, ou pelo menos n\u00e3o em excesso. Nossa estrat\u00e9gia de investimento com a CEEE-G \u00e9 para garantir esse benef\u00edcio industrial e ter alguma exposi\u00e7\u00e3o com o ganho da comercializa\u00e7\u00e3o&#8221;, explicou Ribeiro.<\/p>\n\n\n\n<p>&#8220;Vamos fazer da CEEE-G uma comercializadora, vamos come\u00e7ar pequenos, mas tamb\u00e9m vamos entrar no neg\u00f3cio de comercializa\u00e7\u00e3o de energia&#8221;, acrescentou.<\/p>\n\n\n\n<p>Por meio de uma subsidi\u00e1ria, a CSN venceu o leil\u00e3o de privatiza\u00e7\u00e3o da CEEE-G com uma oferta de 928 milh\u00f5es de reais, 10,93% acima do pre\u00e7o m\u00ednimo definido em edital, na semana passada.<\/p>\n\n\n\n<h3 class=\"wp-block-heading\">Novas oportunidades e IPO<\/h3>\n\n\n\n<p>Questionados sobre potenciais novas aquisi\u00e7\u00f5es em energia, Ribeiro disse que a companhia passou a ter um apetite mais &#8220;oportunista&#8221;. &#8220;N\u00e3o vamos ficar ativamente procurando novos ativos, temos bastante trabalhando dentro de casa agora&#8230; Mas vamos ficar sempre atentos.&#8221;<\/p>\n\n\n\n<p>O CFO disse ainda que a CSN ir\u00e1 avaliar no futuro uma oferta inicial da a\u00e7\u00f5es (IPO) da CSN Energia, unidade do grupo que concentra os neg\u00f3cios desse segmento.<\/p>\n\n\n\n<p>&#8220;Continuamos no caminho tra\u00e7ado, a gente acha que \u00e9 relevante que os neg\u00f3cios tenham um acesso a capital facilitado&#8230; Por isso o IPO, fizemos (CSN) Minera\u00e7\u00e3o, estamos prontos no caso do Cimento&#8230; e no caso da Energia, \u00e9 um candidato natural.&#8221;<\/p>\n\n\n\n<p>A companhia observou ainda que, nos pr\u00f3ximos meses, precisar\u00e1 realizar uma oferta de compra das a\u00e7\u00f5es de minorit\u00e1rios da CEEE-G, com destaque para a Eletrobras, que det\u00e9m 32,74% do capital da el\u00e9trica. A expectativa \u00e9 de que oferta de &#8220;tag along&#8221; possa ser realizada com des\u00e1gio de 20% do pre\u00e7o do leil\u00e3o.<\/p>\n\n\n\n<p>Tamb\u00e9m presente na teleconfer\u00eancia, o CEO da CSN, Benjamin Steinbruch, destacou que a companhia continuar\u00e1 como um grupo industrial, apesar da mais recente aposta no setor el\u00e9trico.<\/p>\n\n\n\n<p>&#8220;Nossos principais neg\u00f3cios s\u00e3o de produ\u00e7\u00e3o, basicamente minera\u00e7\u00e3o, siderurgia e cimento. N\u00f3s temos a infraestrutura e log\u00edstica e a energia como servi\u00e7os complementares \u00e0 produ\u00e7\u00e3o, vamos nos manter fi\u00e9is \u00e0 nossa origem&#8221;, afirmou Steinbruch.<\/p>\n\n\n\n<h2 class=\"wp-block-heading\">2 &#8211; Guedes vincula corre\u00e7\u00e3o da tabela do IR e aux\u00edlio de R$ 600 permanente \u00e0 reforma tribut\u00e1ria<\/h2>\n\n\n\n<p>O governo poder\u00e1 corrigir a tabela do <a href=\"https:\/\/investnews.com.br\/guias\/imposto-de-renda-o-que-e\/\">Imposto de Renda<\/a> e pagar de maneira permanente o Aux\u00edlio Brasil de R$ 600 se o Congresso aprovar o projeto de <a href=\"https:\/\/investnews.com.br\/geral\/5-fatos-para-hoje-reforma-tributaria-adiada-pl-de-transparencia-da-petrobras\/\" class=\"rank-math-link\">reforma tribut\u00e1ria<\/a> que j\u00e1 passou pela C\u00e2mara e aguarda an\u00e1lise do Senado, disse nesta ter\u00e7a-feira o ministro da Economia, Paulo Guedes.<\/p>\n\n\n\n<p>Em apresenta\u00e7\u00e3o durante o evento Expert XP, Guedes afirmou que a reforma do Imposto de Renda \u00e9 a solu\u00e7\u00e3o para que as duas promessas j\u00e1 feitas pelo presidente Jair Bolsonaro sejam cumpridas com responsabilidade fiscal.<\/p>\n\n\n\n<p>A regra atual prev\u00ea que o <a href=\"https:\/\/investnews.com.br\/web-stories\/auxilio-brasil-600-reais-quando-sera-pago-quem-recebe\/\" class=\"rank-math-link\">Aux\u00edlio Brasil ser\u00e1 de R$ 600<\/a> apenas at\u00e9 dezembro. A estrat\u00e9gia para viabilizar o valor mais alto de forma permanente foi noticiada pela Reuters na semana passada.<\/p>\n\n\n\n<p>Como o teto de gastos seguiria sendo um obst\u00e1culo a essas despesas adicionais mesmo com essa solu\u00e7\u00e3o, Guedes voltou a defender a retirada de amarras do Or\u00e7amento, dando mais liberdade para os governantes definirem aloca\u00e7\u00f5es priorit\u00e1rias.<\/p>\n\n\n\n<p>Na apresenta\u00e7\u00e3o, Guedes disse que o Brasil tem hoje situa\u00e7\u00e3o fiscal forte e equilibrada, avaliando que a pol\u00edtica monet\u00e1ria tamb\u00e9m est\u00e1 no lugar.<\/p>\n\n\n\n<p>Ele afirmou que a arrecada\u00e7\u00e3o tribut\u00e1ria de julho ser\u00e1 novamente um recorde, 9% acima do esperado. O dado oficial ser\u00e1 apresentado pela Receita Federal apenas no fim deste m\u00eas.<\/p>\n\n\n\n<p>O ministro afirmou que o pagamento do Aux\u00edlio Brasil de R$ 600 este ano \u00e9 fiscalmente respons\u00e1vel, custeado por receitas extraordin\u00e1rias. Ele argumentou que o governo &#8220;violou o teto de gastos&#8221; para repassar recursos aos mais fr\u00e1geis em um momento de emerg\u00eancia.<\/p>\n\n\n\n<p>Analistas v\u00eam mencionando amplia\u00e7\u00e3o de riscos fiscais e poss\u00edvel press\u00e3o inflacion\u00e1ria depois que o governo decidiu liberar despesas por fora do teto para turbinar benef\u00edcios sociais meses antes da elei\u00e7\u00e3o.<\/p>\n\n\n\n<p>Na apresenta\u00e7\u00e3o, Guedes pediu que as pessoas acreditem nos fatos, e n\u00e3o em narrativas. O ministro argumentou que o governo foi acusado de populismo fiscal em 2021, mas encerrou o ano com super\u00e1vit prim\u00e1rio nas contas do setor p\u00fablico.<\/p>\n\n\n\n<p>Sem especificar se estava se referindo ao governo central ou ao setor p\u00fablico (que inclui Estados, munic\u00edpios e estatais), ele afirmou que o governo ter\u00e1 super\u00e1vit fiscal este ano novamente.<\/p>\n\n\n\n<p>Sem dar detalhes, o ministro tamb\u00e9m afirmou que o governo vai tentar zerar o Imposto sobre Produtos Industrializados (IPI) e tamb\u00e9m levar a zero encargos trabalhistas por meio de uma reedi\u00e7\u00e3o da chamada carteira verde e amarela.<\/p>\n\n\n\n<h2 class=\"wp-block-heading\">3 &#8211; <strong>BC: Copom avaliar\u00e1 ajuste residual de menor magnitude em pr\u00f3xima reuni\u00e3o<\/strong><\/h2>\n\n\n\n<p>O Comit\u00ea de Pol\u00edtica Monet\u00e1ria (Copom) do Banco Central deixou a porta aberta para continuar o ciclo de alta de juros na pr\u00f3xima reuni\u00e3o, em setembro, \u00e0s v\u00e9speras da elei\u00e7\u00e3o. Nesta quarta-feira (3) o <a href=\"https:\/\/investnews.com.br\/geral\/copom-anuncia-alta-de-05-ponto-da-taxa-selic-a-1375-ao-ano\/\" class=\"rank-math-link\">Copom elevou a taxa Selic em 0,50 ponto porcentual, de 13,25% para 13,75%<\/a>, voltando ao mesmo patamar de janeiro de 2017.<\/p>\n\n\n\n<p>No comunicado, o BC afirmou que &#8220;avaliar\u00e1 a necessidade de um ajuste residual, de menor magnitude, em sua pr\u00f3xima reuni\u00e3o&#8221;. E assegurou que &#8220;seguir\u00e1 vigilante&#8221; e que vai buscar a converg\u00eancia da infla\u00e7\u00e3o para as suas metas, o que inclui o ano de 2023 e, em menor grau, de 2024. Mas destacou que a incerteza elevada no Brasil e no mundo demandam &#8220;cautela adicional&#8221;.<\/p>\n\n\n\n<p>&#8220;O Copom enfatiza que seguir\u00e1 vigilante e que os passos futuros da pol\u00edtica monet\u00e1ria poder\u00e3o ser ajustados para assegurar a converg\u00eancia da infla\u00e7\u00e3o para suas metas. Nota ainda que a incerteza da atual conjuntura, tanto dom\u00e9stica quanto global, aliada ao est\u00e1gio avan\u00e7ado do ciclo de ajuste e seus impactos acumulados ainda por serem observados, demanda cautela adicional em sua atua\u00e7\u00e3o&#8221;, disse, no comunicado.<\/p>\n\n\n\n<p>No documento, o BC voltou a mostrar preocupa\u00e7\u00e3o com o risco de desancoragem de expectativas para os prazos mais longos, o que, na sua avalia\u00e7\u00e3o, demanda que &#8220;o que o ciclo de aperto monet\u00e1rio continue avan\u00e7ando significativamente em territ\u00f3rio ainda mais contracionista&#8221;.<\/p>\n\n\n\n<p>&#8220;O Copom considera que, diante de suas proje\u00e7\u00f5es e do risco de desancoragem das expectativas para prazos mais longos, \u00e9 apropriado que o ciclo de aperto monet\u00e1rio continue avan\u00e7ando significativamente em territ\u00f3rio ainda mais contracionista. O Comit\u00ea enfatiza que ir\u00e1 perseverar em sua estrat\u00e9gia at\u00e9 que se consolide n\u00e3o apenas o processo de desinfla\u00e7\u00e3o como tamb\u00e9m a ancoragem das expectativas em torno de suas metas.&#8221;<\/p>\n\n\n\n<h2 class=\"wp-block-heading\">4 &#8211; <strong>Bolsonaro revela conversa com embaixador na Argentina: Situa\u00e7\u00e3o \u00e9 cr\u00edtica<\/strong><\/h2>\n\n\n\n<p>O presidente Jair Bolsonaro revelou, em encontro com aliados no Pal\u00e1cio da Alvorada, conte\u00fados de sua troca de impress\u00f5es com o embaixador do Brasil na Argentina, Reinaldo Salgado. &#8220;Ele me disse que a situa\u00e7\u00e3o econ\u00f4mica da Argentina \u00e9 cr\u00edtica. N\u00e3o consegue entender como a Argentina pode sair dessa situa\u00e7\u00e3o&#8221;, relatou o presidente aos presentes.<\/p>\n\n\n\n<p>Bolsonaro tamb\u00e9m comentou a troca de ministro da Economia no pa\u00eds vizinho para tentar conter a crise econ\u00f4mica. &#8220;Foi trocado o ministro da Economia, que fundiu outras pastas. Est\u00e3o agora esperando o an\u00fancio das medidas.&#8221;<\/p>\n\n\n\n<p>Na conversa com pol\u00edticos bolsonaristas, como o governador de Mato Grosso, Mauro Mendes (Uni\u00e3o Brasil), e o senador Wellington Fagundes (PL), candidatos \u00e0 reelei\u00e7\u00e3o, Bolsonaro voltou a criticar os signat\u00e1rios dos manifestos pela democracia organizados pela Fiesp e pela USP. Para o presidente, os artistas que assinaram os textos o fizeram por terem perdido contratos da Lei Rouanet.<\/p>\n\n\n\n<p>&#8220;Assinar papel qualquer um assina. Agora, dar demonstra\u00e7\u00e3o na pr\u00e1tica que \u00e9 democrata \u00e9 algo completamente diferente. Estamos h\u00e1 tr\u00eas anos e meio no governo, n\u00e3o tem uma palavra minha, uma a\u00e7\u00e3o minha tentando ferir a nossa Constitui\u00e7\u00e3o&#8221;, afirmou o chefe do Executivo no Alvorada.<\/p>\n\n\n\n<h2 class=\"wp-block-heading\">5 &#8211; De olho na R\u00fassia, Senado dos EUA aprova entrada de Finl\u00e2ndia e Su\u00e9cia na Otan<\/h2>\n\n\n\n<figure class=\"wp-block-image size-large\"><img loading=\"lazy\" decoding=\"async\" width=\"1024\" height=\"683\" src=\"https:\/\/media.investnews.com.br\/uploads\/2022\/08\/2022-08-03T231656Z_1_LYNXMPEI72153_RTROPTP_4_UKRAINE-CRISIS-NATO-SWEDEN-FINLAND-1024x683.jpg\" alt=\"otan\" class=\"wp-image-352382\" srcset=\"https:\/\/media.investnews.com.br\/uploads\/2022\/08\/2022-08-03T231656Z_1_LYNXMPEI72153_RTROPTP_4_UKRAINE-CRISIS-NATO-SWEDEN-FINLAND-1024x683.jpg 1024w, https:\/\/media.investnews.com.br\/uploads\/2022\/08\/2022-08-03T231656Z_1_LYNXMPEI72153_RTROPTP_4_UKRAINE-CRISIS-NATO-SWEDEN-FINLAND-300x200.jpg 300w, https:\/\/media.investnews.com.br\/uploads\/2022\/08\/2022-08-03T231656Z_1_LYNXMPEI72153_RTROPTP_4_UKRAINE-CRISIS-NATO-SWEDEN-FINLAND-768x512.jpg 768w, https:\/\/media.investnews.com.br\/uploads\/2022\/08\/2022-08-03T231656Z_1_LYNXMPEI72153_RTROPTP_4_UKRAINE-CRISIS-NATO-SWEDEN-FINLAND-1536x1024.jpg 1536w, https:\/\/media.investnews.com.br\/uploads\/2022\/08\/2022-08-03T231656Z_1_LYNXMPEI72153_RTROPTP_4_UKRAINE-CRISIS-NATO-SWEDEN-FINLAND-1256x837.jpg 1256w, https:\/\/media.investnews.com.br\/uploads\/2022\/08\/2022-08-03T231656Z_1_LYNXMPEI72153_RTROPTP_4_UKRAINE-CRISIS-NATO-SWEDEN-FINLAND-172x115.jpg 172w, https:\/\/media.investnews.com.br\/uploads\/2022\/08\/2022-08-03T231656Z_1_LYNXMPEI72153_RTROPTP_4_UKRAINE-CRISIS-NATO-SWEDEN-FINLAND-150x100.jpg 150w, https:\/\/media.investnews.com.br\/uploads\/2022\/08\/2022-08-03T231656Z_1_LYNXMPEI72153_RTROPTP_4_UKRAINE-CRISIS-NATO-SWEDEN-FINLAND.jpg 2048w\" sizes=\"auto, (max-width: 1024px) 100vw, 1024px\" \/><figcaption>Bandeiras da Finl\u00e2ndia, da Su\u00e9cia e da Otan em Bruxelas\n18\/05\/2022\nREUTERS\/Johanna Geron<\/figcaption><\/figure>\n\n\n\n<p>O Senado dos Estados Unidos aprovou, nesta quarta-feira (03), a ades\u00e3o de Finl\u00e2ndia e Su\u00e9cia \u00e0 Organiza\u00e7\u00e3o do Tratado do Atl\u00e2ntico Norte (Otan), a mais importante expans\u00e3o da alian\u00e7a militar desde os anos 1990, em resposta \u00e0 invas\u00e3o da R\u00fassia \u00e0 Ucr\u00e2nia.<\/p>\n\n\n\n<p>Os senadores aprovaram a medida por 95 votos a 1, superando com extrema folga a maioria de dois ter\u00e7os (67 votos) exigida para apoiar a ratifica\u00e7\u00e3o dos documentos de ades\u00e3o dos dois pa\u00edses \u00e0 alian\u00e7a, que conta com armas nucleares e \u00e9 liderada pelos EUA.<\/p>\n\n\n\n<p>Finl\u00e2ndia e Su\u00e9cia requisitaram entrada na Otan em resposta \u00e0 invas\u00e3o da Ucr\u00e2nia pela R\u00fassia, que alertou v\u00e1rias vezes contra a ades\u00e3o de ambos \u00e0 alian\u00e7a.<\/p>\n\n\n\n<p>Os 30 aliados da Otan assinaram o protocolo de ades\u00e3o dos novos membros no m\u00eas passado, o que permite que eles se juntem \u00e0 alian\u00e7a assim que os pa\u00edses-membros ratificarem a decis\u00e3o.<\/p>\n\n\n\n<p>A ades\u00e3o precisa ser ratificada pelos Parlamentos de todos os 30 membros da Otan para que Finl\u00e2ndia e Su\u00e9cia possam ser protegidas pela cl\u00e1usula de defesa, que diz que um ataque contra um aliado \u00e9 um ataque contra todos.<\/p>\n\n\n\n<p><em>*Com informa\u00e7\u00f5es da Reuters, Estad\u00e3o Conte\u00fado e Ag\u00eancia Brasil<\/em><br><\/p>\n","protected":false},"excerpt":{"rendered":"<p>Avan\u00e7o para a autossufici\u00eancia em energia el\u00e9trica trar\u00e1 um ganho de R$ 334 milh\u00f5es anuais em Ebitda para a CSN, segundo c\u00e1lculos da companhia.<\/p>\n","protected":false},"author":7,"featured_media":352383,"comment_status":"closed","ping_status":"open","sticky":false,"template":"","format":"standard","meta":{"_acf_changed":false,"inline_featured_image":false,"footnotes":""},"categories":[5],"tags":[639,169,236,432,974],"autor-wsj":[],"coauthors":[1494],"class_list":["post-352380","post","type-post","status-publish","format-standard","has-post-thumbnail","hentry","category-economia","tag-copom","tag-csn","tag-eua","tag-reforma-tributaria","tag-russia"],"acf":[],"amp_enabled":true,"_links":{"self":[{"href":"https:\/\/investnews.com.br\/inv-api\/wp\/v2\/posts\/352380","targetHints":{"allow":["GET"]}}],"collection":[{"href":"https:\/\/investnews.com.br\/inv-api\/wp\/v2\/posts"}],"about":[{"href":"https:\/\/investnews.com.br\/inv-api\/wp\/v2\/types\/post"}],"author":[{"embeddable":true,"href":"https:\/\/investnews.com.br\/inv-api\/wp\/v2\/users\/7"}],"replies":[{"embeddable":true,"href":"https:\/\/investnews.com.br\/inv-api\/wp\/v2\/comments?post=352380"}],"version-history":[{"count":4,"href":"https:\/\/investnews.com.br\/inv-api\/wp\/v2\/posts\/352380\/revisions"}],"predecessor-version":[{"id":352389,"href":"https:\/\/investnews.com.br\/inv-api\/wp\/v2\/posts\/352380\/revisions\/352389"}],"wp:featuredmedia":[{"embeddable":true,"href":"https:\/\/investnews.com.br\/inv-api\/wp\/v2\/media\/352383"}],"wp:attachment":[{"href":"https:\/\/investnews.com.br\/inv-api\/wp\/v2\/media?parent=352380"}],"wp:term":[{"taxonomy":"category","embeddable":true,"href":"https:\/\/investnews.com.br\/inv-api\/wp\/v2\/categories?post=352380"},{"taxonomy":"post_tag","embeddable":true,"href":"https:\/\/investnews.com.br\/inv-api\/wp\/v2\/tags?post=352380"},{"taxonomy":"autor-wsj","embeddable":true,"href":"https:\/\/investnews.com.br\/inv-api\/wp\/v2\/autor-wsj?post=352380"},{"taxonomy":"author","embeddable":true,"href":"https:\/\/investnews.com.br\/inv-api\/wp\/v2\/coauthors?post=352380"}],"curies":[{"name":"wp","href":"https:\/\/api.w.org\/{rel}","templated":true}]}}