{"id":352829,"date":"2022-08-05T08:05:39","date_gmt":"2022-08-05T11:05:39","guid":{"rendered":"https:\/\/investnews.com.br\/?p=352829"},"modified":"2024-06-26T11:26:45","modified_gmt":"2024-06-26T14:26:45","slug":"5-fatos-para-hoje-superdividendo-da-petrobras-oferta-de-titulos-da-meta","status":"publish","type":"post","link":"https:\/\/investnews.com.br\/economia\/5-fatos-para-hoje-superdividendo-da-petrobras-oferta-de-titulos-da-meta\/","title":{"rendered":"5 fatos para hoje: superdividendo da Petrobras; oferta de t\u00edtulos da Meta"},"content":{"rendered":"\n<h2 class=\"wp-block-heading\">1 &#8211; Minist\u00e9rio j\u00e1 v\u00ea super\u00e1vit de R$ 6 bi no governo central em 2022 ap\u00f3s superdividendo da Petrobras<\/h2>\n\n\n\n<p>O Minist\u00e9rio da Economia j\u00e1 projeta que o governo central encerrar\u00e1 2022 com um super\u00e1vit prim\u00e1rio de R$ 6 bilh\u00f5es ap\u00f3s o <a href=\"https:\/\/investnews.com.br\/cafeina\/dividendos-da-petrobras-compensam-risco-politico\/\" class=\"rank-math-link\">superdividendo repassado pela <strong>Petrobras<\/strong><\/a> (<a rel=\"noreferrer noopener\" href=\"https:\/\/investnews.com.br\/cotacao\/petr3-petr4-petrobras\/\" target=\"_blank\">PETR3<\/a>,\u00a0<a rel=\"noreferrer noopener\" href=\"https:\/\/investnews.com.br\/cotacao\/petr3-petr4-petrobras\/\" target=\"_blank\">PETR4<\/a>)\u00a0ao Tesouro Nacional, aponta estimativa interna da pasta obtida pela Reuters, no que seria o primeiro resultado no azul em nove anos.<\/p>\n\n\n\n<p>O c\u00e1lculo \u00e9 considerado conservador e h\u00e1 chance elevada de o resultado ser ainda melhor, segundo uma fonte da equipe econ\u00f4mica a par das discuss\u00f5es, porque o governo ainda espera ganhos extraordin\u00e1rios de <a href=\"https:\/\/investnews.com.br\/guias\/dividendos-o-que-sao-como-funcionam\/\">dividendos<\/a> de estatais nos pr\u00f3ximos meses.<\/p>\n\n\n\n<p>A mais recente proje\u00e7\u00e3o oficial para o resultado prim\u00e1rio do governo central, que inclui as contas de Tesouro Nacional, Previd\u00eancia e Banco Central, aponta para um d\u00e9ficit de R$ 59,4 bilh\u00f5es neste ano, ante uma meta de d\u00e9ficit de R$ 170,5 bilh\u00f5es.<\/p>\n\n\n\n<p>A proje\u00e7\u00e3o atualizada pelos t\u00e9cnicos da pasta agora inclui fatores que devem colaborar para melhorar esse n\u00famero at\u00e9 o fechamento do ano.<\/p>\n\n\n\n<p>A pasta estima, por exemplo, um ganho de R$ 36 bilh\u00f5es em dividendos extraordin\u00e1rios em rela\u00e7\u00e3o ao que foi previsto em julho. O valor j\u00e1 incorpora o repasse pela Petrobras referente ao resultado do segundo trimestre deste ano, de aproximadamente R$ 25 bilh\u00f5es, mais que o dobro do esperado pela \u00e1rea or\u00e7ament\u00e1ria do minist\u00e9rio.<\/p>\n\n\n\n<p>De acordo com a fonte, que falou sob condi\u00e7\u00e3o de anonimato porque as discuss\u00f5es s\u00e3o privadas, o governo ainda deve ter novos ganhos extraordin\u00e1rios com pagamentos da Petrobras (relativo ao terceiro trimestre) e do BNDES (primeiro semestre e terceiro trimestre). O governo ainda espera um refor\u00e7o nessa conta ap\u00f3s pedir que as companhias avaliem repasse adicional de suas reservas.<\/p>\n\n\n\n<p>Al\u00e9m dos dividendos, o governo estima que haver\u00e1 um &#8220;empo\u00e7amento&#8221; de R$ 16 bilh\u00f5es no Or\u00e7amento deste ano. O n\u00famero considera a m\u00e9dia de valores que os minist\u00e9rios n\u00e3o conseguiram gastar no encerramento dos exerc\u00edcios de 2017 a 2021.<\/p>\n\n\n\n<p>O bloqueio de R$ 12,7 bilh\u00f5es feito nas contas deste ano para respeitar o teto de gastos \u00e9 outro componente que ajudar\u00e1 a melhorar o resultado. Mesmo que os recursos sejam desbloqueados, ser\u00e1 necess\u00e1rio cancelar ou revisar para baixo outros gastos.<\/p>\n\n\n\n<p>A an\u00e1lise t\u00e9cnica da pasta faz uma pondera\u00e7\u00e3o ao elencar como poss\u00edveis riscos negativos para a situa\u00e7\u00e3o fiscal um eventual crescimento menor da economia no segundo semestre e uma queda nos pre\u00e7os das <a href=\"https:\/\/investnews.com.br\/guias\/commodities-o-que-sao\/\">commodities<\/a>.<\/p>\n\n\n\n<p>O ministro da Economia, Paulo Guedes, tem afirmado que o quadro das contas p\u00fablicas est\u00e1 forte, em resposta a cr\u00edticas de analistas que mencionam amplia\u00e7\u00e3o de riscos fiscais depois que o governo decidiu liberar despesas por fora do teto para turbinar benef\u00edcios sociais meses antes da elei\u00e7\u00e3o. Ele argumenta que todos os novos gastos s\u00e3o vinculados a ganhos extraordin\u00e1rios de arrecada\u00e7\u00e3o.<\/p>\n\n\n\n<p>Segundo os n\u00fameros da pasta, o custo da desonera\u00e7\u00e3o de combust\u00edveis e dos repasses a caminhoneiros, taxistas e <a href=\"https:\/\/investnews.com.br\/economia\/auxilio-brasil-como-consultar-pelo-cpf-para-saber-quem-tem-direito-a-receber\/\" class=\"rank-math-link\">atendidos pelo Aux\u00edlio Brasil<\/a> ser\u00e1 de R$ 72,7 bilh\u00f5es neste ano. Por outro lado, as receitas de dividendos e da privatiza\u00e7\u00e3o da Eletrobras j\u00e1 somam R$ 70,7 bilh\u00f5es.<\/p>\n\n\n\n<p>Com a retomada da atividade ap\u00f3s o arrefecimento da pandemia, o governo vem registrando recordes sucessivos de arrecada\u00e7\u00e3o, movimento impulsionado pela alta da infla\u00e7\u00e3o no pa\u00eds e pela subida de pre\u00e7os de commodities no mercado internacional ap\u00f3s o in\u00edcio da guerra na Ucr\u00e2nia.<\/p>\n\n\n\n<p>Em rela\u00e7\u00e3o ao resultado prim\u00e1rio do setor p\u00fablico consolidado, que inclui Estados, munic\u00edpios e estatais, o minist\u00e9rio projeta que haver\u00e1 um super\u00e1vit de R$ 39,2 bilh\u00f5es em 2022 &#8211;abaixo do saldo positivo de R$ 64,7 bilh\u00f5es do ano passado, que foi sustentado pelo desempenho favor\u00e1vel das contas de Estados e munic\u00edpios.<\/p>\n\n\n\n<h2 class=\"wp-block-heading\">2 &#8211; Controladora do Facebook deve captar US$ 10 bi em 1\u00aa emiss\u00e3o de d\u00edvida, dizem fontes<\/h2>\n\n\n\n<p>A <strong>Meta<\/strong> (<a href=\"https:\/\/investnews.com.br\/cotacao\/fbok34-facebook-inc\/\" class=\"rank-math-link\">FBOK34<\/a>), dona do Facebook, deve levantar US$ 10 bilh\u00f5es em sua primeira oferta de t\u00edtulos de d\u00edvida nesta quinta-feira, enquanto busca financiar recompras de a\u00e7\u00f5es e investimentos para renovar seus neg\u00f3cios, segundo duas fontes pr\u00f3ximas da opera\u00e7\u00e3o.<\/p>\n\n\n\n<p>A oferta, que inclui t\u00edtulos com vencimentos que variam de cinco a 40 anos, recebeu mais de 30 bilh\u00f5es de d\u00f3lares em demanda de investidores, disseram as fontes. A Meta n\u00e3o respondeu a um pedido de coment\u00e1rio.<\/p>\n\n\n\n<p>Entre as grandes empresas de tecnologia, a Meta era a \u00fanica sem ter tomado d\u00edvida. Isso pode dar mais espa\u00e7o financeiro \u00e0 medida que a empresa tenta financiar algumas iniciativas caras, como a do <a href=\"https:\/\/investnews.com.br\/guias\/metaverso\/\">metaverso<\/a> e o produto de v\u00eddeos curtos Reels, no momento em que seu caixa est\u00e1 se esgotando, disseram as fontes.<\/p>\n\n\n\n<p>Um recente ressurgimento nos mercados de d\u00edvida corporativa no m\u00eas passado, ap\u00f3s uma derrocada no in\u00edcio deste ano em meio \u00e0 incerteza sobre as taxas de juros, deu \u00e0 Meta uma janela para explorar o mercado agora, disseram as fontes.<\/p>\n\n\n\n<p>Esta semana foi uma das mais movimentadas do ano, com empresas com grau de investimento dos EUA levantando quase US$ 60 bilh\u00f5es em mercados prim\u00e1rios de t\u00edtulos, segundo dados da Informa Global Markets.<\/p>\n\n\n\n<p>Outros gigantes da tecnologia, como Apple e Intel, tamb\u00e9m emitiram d\u00edvida no in\u00edcio desta semana, levantando US$ 5,5 bilh\u00f5es e US$ 6 bilh\u00f5es, respectivamente.<\/p>\n\n\n\n<p>Em julho, a Meta divulgou uma previs\u00e3o pessimista e registrou sua primeira queda trimestral de receita, com press\u00f5es competitivas pesando em suas vendas de an\u00fancios digitais.<\/p>\n\n\n\n<p>No fim do segundo trimestre, a Meta tinha US$ 4,45 bilh\u00f5es em fluxo de caixa livre, ante US$ 8,51 bilh\u00f5es um ano antes.<\/p>\n\n\n\n<h2 class=\"wp-block-heading\">3 &#8211; Warner Bros. Discovery fundir\u00e1 servi\u00e7os de streaming HBO Max e Discovery+<\/h2>\n\n\n\n<p>A Warner Bros. Discovery disse nesta quinta-feira (04) que fundir\u00e1 o servi\u00e7o de streaming HBO Max com o Discovery+ em um \u00fanico produto, combinando dramas, com\u00e9dias e filmes da WarnerMedia com os reality shows da Discovery.<\/p>\n\n\n\n<p>A medida \u00e9 vista como uma tentativa de atrair mais clientes, no momento em que servi\u00e7os de streaming encaram uma desacelera\u00e7\u00e3o de usu\u00e1rios, ap\u00f3s elas explodirem durante a pandemia, ante crescimento constante de cancelamentos.<\/p>\n\n\n\n<p>A <strong>Warner Bros<\/strong> (<a href=\"https:\/\/investnews.com.br\/cotacao\/w1mg34-warner-music-group-corporation\/\" class=\"rank-math-link\">W1MG34<\/a>) tamb\u00e9m disse que est\u00e1 explorando a oportunidade de um servi\u00e7o de streaming r\u00e1pido e gr\u00e1tis, financiado por propaganda.<\/p>\n\n\n\n<p>A empresa rec\u00e9m-fundida, que registrou preju\u00edzo de US$ 3,4 bilh\u00f5es no segundo trimestre e uma pequena queda em receitas, est\u00e1 tentando reconfigurar neg\u00f3cios sobrepostos da WarnerMedia e do Discovery.<\/p>\n\n\n\n<p>A gigante de m\u00eddia foi forjada por uma fus\u00e3o de US$ 43 bilh\u00f5es da Discovery e da WarnerMedia, da AT&amp;T, casa das franquias &#8220;Harry Potter&#8221; e &#8220;Batman&#8221;, canais de TV a cabo como a CNN e o servi\u00e7o de streaming HBO Max.<\/p>\n\n\n\n<p>A Warner Bros, que registrou resultados combinados pela primeira vez, tamb\u00e9m revelou 92,1 milh\u00f5es de assinantes de servi\u00e7os de streaming ao fim do segundo trimestre.<\/p>\n\n\n\n<p>Antes da fus\u00e3o, HBO e HBO Max tinham um combinado de 76,8 milh\u00f5es de assinantes, incluindo 48,6 milh\u00f5es nos EUA. O Discovery+ encerrou o mar\u00e7o com 24 milh\u00f5es de assinantes.<\/p>\n\n\n\n<h2 class=\"wp-block-heading\">4 &#8211; <strong>Anatel notifica Vivo, TIM e Claro sobre cumprimento de obriga\u00e7\u00f5es do 5G<\/strong><\/h2>\n\n\n\n<p>A Ag\u00eancia Nacional de Telecomunica\u00e7\u00f5es (Anatel) enviou notifica\u00e7\u00e3o para Vivo, TIM e Claro avisando que vai come\u00e7ar a verificar se elas est\u00e3o cumprindo os compromissos que assumiram no leil\u00e3o da <a href=\"https:\/\/investnews.com.br\/geral\/sao-paulo-passa-a-contar-com-sinal-5g-nesta-quinta-feira\/\" class=\"rank-math-link\">licen\u00e7as para ativar o 5G<\/a>.<\/p>\n\n\n\n<p>As companhias j\u00e1 ativaram o sinal em Bras\u00edlia, Belo Horizonte, Porto Alegre, Jo\u00e3o Pessoa e S\u00e3o Paulo. A iniciativa foi realizada antes mesmo do prazo m\u00e1ximo estabelecido pelo edital do leil\u00e3o, que \u00e9 29 de setembro.<\/p>\n\n\n\n<p>Por ora, a fiscaliza\u00e7\u00e3o da Anatel ter\u00e1 car\u00e1ter preventivo. S\u00f3 a partir de 29 de setembro a ag\u00eancia reguladora poder\u00e1 cobrar o cumprimento das metas e at\u00e9 mesmo aplicar san\u00e7\u00f5es \u00e0s empresas caso haja alguma irregularidade.<\/p>\n\n\n\n<p>A notifica\u00e7\u00e3o enviada hoje foi para aviso de abertura do Processos de Acompanhamento e Controle (PAC). L\u00e1 na frente, em caso de as teles sa\u00edrem da linha, pode ser aberto um Procedimento de Apura\u00e7\u00e3o de Descumprimento de Obriga\u00e7\u00f5es (Pado).<\/p>\n\n\n\n<p>&#8220;A notifica\u00e7\u00e3o de hoje aconteceu para as empresas terem ci\u00eancia de que o PAC foi aberto&#8221;, explicou o conselheiro da Anatel, Mois\u00e9s Queiroz Moreira, em entrevista. &#8220;N\u00e3o \u00e9 nada de multa. \u00c9 um procedimento normal e obrigat\u00f3rio. Vai ficar aberto at\u00e9 elas cumprirem as obriga\u00e7\u00f5es do edital do leil\u00e3o&#8221;.<\/p>\n\n\n\n<p>Mesmo que haja eventuais falhas de cobertura ou instala\u00e7\u00e3o de antenas abaixo da quantidade m\u00ednima exigida, s\u00f3 ser\u00e1 poss\u00edvel uma san\u00e7\u00e3o pela ag\u00eancia reguladora ap\u00f3s 29 de setembro, esclareceu.<\/p>\n\n\n\n<p>&#8220;N\u00e3o se pode falar agora que houve qualquer descumprimento. Elas t\u00eam at\u00e9 29 de setembro para instalar um n\u00famero m\u00ednimo de antenas. A\u00ed sim a Anatel vai ver se os compromissos forem atendidos e se a cobertura est\u00e1 funcionando corretamente. E tamb\u00e9m se os planos comercializados est\u00e3o dentro das regras do SMP (servi\u00e7o m\u00f3vel pessoal)&#8221;.<\/p>\n\n\n\n<p>Nessa fase inicial de ativa\u00e7\u00e3o do 5G, as operadoras t\u00eam instalado at\u00e9 mais antenas que o m\u00ednimo exigido pela Anatel, sinalizando que h\u00e1 uma corrida entre elas para fisgar os consumidores.<\/p>\n\n\n\n<p>A ativa\u00e7\u00e3o do 5G aconteceu em S\u00e3o Paulo nesta quinta-feira (4). Pelas regras do edital, as teles t\u00eam de instalar uma antena a cada 100 mil habitantes no in\u00edcio das opera\u00e7\u00f5es. Portanto, eram esperadas 462 antenas neste come\u00e7o (contando o total das tr\u00eas operadoras). Mas o n\u00famero de licen\u00e7as pedidas passou das 1.400, segundo informou o conselheiro da Anatel.<\/p>\n\n\n\n<h2 class=\"wp-block-heading\">5 &#8211; M\u00e9xico passar\u00e1 a exigir visto impresso no passaporte de brasileiros<\/h2>\n\n\n\n<figure class=\"wp-block-image size-large\"><img loading=\"lazy\" decoding=\"async\" width=\"1024\" height=\"613\" src=\"https:\/\/media.investnews.com.br\/uploads\/2022\/08\/passaporte-brasileiro_mcamgo_abr_140220221818-6-1024x613.jpg\" alt=\"passaporte do Brasil\" class=\"wp-image-352832\" srcset=\"https:\/\/media.investnews.com.br\/uploads\/2022\/08\/passaporte-brasileiro_mcamgo_abr_140220221818-6-1024x613.jpg 1024w, https:\/\/media.investnews.com.br\/uploads\/2022\/08\/passaporte-brasileiro_mcamgo_abr_140220221818-6-300x179.jpg 300w, https:\/\/media.investnews.com.br\/uploads\/2022\/08\/passaporte-brasileiro_mcamgo_abr_140220221818-6-768x459.jpg 768w, https:\/\/media.investnews.com.br\/uploads\/2022\/08\/passaporte-brasileiro_mcamgo_abr_140220221818-6-172x103.jpg 172w, https:\/\/media.investnews.com.br\/uploads\/2022\/08\/passaporte-brasileiro_mcamgo_abr_140220221818-6-150x90.jpg 150w, https:\/\/media.investnews.com.br\/uploads\/2022\/08\/passaporte-brasileiro_mcamgo_abr_140220221818-6.jpg 1170w\" sizes=\"auto, (max-width: 1024px) 100vw, 1024px\" \/><figcaption>Passaporte brasileiro &#8211; Marcelo Camargo\/ Ag\u00eancia Brasil <\/figcaption><\/figure>\n\n\n\n<p>Brasileiros que quiserem ir ao M\u00e9xico precisar\u00e3o, a partir do dia 18 de agosto, precisar\u00e3o apresentar visto f\u00edsico, impresso no passaporte, para entrar no pa\u00eds. Atualmente, basta uma autoriza\u00e7\u00e3o eletr\u00f4nica emitida no\u00a0<a rel=\"noreferrer noopener\" href=\"https:\/\/www.inm.gob.mx\/sae\/publico\/pt\/solicitud.html\" target=\"_blank\" class=\"rank-math-link\">site do Instituto Nacional de Migra\u00e7\u00e3o do M\u00e9xico<\/a>. A medida foi anunciada pela Secretaria das Rela\u00e7\u00f5es Exteriores (SRE) daquele pa\u00eds.<\/p>\n\n\n\n<p>Para solicitar o visto, os brasileiros dever\u00e3o fazer um agendamento no\u00a0<a rel=\"noreferrer noopener\" class=\"rank-math-link\" href=\"https:\/\/citas.sre.gob.mx\/\" target=\"_blank\">site da SRE<\/a>. Com o n\u00famero do agendamento, ser\u00e1 necess\u00e1rio ir ao consulado mexicano selecionado no ato do agendamento e apresentar a documenta\u00e7\u00e3o solicitada. Os brasileiros tamb\u00e9m dever\u00e3o cumprir os requisitos publicados nas p\u00e1ginas eletr\u00f4nicas de qualquer uma das representa\u00e7\u00f5es consulares mexicanas.<\/p>\n\n\n\n<p>\u201cEssas a\u00e7\u00f5es buscam fortalecer a migra\u00e7\u00e3o segura, ordenada e regular e erradicar as campanhas de desinforma\u00e7\u00e3o que lucram com os migrantes\u201d, afirmou o governo mexicano, em nota.<\/p>\n\n\n\n<h2 class=\"wp-block-heading\">Dispensas<\/h2>\n\n\n\n<p>Existem casos, no entanto, em que o visto f\u00edsico n\u00e3o ser\u00e1 exigido. S\u00e3o eles: portadores de documentos que comprovem resid\u00eancia permanente no Canad\u00e1, nos Estados Unidos da Am\u00e9rica, no Jap\u00e3o, Reino Unido, na Irlanda e pa\u00edses do Espa\u00e7o Schengen, bem como os pa\u00edses-membros da Alian\u00e7a do Pac\u00edfico.<\/p>\n\n\n\n<p>Tamb\u00e9m est\u00e1 dispensado o visto f\u00edsico a portadores de vistos v\u00e1lidos e atuais do Canad\u00e1, dos Estados Unidos da Am\u00e9rica, do Jap\u00e3o, Reino Unido&nbsp;e da Irlanda do Norte ou qualquer um dos pa\u00edses que comp\u00f5em o Espa\u00e7o Schengen.<\/p>\n\n\n\n<p>O Espa\u00e7o Schengen \u00e9 uma \u00e1rea criada por conven\u00e7\u00e3o entre pa\u00edses europeus na qual n\u00e3o h\u00e1 controles fronteiri\u00e7os ou alfandeg\u00e1rios. Comp\u00f5em essa \u00e1rea a \u00c1ustria, Alemanha, B\u00e9lgica, Rep\u00fablica Tcheca, Dinamarca, Eslov\u00e1quia, Eslov\u00eania, Espanha, Est\u00f4nia, Finl\u00e2ndia, Fran\u00e7a, Gr\u00e9cia, Hungria, Isl\u00e2ndia, It\u00e1lia, Let\u00f4nia, Litu\u00e2nia, Liechtenstein, Luxemburgo, Malta, Noruega, Pa\u00edses Baixos, Pol\u00f4nia, Portugal, Su\u00e9cia e Su\u00ed\u00e7a.<\/p>\n\n\n\n<p>J\u00e1 a Alian\u00e7a do Pac\u00edfico \u00e9 composta por Chile, Col\u00f4mbia, Costa Rica e Peru, al\u00e9m do M\u00e9xico.<\/p>\n\n\n\n<p><em>*Com informa\u00e7\u00f5es da Reuters, Estad\u00e3o Conte\u00fado e Ag\u00eancia Brasil<\/em><br><\/p>\n","protected":false},"excerpt":{"rendered":"<p>Minist\u00e9rio da Economia j\u00e1 projeta que o governo central encerrar\u00e1 2022 com um super\u00e1vit prim\u00e1rio de R$ 6 bilh\u00f5es ap\u00f3s o superdividendo repassado pela Petrobras ao Tesouro Nacional.<\/p>\n","protected":false},"author":7,"featured_media":28270,"comment_status":"closed","ping_status":"open","sticky":false,"template":"","format":"standard","meta":{"_acf_changed":false,"inline_featured_image":false,"footnotes":""},"categories":[5],"tags":[1435,21],"autor-wsj":[],"coauthors":[1494],"class_list":["post-352829","post","type-post","status-publish","format-standard","has-post-thumbnail","hentry","category-economia","tag-5g","tag-petrobras"],"acf":[],"amp_enabled":true,"_links":{"self":[{"href":"https:\/\/investnews.com.br\/inv-api\/wp\/v2\/posts\/352829","targetHints":{"allow":["GET"]}}],"collection":[{"href":"https:\/\/investnews.com.br\/inv-api\/wp\/v2\/posts"}],"about":[{"href":"https:\/\/investnews.com.br\/inv-api\/wp\/v2\/types\/post"}],"author":[{"embeddable":true,"href":"https:\/\/investnews.com.br\/inv-api\/wp\/v2\/users\/7"}],"replies":[{"embeddable":true,"href":"https:\/\/investnews.com.br\/inv-api\/wp\/v2\/comments?post=352829"}],"version-history":[{"count":4,"href":"https:\/\/investnews.com.br\/inv-api\/wp\/v2\/posts\/352829\/revisions"}],"predecessor-version":[{"id":352835,"href":"https:\/\/investnews.com.br\/inv-api\/wp\/v2\/posts\/352829\/revisions\/352835"}],"wp:featuredmedia":[{"embeddable":true,"href":"https:\/\/investnews.com.br\/inv-api\/wp\/v2\/media\/28270"}],"wp:attachment":[{"href":"https:\/\/investnews.com.br\/inv-api\/wp\/v2\/media?parent=352829"}],"wp:term":[{"taxonomy":"category","embeddable":true,"href":"https:\/\/investnews.com.br\/inv-api\/wp\/v2\/categories?post=352829"},{"taxonomy":"post_tag","embeddable":true,"href":"https:\/\/investnews.com.br\/inv-api\/wp\/v2\/tags?post=352829"},{"taxonomy":"autor-wsj","embeddable":true,"href":"https:\/\/investnews.com.br\/inv-api\/wp\/v2\/autor-wsj?post=352829"},{"taxonomy":"author","embeddable":true,"href":"https:\/\/investnews.com.br\/inv-api\/wp\/v2\/coauthors?post=352829"}],"curies":[{"name":"wp","href":"https:\/\/api.w.org\/{rel}","templated":true}]}}