{"id":353653,"date":"2022-08-09T08:50:46","date_gmt":"2022-08-09T11:50:46","guid":{"rendered":"https:\/\/investnews.com.br\/?p=353653"},"modified":"2022-08-09T10:01:43","modified_gmt":"2022-08-09T13:01:43","slug":"bc-prolongamento-de-politica-social-pode-elevar-risco-e-expectativa-de-inflacao","status":"publish","type":"post","link":"https:\/\/investnews.com.br\/economia\/bc-prolongamento-de-politica-social-pode-elevar-risco-e-expectativa-de-inflacao\/","title":{"rendered":"BC: Prolongamento de pol\u00edtica social pode elevar risco e expectativa de infla\u00e7\u00e3o"},"content":{"rendered":"\n<p>O Banco Central avalia que o prolongamento de pol\u00edticas tempor\u00e1rias de apoio \u00e0 renda pode elevar pr\u00eamios de risco do pa\u00eds e as expectativas de infla\u00e7\u00e3o, conforme ata do Comit\u00ea de Pol\u00edtica Monet\u00e1ria publicada nesta ter\u00e7a-feira (9), em cen\u00e1rio com promessas de candidatos \u00e0 presid\u00eancia para manter o pagamento turbinado de benef\u00edcios sociais a partir de 2023.<\/p>\n\n\n\n<p>Na semana passada, o Banco Central subiu a taxa b\u00e1sica de juros em 0,5 ponto percentual pela segunda vez consecutiva, a 13,75% ao ano, maior patamar desde janeiro de 2017, e indicou que poder\u00e1 encerrar o agressivo ciclo de aperto com um ajuste menor em setembro.<\/p>\n\n\n\n<p>Segundo a ata, o Comit\u00ea optou por sinalizar que avaliar\u00e1 a necessidade de um ajuste residual com o objetivo de trazer a infla\u00e7\u00e3o para o redor da meta no horizonte relevante.<\/p>\n\n\n\n<p>O BC ainda informou que, dada a persist\u00eancia dos choques recentes, o Comit\u00ea seguir\u00e1 vigilante e avaliar\u00e1 se somente a perspectiva de manuten\u00e7\u00e3o da taxa b\u00e1sica de juros por um per\u00edodo suficientemente longo assegurar\u00e1 tal converg\u00eancia.<\/p>\n\n\n\n<p>&#8220;O Comit\u00ea avalia que pol\u00edticas tempor\u00e1rias de apoio \u00e0 renda devem trazer est\u00edmulo \u00e0 demanda agregada e que o prolongamento de tais pol\u00edticas pode elevar os pr\u00eamios de risco do pa\u00eds e as expectativas de infla\u00e7\u00e3o \u00e0 medida que pressionam a demanda agregada e pioram a trajet\u00f3ria fiscal&#8221;, disse.<\/p>\n\n\n\n<p>A autoridade monet\u00e1ria ressaltou que h\u00e1 v\u00e1rios canais pelos quais a pol\u00edtica fiscal pode afetar a infla\u00e7\u00e3o, incluindo seu efeito sobre a atividade, pre\u00e7os de ativos e expectativas de infla\u00e7\u00e3o.<\/p>\n\n\n\n<p>No comunicado da \u00faltima semana, em tom considerado duro por analistas, o BC j\u00e1 havia afirmado que a possibilidade de que medidas fiscais de est\u00edmulo \u00e0 demanda se tornem permanentes acentua os riscos de alta para o cen\u00e1rio inflacion\u00e1rio.<\/p>\n\n\n\n<p>Sob o argumento de ser necess\u00e1rio adotar medidas emergenciais ap\u00f3s a guerra na Ucr\u00e2nia, o governo liberou pagamentos por fora do teto de gastos para elevar em 50% o Aux\u00edlio Brasil e fazer repasses a caminhoneiros e taxistas, al\u00e9m de um incremento no aux\u00edlio g\u00e1s.<\/p>\n\n\n\n<p>Embora as medidas aprovadas tenham validade apenas at\u00e9 dezembro deste ano, o presidente Jair Bolsonaro e o ex-presidente Luiz In\u00e1cio Lula da Silva j\u00e1 prometeram que manter\u00e3o o Aux\u00edlio Brasil em 600 reais em 2023, se eleitos.<\/p>\n\n\n\n<p>No <a href=\"https:\/\/investnews.com.br\/guias\/boletim-focus-entenda-o-que-e\/\">boletim Focus<\/a> mais recente, publicado na segunda-feira, as proje\u00e7\u00f5es dos economistas apontam para <a href=\"https:\/\/investnews.com.br\/guias\/o-que-e-ipca\/\">IPCA<\/a> de 7,11% no encerramento deste ano e de 5,36% em 2023. A estimativa do BC, apresentada na semana passada, aponta para alta de 6,8% em 2022 e 4,6% em 2023.<\/p>\n\n\n\n<figure class=\"wp-block-image size-large\"><img loading=\"lazy\" decoding=\"async\" width=\"1024\" height=\"683\" src=\"https:\/\/media.investnews.com.br\/uploads\/2022\/08\/2022-08-09T113802Z_2_LYNXMPEI780J1_RTROPTP_4_MACRO-SELIC-PRECIFICACAO-1024x683.jpg\" alt=\"Pr\u00e9dio do Banco Central\" class=\"wp-image-353657\" srcset=\"https:\/\/media.investnews.com.br\/uploads\/2022\/08\/2022-08-09T113802Z_2_LYNXMPEI780J1_RTROPTP_4_MACRO-SELIC-PRECIFICACAO-1024x683.jpg 1024w, https:\/\/media.investnews.com.br\/uploads\/2022\/08\/2022-08-09T113802Z_2_LYNXMPEI780J1_RTROPTP_4_MACRO-SELIC-PRECIFICACAO-300x200.jpg 300w, https:\/\/media.investnews.com.br\/uploads\/2022\/08\/2022-08-09T113802Z_2_LYNXMPEI780J1_RTROPTP_4_MACRO-SELIC-PRECIFICACAO-768x512.jpg 768w, https:\/\/media.investnews.com.br\/uploads\/2022\/08\/2022-08-09T113802Z_2_LYNXMPEI780J1_RTROPTP_4_MACRO-SELIC-PRECIFICACAO-1536x1024.jpg 1536w, https:\/\/media.investnews.com.br\/uploads\/2022\/08\/2022-08-09T113802Z_2_LYNXMPEI780J1_RTROPTP_4_MACRO-SELIC-PRECIFICACAO-1256x837.jpg 1256w, https:\/\/media.investnews.com.br\/uploads\/2022\/08\/2022-08-09T113802Z_2_LYNXMPEI780J1_RTROPTP_4_MACRO-SELIC-PRECIFICACAO-172x115.jpg 172w, https:\/\/media.investnews.com.br\/uploads\/2022\/08\/2022-08-09T113802Z_2_LYNXMPEI780J1_RTROPTP_4_MACRO-SELIC-PRECIFICACAO-150x100.jpg 150w, https:\/\/media.investnews.com.br\/uploads\/2022\/08\/2022-08-09T113802Z_2_LYNXMPEI780J1_RTROPTP_4_MACRO-SELIC-PRECIFICACAO.jpg 2048w\" sizes=\"auto, (max-width: 1024px) 100vw, 1024px\" \/><figcaption>Pr\u00e9dio do Banco Central, em Bras\u00edlia\n22\/03\/2022\nREUTERS\/Adriano Machado<\/figcaption><\/figure>\n","protected":false},"excerpt":{"rendered":"<p>Segundo a ata, o Comit\u00ea optou por sinalizar que avaliar\u00e1 a necessidade de um ajuste residual com o objetivo de trazer a infla\u00e7\u00e3o para o redor da meta no horizonte relevante.<\/p>\n","protected":false},"author":61,"featured_media":353657,"comment_status":"closed","ping_status":"open","sticky":false,"template":"","format":"standard","meta":{"_acf_changed":false,"inline_featured_image":false,"footnotes":""},"categories":[5],"tags":[56,639,52],"autor-wsj":[],"coauthors":[2494],"class_list":["post-353653","post","type-post","status-publish","format-standard","has-post-thumbnail","hentry","category-economia","tag-banco-central","tag-copom","tag-inflacao"],"acf":[],"amp_enabled":true,"_links":{"self":[{"href":"https:\/\/investnews.com.br\/inv-api\/wp\/v2\/posts\/353653","targetHints":{"allow":["GET"]}}],"collection":[{"href":"https:\/\/investnews.com.br\/inv-api\/wp\/v2\/posts"}],"about":[{"href":"https:\/\/investnews.com.br\/inv-api\/wp\/v2\/types\/post"}],"author":[{"embeddable":true,"href":"https:\/\/investnews.com.br\/inv-api\/wp\/v2\/users\/61"}],"replies":[{"embeddable":true,"href":"https:\/\/investnews.com.br\/inv-api\/wp\/v2\/comments?post=353653"}],"version-history":[{"count":3,"href":"https:\/\/investnews.com.br\/inv-api\/wp\/v2\/posts\/353653\/revisions"}],"predecessor-version":[{"id":353737,"href":"https:\/\/investnews.com.br\/inv-api\/wp\/v2\/posts\/353653\/revisions\/353737"}],"wp:featuredmedia":[{"embeddable":true,"href":"https:\/\/investnews.com.br\/inv-api\/wp\/v2\/media\/353657"}],"wp:attachment":[{"href":"https:\/\/investnews.com.br\/inv-api\/wp\/v2\/media?parent=353653"}],"wp:term":[{"taxonomy":"category","embeddable":true,"href":"https:\/\/investnews.com.br\/inv-api\/wp\/v2\/categories?post=353653"},{"taxonomy":"post_tag","embeddable":true,"href":"https:\/\/investnews.com.br\/inv-api\/wp\/v2\/tags?post=353653"},{"taxonomy":"autor-wsj","embeddable":true,"href":"https:\/\/investnews.com.br\/inv-api\/wp\/v2\/autor-wsj?post=353653"},{"taxonomy":"author","embeddable":true,"href":"https:\/\/investnews.com.br\/inv-api\/wp\/v2\/coauthors?post=353653"}],"curies":[{"name":"wp","href":"https:\/\/api.w.org\/{rel}","templated":true}]}}