{"id":353852,"date":"2022-08-09T15:13:12","date_gmt":"2022-08-09T18:13:12","guid":{"rendered":"https:\/\/investnews.com.br\/?p=353852"},"modified":"2025-08-26T18:53:50","modified_gmt":"2025-08-26T21:53:50","slug":"esg-e-desafio-grande-para-as-empresas-diz-presidente-do-bradesco","status":"publish","type":"post","link":"https:\/\/investnews.com.br\/negocios\/esg-e-desafio-grande-para-as-empresas-diz-presidente-do-bradesco\/","title":{"rendered":"ESG \u00e9 desafio grande para as empresas, diz presidente do Bradesco"},"content":{"rendered":"\n<p>Engajamento \u00e9 um dos principais desafios a serem vencidos pelas empresas e pelos bancos para que os compromissos <a href=\"https:\/\/investnews.com.br\/guias\/tudo-sobre-esg\/\">ESG<\/a> (ambiental, social e governan\u00e7a) sejam de fato uma realidade, afirmou o presidente do <strong>Bradesco<\/strong> (<a class=\"rank-math-link\" href=\"https:\/\/investnews.com.br\/cotacao\/bbdc3-bbdc4-bradesco\/\">BBDC3 e BBCD4<\/a>), Octavio de Lazari. &#8220;A velocidade de engajamento ainda \u00e9 lenta&#8221;, afirmou durante painel no <strong>Febraban Tech<\/strong>, que acontece no audit\u00f3rio do Ibirapuera, em S\u00e3o Paulo.<\/p>\n\n\n\n<p>Ele lembrou que o termo <a href=\"https:\/\/investnews.com.br\/guias\/tudo-sobre-esg\/\">ESG<\/a> foi cunhado h\u00e1 18 anos, pelo ent\u00e3o secret\u00e1rio-geral da Organiza\u00e7\u00e3o das Na\u00e7\u00f5es Unidas (<strong>ONU<\/strong>), Kofi Anan. &#8220;N\u00e3o adianta querer crescimento verde e ter uma governan\u00e7a estabelecida na rela\u00e7\u00e3o entre os funcion\u00e1rios, colaboradores e fornecedores, se n\u00e3o houver o social implementado&#8221;, afirmou.<\/p>\n\n\n\n<p>O presidente do <strong>Banco do Brasil<\/strong> (<a href=\"https:\/\/investnews.com.br\/cotacao\/bbas3-banco-do-brasil\/\" class=\"rank-math-link\">BBAS3<\/a>), Fausto de Andrade Ribeiro, por sua vez, acrescentou que o grande desafio dos bancos est\u00e1 no ambiental e que precisam criar mecanismos para ajudar os agricultores a rentabilizar \u00e1reas protegidas. &#8220;Temos uma carteira de quase <strong>R$ 100 bilh\u00f5es<\/strong> em cr\u00e9dito que geram baixo carborno, porque n\u00e3o podemos securitizar esses cr\u00e9ditos e oferecer ao mercado para financiar a agricultura a pre\u00e7os mais baixos&#8221;, afirmou.<\/p>\n\n\n\n<h2 class=\"wp-block-heading\"><strong>Infla\u00e7\u00e3o<\/strong><\/h2>\n\n\n\n<p>Octavio de Lazari disse esperar que at\u00e9 final do ano a Brasil consiga debelar o fantasma da <strong>infla\u00e7\u00e3o<\/strong>. Ao mesmo tempo, enfatizou que as proje\u00e7\u00f5es para o Produto Interno Bruto (<strong>PIB<\/strong>) deste ano est\u00e3o melhorando, enquanto as de 2023 est\u00e3o muito ruins.<\/p>\n\n\n\n<p>&#8220;Espero que economistas se enganem de novo&#8221;, disse ao falar das estimativas para o PIB do ano que vem. Este ano, ap\u00f3s revis\u00f5es para cima, a sinaliza\u00e7\u00e3o \u00e9 de avan\u00e7o na casa dos 2,5%, disse ele no debate durante evento da Febraban sobre tecnologia.<\/p>\n\n\n\n<p>Octavio de Lazari tamb\u00e9m disse que a proposta do ministro da Economia, <strong>Paulo Guedes<\/strong>, de criar uma meta de d\u00edvida do governo, nos moldes do sistema de metas de infla\u00e7\u00e3o, funciona, pois estabelece um limite para os gastos. &#8220;O que n\u00e3o pode \u00e9 ter um cheque em branco&#8221;, disse a jornalistas ao ser perguntado sobre a proposta do ministro.<\/p>\n\n\n\n<p>&#8220;Tem que existir um limite de gastos&#8221;, disse Lazari, ressaltando que os bancos e empresas, e tamb\u00e9m as fam\u00edlias, t\u00eam um sistema de or\u00e7amento, que prev\u00ea gastos e despesas. &#8220;Tem que ter em qualquer lugar, no mundo privado e p\u00fablico.&#8221;<\/p>\n\n\n\n<p>&#8220;Se adotar o teto de gastos ou outro modelo qualquer, tem que ter esse controle, pois s\u00f3 assim a gente consegue o equilibrar o gasto p\u00fablico e ter mais recursos para fazer investimentos no pa\u00eds.&#8221;<\/p>\n\n\n\n<h2 class=\"wp-block-heading\"><strong>Bolsonaro<\/strong><\/h2>\n\n\n\n<p>Sobre o <a href=\"https:\/\/investnews.com.br\/geral\/bolsonaro-diz-na-febraban-que-nao-com-cartinha-que-alguem-se-torna-democrata\/\" class=\"rank-math-link\">almo\u00e7o da Febraban com o presidente Jair Bolsonaro<\/a> na segunda-feira (8), Lazari afirmou que foi &#8220;tranquilo&#8221; e confirmou que o chefe do Planalto pediu aos presidentes dos bancos para baixar os<strong> juros do <a href=\"https:\/\/investnews.com.br\/guias\/credito-consignado\/\">cr\u00e9dito consignado<\/a><\/strong>, sem dar detalhes sobre a modalidade. <\/p>\n\n\n\n<p>Recentemente, foi sancionado o projeto que permite a concess\u00e3o de cr\u00e9dito consignado para benefici\u00e1rios do<strong> Aux\u00edlio Brasil<\/strong> e do <strong>Benef\u00edcio de Presta\u00e7\u00e3o Continuada<\/strong> (BPC). Mas o presidente do Bradesco disse que n\u00e3o acatou o pedido. &#8220;A taxa de juros envolve uma s\u00e9rie de fatores, como a <strong>cobran\u00e7a, a inadimpl\u00eancia, a recupera\u00e7\u00e3o do cr\u00e9dito<\/strong>.&#8221;<\/p>\n\n\n\n<figure class=\"wp-block-image size-large\"><img decoding=\"async\" src=\"https:\/\/media.investnews.com.br\/uploads\/2021\/02\/2021-02-03T222759Z_2_LYNXMPEH121XS_RTROPTP_4_BANCOS-BRADESCO-RESULTS-1024x667.jpg\" alt=\"bradesco\" class=\"wp-image-228498\"\/><figcaption class=\"wp-element-caption\">REUTERS\/Pilar Olivares<\/figcaption><\/figure>\n","protected":false},"excerpt":{"rendered":"<p>O presidente do Banco do Brasil falou em necessidade de ajudar agricultores a rentabilizar \u00e1reas protegidas.<\/p>\n","protected":false},"author":62,"featured_media":228498,"comment_status":"closed","ping_status":"open","sticky":false,"template":"","format":"standard","meta":{"_acf_changed":false,"inline_featured_image":false,"footnotes":""},"categories":[6],"tags":[234,57,156],"autor-wsj":[],"coauthors":[2499],"class_list":["post-353852","post","type-post","status-publish","format-standard","has-post-thumbnail","hentry","category-negocios","tag-jair-bolsonaro","tag-banco-do-brasil","tag-bradesco"],"acf":[],"amp_enabled":true,"_links":{"self":[{"href":"https:\/\/investnews.com.br\/inv-api\/wp\/v2\/posts\/353852","targetHints":{"allow":["GET"]}}],"collection":[{"href":"https:\/\/investnews.com.br\/inv-api\/wp\/v2\/posts"}],"about":[{"href":"https:\/\/investnews.com.br\/inv-api\/wp\/v2\/types\/post"}],"author":[{"embeddable":true,"href":"https:\/\/investnews.com.br\/inv-api\/wp\/v2\/users\/62"}],"replies":[{"embeddable":true,"href":"https:\/\/investnews.com.br\/inv-api\/wp\/v2\/comments?post=353852"}],"version-history":[{"count":3,"href":"https:\/\/investnews.com.br\/inv-api\/wp\/v2\/posts\/353852\/revisions"}],"predecessor-version":[{"id":710096,"href":"https:\/\/investnews.com.br\/inv-api\/wp\/v2\/posts\/353852\/revisions\/710096"}],"wp:featuredmedia":[{"embeddable":true,"href":"https:\/\/investnews.com.br\/inv-api\/wp\/v2\/media\/228498"}],"wp:attachment":[{"href":"https:\/\/investnews.com.br\/inv-api\/wp\/v2\/media?parent=353852"}],"wp:term":[{"taxonomy":"category","embeddable":true,"href":"https:\/\/investnews.com.br\/inv-api\/wp\/v2\/categories?post=353852"},{"taxonomy":"post_tag","embeddable":true,"href":"https:\/\/investnews.com.br\/inv-api\/wp\/v2\/tags?post=353852"},{"taxonomy":"autor-wsj","embeddable":true,"href":"https:\/\/investnews.com.br\/inv-api\/wp\/v2\/autor-wsj?post=353852"},{"taxonomy":"author","embeddable":true,"href":"https:\/\/investnews.com.br\/inv-api\/wp\/v2\/coauthors?post=353852"}],"curies":[{"name":"wp","href":"https:\/\/api.w.org\/{rel}","templated":true}]}}