{"id":354135,"date":"2022-08-10T09:22:40","date_gmt":"2022-08-10T12:22:40","guid":{"rendered":"https:\/\/investnews.com.br\/?p=354135"},"modified":"2022-08-10T09:32:28","modified_gmt":"2022-08-10T12:32:28","slug":"vendas-no-varejo-do-brasil-caem-14-em-junho-ante-maio-mais-do-que-o-esperado","status":"publish","type":"post","link":"https:\/\/investnews.com.br\/economia\/vendas-no-varejo-do-brasil-caem-14-em-junho-ante-maio-mais-do-que-o-esperado\/","title":{"rendered":"Vendas no varejo do Brasil caem 1,4% em junho ante maio, mais do que o esperado"},"content":{"rendered":"\n<p> As<strong> vendas no varejo brasileiro<\/strong> tiveram queda de 1,4% em junho na compara\u00e7\u00e3o com maio, segundo dados da\u00a0Pesquisa Mensal do Com\u00e9rcio (PMC), divulgada pelo Instituto Brasileiro de Geografia e Estat\u00edstica (IBGE) nesta quarta-feira (10). <\/p>\n\n\n\n<figure class=\"wp-block-image size-large\"><img loading=\"lazy\" decoding=\"async\" width=\"895\" height=\"540\" src=\"https:\/\/media.investnews.com.br\/uploads\/2022\/08\/grafico1.png\" alt=\"Gr\u00e1fico de vendas do com\u00e9rcio\" class=\"wp-image-354150\" srcset=\"https:\/\/media.investnews.com.br\/uploads\/2022\/08\/grafico1.png 895w, https:\/\/media.investnews.com.br\/uploads\/2022\/08\/grafico1-300x181.png 300w, https:\/\/media.investnews.com.br\/uploads\/2022\/08\/grafico1-768x463.png 768w, https:\/\/media.investnews.com.br\/uploads\/2022\/08\/grafico1-172x104.png 172w, https:\/\/media.investnews.com.br\/uploads\/2022\/08\/grafico1-150x91.png 150w\" sizes=\"auto, (max-width: 895px) 100vw, 895px\" \/><\/figure>\n\n\n\n<p> \u00c9 a segunda varia\u00e7\u00e3o negativa consecutiva do setor, que acumula retra\u00e7\u00e3o de 0,8% em dois meses, na compara\u00e7\u00e3o com o bimestre anterior. <\/p>\n\n\n\n<p>O resultado de junho traz a maior varia\u00e7\u00e3o negativa para o com\u00e9rcio desde dezembro do ano passado, quando a queda foi de 2,9%. <\/p>\n\n\n\n<p>No primeiro semestre do ano, h\u00e1 uma alta acumulada de 1,4% frente ao mesmo per\u00edodo de 2021.<\/p>\n\n\n\n<figure class=\"wp-block-image size-large\"><img loading=\"lazy\" decoding=\"async\" width=\"895\" height=\"540\" src=\"https:\/\/media.investnews.com.br\/uploads\/2022\/08\/gr\u00e1fico4.png\" alt=\"Gr\u00e1fico das vendas no varejo\" class=\"wp-image-354159\" srcset=\"https:\/\/media.investnews.com.br\/uploads\/2022\/08\/gr\u00e1fico4.png 895w, https:\/\/media.investnews.com.br\/uploads\/2022\/08\/gr\u00e1fico4-300x181.png 300w, https:\/\/media.investnews.com.br\/uploads\/2022\/08\/gr\u00e1fico4-768x463.png 768w, https:\/\/media.investnews.com.br\/uploads\/2022\/08\/gr\u00e1fico4-172x104.png 172w, https:\/\/media.investnews.com.br\/uploads\/2022\/08\/gr\u00e1fico4-150x91.png 150w\" sizes=\"auto, (max-width: 895px) 100vw, 895px\" \/><\/figure>\n\n\n\n<p>Nos \u00faltimos 12 meses, a perda \u00e9 de 0,9%.<\/p>\n\n\n\n<figure class=\"wp-block-image size-large\"><img loading=\"lazy\" decoding=\"async\" width=\"895\" height=\"540\" src=\"https:\/\/media.investnews.com.br\/uploads\/2022\/08\/grafico2.png\" alt=\"Gr\u00e1fico de vendas do com\u00e9rcio\" class=\"wp-image-354156\" srcset=\"https:\/\/media.investnews.com.br\/uploads\/2022\/08\/grafico2.png 895w, https:\/\/media.investnews.com.br\/uploads\/2022\/08\/grafico2-300x181.png 300w, https:\/\/media.investnews.com.br\/uploads\/2022\/08\/grafico2-768x463.png 768w, https:\/\/media.investnews.com.br\/uploads\/2022\/08\/grafico2-172x104.png 172w, https:\/\/media.investnews.com.br\/uploads\/2022\/08\/grafico2-150x91.png 150w\" sizes=\"auto, (max-width: 895px) 100vw, 895px\" \/><\/figure>\n\n\n\n<p> Pesquisa da Reuters apontou que as expectativas eram de baixa de 1,0% na compara\u00e7\u00e3o mensal e de estabilidade sobre um ano antes. <\/p>\n\n\n\n<h2 class=\"wp-block-heading\">Retra\u00e7\u00e3o em junho<\/h2>\n\n\n\n<p>A retra\u00e7\u00e3o na compara\u00e7\u00e3o com maio foi disseminada por sete das oito atividades investigadas pela pesquisa. Duas delas tiveram maior influ\u00eancia sobre o \u00edndice geral do varejo: tecidos, vestu\u00e1rio e cal\u00e7ados, com queda de 5,4%, e hiper e supermercados, produtos aliment\u00edcios, bebidas e fumo, segmento que recuou 0,5% no per\u00edodo.<\/p>\n\n\n\n<p>\u201cA atividade de hiper e supermercados teve uma influ\u00eancia importante da infla\u00e7\u00e3o ao longo do primeiro semestre do ano. Entre abril e maio, houve varia\u00e7\u00e3o de 4% na receita e de 1% no volume de vendas, indicador em que a pesquisa j\u00e1 desconta a infla\u00e7\u00e3o. De maio para junho, essa atividade teve queda de 0,5% no volume, mas variou 0,3% em receita. Isso significa que h\u00e1 amplitude menor da infla\u00e7\u00e3o, mas o suficiente para que o volume tivesse uma varia\u00e7\u00e3o negativa, apesar de a receita ficar no campo positivo\u201d, explica o gerente da pesquisa, Cristiano Santos.<\/p>\n\n\n\n<p>O pesquisador tamb\u00e9m destaca o recuo do setor de tecidos, vestu\u00e1rio e cal\u00e7ados, que ainda segue 9,9% abaixo do patamar pr\u00e9-pandemia, registrado em fevereiro de 2020. <\/p>\n\n\n\n<p>\u201cEssa atividade teve uma queda intensa na passagem de maio para junho. Ao longo do ano, houve altas ligadas a uma nova estrat\u00e9gia adotada por essas empresas de tamb\u00e9m se lan\u00e7ar no com\u00e9rcio eletr\u00f4nico, de fazer vendas virtuais de forma mais forte do que se fazia antigamente, j\u00e1 que, nesse setor, experimentar um produto antes de comprar \u00e9 muito importante\u201d, complementa o pesquisador.<\/p>\n\n\n\n<p>A \u00fanica atividade que cresceu frente ao m\u00eas anterior foi a de artigos farmac\u00eauticos, m\u00e9dicos, ortop\u00e9dicos e de perfumaria (1,3%). <\/p>\n\n\n\n<p>\u201cNesse segmento, o aumento \u00e9 ligado aos artigos farmac\u00eauticos e reflete a alta nos pre\u00e7os dos medicamentos. Esse \u00e9 um tipo de produto que, na maioria das vezes, voc\u00ea n\u00e3o consegue substituir. Isso aumenta o disp\u00eandio de uma fam\u00edlia que pode ter que gastar nessa atividade e diminuir o consumo em outras\u201d, analisa Cristiano.<\/p>\n\n\n\n<p>No <strong>com\u00e9rcio varejista ampliado<\/strong>, que inclui, al\u00e9m do varejo, ve\u00edculos e materiais de constru\u00e7\u00e3o, a retra\u00e7\u00e3o no per\u00edodo foi de 2,3%. Tanto o setor de ve\u00edculos e motos, partes e pe\u00e7as (-4,1%) quanto o de material de constru\u00e7\u00e3o (-1,0%) recuaram.<\/p>\n\n\n\n<p>( *<em>Com informa\u00e7\u00f5es da Reuters e ag\u00eancia IBGE<\/em> )<\/p>\n","protected":false},"excerpt":{"rendered":"<p>O resultado de junho traz a maior varia\u00e7\u00e3o negativa para o com\u00e9rcio desde dezembro do ano passado.<\/p>\n","protected":false},"author":7,"featured_media":354138,"comment_status":"closed","ping_status":"open","sticky":false,"template":"","format":"standard","meta":{"_acf_changed":false,"inline_featured_image":false,"footnotes":""},"categories":[5],"tags":[54,376],"autor-wsj":[],"coauthors":[1494],"class_list":["post-354135","post","type-post","status-publish","format-standard","has-post-thumbnail","hentry","category-economia","tag-ibge","tag-varejo"],"acf":[],"amp_enabled":true,"_links":{"self":[{"href":"https:\/\/investnews.com.br\/inv-api\/wp\/v2\/posts\/354135","targetHints":{"allow":["GET"]}}],"collection":[{"href":"https:\/\/investnews.com.br\/inv-api\/wp\/v2\/posts"}],"about":[{"href":"https:\/\/investnews.com.br\/inv-api\/wp\/v2\/types\/post"}],"author":[{"embeddable":true,"href":"https:\/\/investnews.com.br\/inv-api\/wp\/v2\/users\/7"}],"replies":[{"embeddable":true,"href":"https:\/\/investnews.com.br\/inv-api\/wp\/v2\/comments?post=354135"}],"version-history":[{"count":25,"href":"https:\/\/investnews.com.br\/inv-api\/wp\/v2\/posts\/354135\/revisions"}],"predecessor-version":[{"id":354165,"href":"https:\/\/investnews.com.br\/inv-api\/wp\/v2\/posts\/354135\/revisions\/354165"}],"wp:featuredmedia":[{"embeddable":true,"href":"https:\/\/investnews.com.br\/inv-api\/wp\/v2\/media\/354138"}],"wp:attachment":[{"href":"https:\/\/investnews.com.br\/inv-api\/wp\/v2\/media?parent=354135"}],"wp:term":[{"taxonomy":"category","embeddable":true,"href":"https:\/\/investnews.com.br\/inv-api\/wp\/v2\/categories?post=354135"},{"taxonomy":"post_tag","embeddable":true,"href":"https:\/\/investnews.com.br\/inv-api\/wp\/v2\/tags?post=354135"},{"taxonomy":"autor-wsj","embeddable":true,"href":"https:\/\/investnews.com.br\/inv-api\/wp\/v2\/autor-wsj?post=354135"},{"taxonomy":"author","embeddable":true,"href":"https:\/\/investnews.com.br\/inv-api\/wp\/v2\/coauthors?post=354135"}],"curies":[{"name":"wp","href":"https:\/\/api.w.org\/{rel}","templated":true}]}}