{"id":354452,"date":"2022-08-11T10:02:29","date_gmt":"2022-08-11T13:02:29","guid":{"rendered":"https:\/\/investnews.com.br\/?p=354452"},"modified":"2024-06-26T11:26:28","modified_gmt":"2024-06-26T14:26:28","slug":"entidades-movimentos-sociais-e-banqueiros-se-posicionam-contra-ataques-as-urnas","status":"publish","type":"post","link":"https:\/\/investnews.com.br\/economia\/entidades-movimentos-sociais-e-banqueiros-se-posicionam-contra-ataques-as-urnas\/","title":{"rendered":"Entidades, movimentos sociais e banqueiros se posicionam contra ataques \u00e0s urnas"},"content":{"rendered":"\n<p>Diante da escalada ret\u00f3rica de Jair Bolsonaro contra a confiabilidade do sistema eleitoral brasileiro, entidades, juristas, artistas e at\u00e9 mesmo banqueiros e empres\u00e1rios decidiram se posicionar em mobiliza\u00e7\u00f5es que ter\u00e3o seu \u00e1pice na quinta-feira (11), quando est\u00e3o previstos atos que envolvem desde faculdades at\u00e9 movimentos de rua pelo pa\u00eds.<\/p>\n\n\n\n<p>Enquanto espera-se que os eventos promovidos pela Faculdade de Direito da USP tenham um enfoque menos eleitoral e explicitamente centrado na defesa da democracia e das elei\u00e7\u00f5es, atos convocados em diversas cidades para o mesmo dia por movimentos populares ligados historicamente \u00e0 esquerda t\u00eam o objetivo de resgatar a mobiliza\u00e7\u00e3o de rua e promover um &#8220;esquenta&#8221; para protestos de &#8220;Fora Bolsonaro&#8221; que se seguir\u00e3o ao longo do ano.<\/p>\n\n\n\n<p>Os atos de rua, a depender da for\u00e7a que demonstrem ter, podem funcionar como um impulso \u00e0 mobiliza\u00e7\u00e3o pela candidatura de Luiz In\u00e1cio Lula da Silva (PT), que lidera as pesquisas de inten\u00e7\u00e3o de voto contra Bolsonaro, mas tem visto sua confort\u00e1vel vantagem se reduzir nos levantamentos mais recentes.<\/p>\n\n\n\n<p>&#8220;O tema de todos os atos \u00e9 o mesmo: \u00e9 a defesa da democracia e por elei\u00e7\u00f5es livres. O mote de todas as mobiliza\u00e7\u00f5es \u00e9 esse, o respeito \u00e0 soberania popular do voto contra um golpe. Porque na medida em que tem amea\u00e7a a respeito do resultado eleitoral, \u00e9 uma ditadura&#8221;, disse \u00e0 Reuters o coordenador Nacional da Central de Movimentos Populares (CMP), Raimundo Bonfim, que organiza os protestos de ruas e tamb\u00e9m deve comparecer ao evento da Faculdade de Direito.<\/p>\n\n\n\n<p>Tr\u00eas fontes ouvidas pela Reuters afirmaram que os atos a serem realizados na USP ser\u00e3o propositalmente mais amplos, focados em representantes da sociedade civil, entidades e setores. Segundo duas dessas fontes, ligadas a campanhas de presidenci\u00e1veis, ficou impl\u00edcito o recado para que candidatos n\u00e3o comparecessem ao evento, ainda que muitos deles tenham assinado manifesto que ser\u00e1 lido na ocasi\u00e3o. A ideia \u00e9 que n\u00e3o haja contamina\u00e7\u00e3o eleitoral do ato. Tamb\u00e9m foram colocadas quest\u00f5es de seguran\u00e7a como empecilhos para a participa\u00e7\u00e3o dos pol\u00edticos.<\/p>\n\n\n\n<p>Comemorada no Direito por marcar a cria\u00e7\u00e3o dos cursos jur\u00eddicos no Brasil, a quinta-feira, 11 de agosto, come\u00e7ar\u00e1 no Largo de S\u00e3o Francisco, na Faculdade de Direito da USP, quando ser\u00e1 lida carta &#8220;Em Defesa da Democracia e da Justi\u00e7a&#8221;. Endossado por entidades com a Federa\u00e7\u00e3o das Ind\u00fastrias do Estado de S\u00e3o Paulo (Fiesp) &#8211;ainda que apoiada apenas por 18 de seus mais de 100 filiados&#8211; a Ordem dos Advogados do Brasil de S\u00e3o Paulo, e a Anistia Internacional, entre outros, o documento afirma que &#8220;a estabilidade democr\u00e1tica, o respeito ao Estado de Direito e o desenvolvimento s\u00e3o condi\u00e7\u00f5es indispens\u00e1veis para o Brasil superar os seus principais desafios&#8221;.<\/p>\n\n\n\n<p>Em um segundo momento, ser\u00e1 lida a &#8220;Carta \u00e0s Brasileiras e aos Brasileiros em defesa do Estado Democr\u00e1tico de Direito&#8221;. Inspirado por outra carta escrita em agosto de 1977 &#8211;a &#8220;Carta aos Brasileiros&#8221;, que denunciava a ilegitimidade do governo militar e conclamava o restabelecimento do estado de direito&#8211; o manifesto afirma que o pa\u00eds passa por um &#8220;momento de imenso perigo para a normalidade democr\u00e1tica, risco \u00e0s institui\u00e7\u00f5es da Rep\u00fablica e insinua\u00e7\u00f5es de desacato ao resultado das elei\u00e7\u00f5es&#8221;.<\/p>\n\n\n\n<figure class=\"wp-block-image size-large\"><img loading=\"lazy\" decoding=\"async\" width=\"1024\" height=\"644\" src=\"https:\/\/media.investnews.com.br\/uploads\/2022\/05\/2022-05-18T215036Z_1_LYNXNPEI4H155_RTROPTP_4_BRAZIL-ELECTION-1024x644.jpg\" alt=\"\" class=\"wp-image-331314\" srcset=\"https:\/\/media.investnews.com.br\/uploads\/2022\/05\/2022-05-18T215036Z_1_LYNXNPEI4H155_RTROPTP_4_BRAZIL-ELECTION-1024x644.jpg 1024w, https:\/\/media.investnews.com.br\/uploads\/2022\/05\/2022-05-18T215036Z_1_LYNXNPEI4H155_RTROPTP_4_BRAZIL-ELECTION-300x189.jpg 300w, https:\/\/media.investnews.com.br\/uploads\/2022\/05\/2022-05-18T215036Z_1_LYNXNPEI4H155_RTROPTP_4_BRAZIL-ELECTION-768x483.jpg 768w, https:\/\/media.investnews.com.br\/uploads\/2022\/05\/2022-05-18T215036Z_1_LYNXNPEI4H155_RTROPTP_4_BRAZIL-ELECTION-1536x965.jpg 1536w, https:\/\/media.investnews.com.br\/uploads\/2022\/05\/2022-05-18T215036Z_1_LYNXNPEI4H155_RTROPTP_4_BRAZIL-ELECTION-1256x789.jpg 1256w, https:\/\/media.investnews.com.br\/uploads\/2022\/05\/2022-05-18T215036Z_1_LYNXNPEI4H155_RTROPTP_4_BRAZIL-ELECTION-172x108.jpg 172w, https:\/\/media.investnews.com.br\/uploads\/2022\/05\/2022-05-18T215036Z_1_LYNXNPEI4H155_RTROPTP_4_BRAZIL-ELECTION-150x94.jpg 150w, https:\/\/media.investnews.com.br\/uploads\/2022\/05\/2022-05-18T215036Z_1_LYNXNPEI4H155_RTROPTP_4_BRAZIL-ELECTION.jpg 2048w\" sizes=\"auto, (max-width: 1024px) 100vw, 1024px\" \/><figcaption>22\/10\/2018\nREUTERS\/Rodolfo Buhrer<\/figcaption><\/figure>\n\n\n\n<p>O texto, que n\u00e3o cita Bolsonaro, cresceu em tra\u00e7\u00e3o ap\u00f3s reuni\u00e3o de Bolsonaro com embaixadores estrangeiros, em julho, quando o presidente voltou a questionar, sem fundamentos, o resultado das elei\u00e7\u00f5es pelo sistema eletr\u00f4nico de vota\u00e7\u00e3o.<\/p>\n\n\n\n<p>Segundo Bonfim, que organiza os atos de rua, foi tamb\u00e9m o inusual evento do presidente com o corpo diplom\u00e1tico que levou \u00e0 decis\u00e3o pol\u00edtica de convoca\u00e7\u00e3o dos atos da quinta.<\/p>\n\n\n\n<p>&#8220;Independentemente da prefer\u00eancia eleitoral ou partid\u00e1ria de cada um, clamamos as brasileiras e brasileiros a ficarem alertas na defesa da democracia e do respeito ao resultado das elei\u00e7\u00f5es&#8221;, diz o texto da USP.<\/p>\n\n\n\n<p>A carta, que j\u00e1 conta com mais de 870 mil assinaturas, ganhou a ades\u00e3o de artistas de peso como a atriz Fernanda Montenegro e do cineasta Jo\u00e3o Moreira Salles, mas tamb\u00e9m conta com os nomes de banqueiros como Roberto Setubal e Pedro Moreira Salles, do conselho administrativo do Ita\u00fa Unibanco, e Candido Botelho Bracher, ex-presidente do Ita\u00fa Unibanco, al\u00e9m dos empres\u00e1rios Guilherme Peir\u00e3o Leal, copresidente do Conselho de Administra\u00e7\u00e3o da Natura&amp;Co, e Walter Schalka, presidente da Suzano.<\/p>\n\n\n\n<p>Ministros em\u00e9ritos do Supremo Tribunal Federal (STF) e juristas tamb\u00e9m corroboram a carta, que conta ainda com a subscri\u00e7\u00e3o de candidatos ao Pal\u00e1cio do Planalto, caso do ex-presidente Luiz In\u00e1cio Lula da Silva (PT), de Ciro Gomes (PDT) e de Simone Tebet (MDB), entre outros.<\/p>\n\n\n\n<p>J\u00e1 Bolsonaro (PL) n\u00e3o assinou o documento, referiu-se a ele como uma &#8220;cartinha&#8221; e tem convocado seus apoiadores a transformar a parada de 7 de Setembro em um grande com\u00edcio, emulando a ideia de que os militares, enquanto For\u00e7as Armadas, o apoiam.<\/p>\n\n\n\n<h2 class=\"wp-block-heading\">Esquenta protestos<\/h2>\n\n\n\n<p>As leituras na manh\u00e3 de quinta-feira devem ser retransmitidas por outras faculdades e h\u00e1 ainda os centros universit\u00e1rios que produziram suas pr\u00f3prias cartas, caso do &#8220;Manifesto da&nbsp;Unicamp&nbsp;pela Democracia&#8221;.<\/p>\n\n\n\n<p>Na esteira dos eventos na Faculdade de Direito, tamb\u00e9m est\u00e3o previstos atos em diversas capitais e cidades m\u00e9dias do pa\u00eds convocados na inten\u00e7\u00e3o de retomar a mobiliza\u00e7\u00e3o popular ap\u00f3s um longo per\u00edodo sem manifesta\u00e7\u00f5es nas ruas, informou Bonfim.<\/p>\n\n\n\n<p>Os protestos ter\u00e3o a defesa da democracia e das elei\u00e7\u00f5es livres como mote, explicou o coordenador da CMP, mas tamb\u00e9m ir\u00e3o abordar pautas como os direitos sociais, o desemprego, a carestia e o aumento da fome no Brasil, no contexto da campanha &#8220;Fora Bolsonaro&#8221;.<\/p>\n\n\n\n<p>Na leitura de Creomar de Souza, Fundador da Consultoria de Risco Pol\u00edtico Dharma Politics, \u00e9 poss\u00edvel que a ades\u00e3o aos atos da quinta-feira fique mais restrita ao representantes e lideran\u00e7as dos setores envolvidos.<\/p>\n\n\n\n<p>&#8220;N\u00e3o tem povo. A preocupa\u00e7\u00e3o do povo \u00e9 comida no prato e nisso os benef\u00edcios resolvem at\u00e9 31 de dezembro&#8221;, avaliou, referindo-se ao Aux\u00edlio Brasil, reajustado para 600 reais at\u00e9 o fim do ano &#8212; medida encarada por muitos como eleitoreira.<\/p>\n\n\n\n<p>Souza pondera, no entanto, que os manifestos previstos podem servir \u00e0 estrat\u00e9gia de polariza\u00e7\u00e3o, bastante explorada por Bolsonaro.<\/p>\n\n\n\n<blockquote class=\"wp-block-quote is-layout-flow wp-block-quote-is-layout-flow\"><p>&#8220;\u00c9 isso que Bolsonaro deseja, porque alimenta a ideia de incerteza e choque. Pensa o encadeamento de a\u00e7\u00f5es: amanh\u00e3 as a\u00e7\u00f5es nas faculdades de direito, que n\u00e3o necessariamente ser\u00e3o un\u00edssonas, e como resposta a este movimento, Bolsonaro tem a m\u00e1quina, o 25 de agosto e o 7 de setembro&#8221;, afirmou, em refer\u00eancia a atos convocados pelo presidente.<\/p><\/blockquote>\n\n\n\n<p>Bonfim, por outro lado, adiantou que a retomada dos atos de rua na quinta-feira tem como objetivo preparar as manifesta\u00e7\u00f5es previstas para 10 de setembro, ap\u00f3s as mobiliza\u00e7\u00f5es de apoiadores de Bolsonaro no Dia da Independ\u00eancia.<\/p>\n\n\n\n<blockquote class=\"wp-block-quote is-layout-flow wp-block-quote-is-layout-flow\"><p>&#8220;N\u00f3s estamos chamando at\u00e9 de esquenta, porque n\u00f3s estamos nos propondo a organizar no dia 10 de setembro, a\u00ed sim, atos grandes para se contrapor ao 7 de setembro golpista&#8221;, afirmou.<\/p><\/blockquote>\n\n\n\n<h2 class=\"wp-block-heading\">Youtube<\/h2>\n\n\n\n<p>O YouTube tirou do ar o v\u00eddeo em que o presidente Jair Bolsonaro (PL) fez uma s\u00e9rie de alega\u00e7\u00f5es falsas sobre as urnas eletr\u00f4nicas e o sistema de vota\u00e7\u00e3o brasileiro a embaixadores, por viola\u00e7\u00e3o de suas pol\u00edticas, informou a plataforma nesta quarta-feira.<\/p>\n\n\n\n<p>No encontro realizado no m\u00eas passado com representantes diplom\u00e1ticos de v\u00e1rios governos estrangeiros acreditados no Brasil, Bolsonaro repetiu seus ataques sem provas e j\u00e1 refutados \u00e0s urnas eletr\u00f4nicas e ao sistema de vota\u00e7\u00e3o brasileiro, a menos de tr\u00eas meses das elei\u00e7\u00f5es, nas quais tentar\u00e1 ser reconduzido ao cargo.<\/p>\n\n\n\n<p>Atualmente, Bolsonaro aparece em segundo lugar nas pesquisas de inten\u00e7\u00e3o de voto para a Presid\u00eancia da Rep\u00fablica, atr\u00e1s do ex-presidente Luiz In\u00e1cio Lula da Silva (PT).<\/p>\n","protected":false},"excerpt":{"rendered":"<p>Presidente Jair Bolsonaro voltou a criticar sistema eleitoral brasileiro.<\/p>\n","protected":false},"author":61,"featured_media":354456,"comment_status":"closed","ping_status":"open","sticky":false,"template":"","format":"standard","meta":{"_acf_changed":false,"inline_featured_image":false,"footnotes":""},"categories":[5],"tags":[],"autor-wsj":[],"coauthors":[2494],"class_list":["post-354452","post","type-post","status-publish","format-standard","has-post-thumbnail","hentry","category-economia"],"acf":[],"amp_enabled":true,"_links":{"self":[{"href":"https:\/\/investnews.com.br\/inv-api\/wp\/v2\/posts\/354452","targetHints":{"allow":["GET"]}}],"collection":[{"href":"https:\/\/investnews.com.br\/inv-api\/wp\/v2\/posts"}],"about":[{"href":"https:\/\/investnews.com.br\/inv-api\/wp\/v2\/types\/post"}],"author":[{"embeddable":true,"href":"https:\/\/investnews.com.br\/inv-api\/wp\/v2\/users\/61"}],"replies":[{"embeddable":true,"href":"https:\/\/investnews.com.br\/inv-api\/wp\/v2\/comments?post=354452"}],"version-history":[{"count":2,"href":"https:\/\/investnews.com.br\/inv-api\/wp\/v2\/posts\/354452\/revisions"}],"predecessor-version":[{"id":354458,"href":"https:\/\/investnews.com.br\/inv-api\/wp\/v2\/posts\/354452\/revisions\/354458"}],"wp:featuredmedia":[{"embeddable":true,"href":"https:\/\/investnews.com.br\/inv-api\/wp\/v2\/media\/354456"}],"wp:attachment":[{"href":"https:\/\/investnews.com.br\/inv-api\/wp\/v2\/media?parent=354452"}],"wp:term":[{"taxonomy":"category","embeddable":true,"href":"https:\/\/investnews.com.br\/inv-api\/wp\/v2\/categories?post=354452"},{"taxonomy":"post_tag","embeddable":true,"href":"https:\/\/investnews.com.br\/inv-api\/wp\/v2\/tags?post=354452"},{"taxonomy":"autor-wsj","embeddable":true,"href":"https:\/\/investnews.com.br\/inv-api\/wp\/v2\/autor-wsj?post=354452"},{"taxonomy":"author","embeddable":true,"href":"https:\/\/investnews.com.br\/inv-api\/wp\/v2\/coauthors?post=354452"}],"curies":[{"name":"wp","href":"https:\/\/api.w.org\/{rel}","templated":true}]}}