{"id":354976,"date":"2022-08-12T08:03:35","date_gmt":"2022-08-12T11:03:35","guid":{"rendered":"https:\/\/investnews.com.br\/?p=354976"},"modified":"2024-06-26T11:26:26","modified_gmt":"2024-06-26T14:26:26","slug":"5-fatos-para-hoje-resultados-de-qualicorp-sabesp-e-ccr-carro-explode-em-posto","status":"publish","type":"post","link":"https:\/\/investnews.com.br\/economia\/5-fatos-para-hoje-resultados-de-qualicorp-sabesp-e-ccr-carro-explode-em-posto\/","title":{"rendered":"5 fatos para hoje: resultados de Qualicorp, Sabesp e CCR; carro explode em posto"},"content":{"rendered":"\n<h2 class=\"wp-block-heading\">1 &#8211; Qualicorp lucra 45% menos no 2\u00ba tri<\/h2>\n\n\n\n<p>A <strong>Qualicorp<\/strong> (<a href=\"https:\/\/investnews.com.br\/cotacao\/qual3-qualicorp\/\" class=\"rank-math-link\">QUAL3<\/a>) informou nesta quinta-feira (11) que teve <a href=\"https:\/\/investnews.com.br\/guias\/lucro-liquido\/\">lucro l\u00edquido<\/a> de R$ 49,4 milh\u00f5es no segundo trimestre, um recuo de 45,3% ante mesma etapa do ano passado, refletindo queda na base de clientes e aumento de despesas financeiras.<\/p>\n\n\n\n<p>A <a href=\"https:\/\/investnews.com.br\/guias\/receita-liquida-o-que-e\/\">receita l\u00edquida<\/a> da Qualicorp somou R$ 489 milh\u00f5es, queda de 5,4% ante mesma etapa do ano passado.<\/p>\n\n\n\n<p>J\u00e1 o resultado operacional medido pelo lucro antes de impostos, juros, deprecia\u00e7\u00e3o e <a href=\"https:\/\/investnews.com.br\/guias\/amortizacao-o-que-e\/\">amortiza\u00e7\u00e3o<\/a> (Ebitda) ajustado de R$ 234,2 milh\u00f5es foi 3,2% menor do que um ano antes.<\/p>\n\n\n\n<p>A empresa fechou mar\u00e7o com portf\u00f3lio de ades\u00f5es ao servi\u00e7o m\u00e9dico-hospitalar de 1,13 milh\u00e3o, queda de 4,7% em 12 meses.<\/p>\n\n\n\n<p>A Qualicorp afirmou no relat\u00f3rio que as provis\u00f5es para perdas com inadimpl\u00eancia ficaram praticamente em linha com o trimestre anterior.<\/p>\n\n\n\n<h2 class=\"wp-block-heading\">2 &#8211; Lucro da Sabesp cai 45% no 2\u00ba tri, pressionado por maiores despesas financeiras<\/h2>\n\n\n\n<div class=\"wp-block-image\"><figure class=\"aligncenter size-large\"><img loading=\"lazy\" decoding=\"async\" width=\"625\" height=\"365\" src=\"https:\/\/media.investnews.com.br\/uploads\/2020\/06\/sabesp-divulga\u00e7\u00e3o.jpg\" alt=\"Sabesp\" class=\"wp-image-13261\" srcset=\"https:\/\/media.investnews.com.br\/uploads\/2020\/06\/sabesp-divulga\u00e7\u00e3o.jpg 625w, https:\/\/media.investnews.com.br\/uploads\/2020\/06\/sabesp-divulga\u00e7\u00e3o-300x175.jpg 300w, https:\/\/media.investnews.com.br\/uploads\/2020\/06\/sabesp-divulga\u00e7\u00e3o-172x100.jpg 172w, https:\/\/media.investnews.com.br\/uploads\/2020\/06\/sabesp-divulga\u00e7\u00e3o-150x88.jpg 150w\" sizes=\"auto, (max-width: 625px) 100vw, 625px\" \/><figcaption>Divulga\u00e7\u00e3o <\/figcaption><\/figure><\/div>\n\n\n\n<p>A <strong>Sabesp<\/strong> (<a href=\"https:\/\/investnews.com.br\/cotacao\/sbsp3-sabesp\/\" class=\"rank-math-link\">SBSP3<\/a>) viu o lucro cair quase \u00e0 metade no segundo trimestre, uma vez que maiores receitas foram ofuscadas por uma piora nas despesas financeiras.<\/p>\n\n\n\n<p>A empresa de saneamento b\u00e1sico de S\u00e3o Paulo anunciou nesta quinta-feira (11) que seu lucro l\u00edquido de abril a junho somou R$ 422,4 milh\u00f5es, queda de 45,4% ano a ano.<\/p>\n\n\n\n<p>A receita l\u00edquida da companhia no trimestre somou R$ 5,26 bilh\u00f5es, aumento de 14,6% ano a ano, com destaque para o avan\u00e7o de 14,7% no faturamento com servi\u00e7os, na esteira do aumento das tarifas.<\/p>\n\n\n\n<p>O resultado operacional medido pelo lucro antes de impostos, juros, deprecia\u00e7\u00e3o e amortiza\u00e7\u00e3o (Ebitda) ajustado de R$ 1,5 bilh\u00e3o foi 3,9% maior no comparativo anual.<\/p>\n\n\n\n<h2 class=\"wp-block-heading\">3 &#8211; CCR lucra no 2\u00ba tri, v\u00ea 7\u00aa rodada de aeroportos como &#8220;parte de estrat\u00e9gia&#8221;<\/h2>\n\n\n\n<p>A <strong>CCR<\/strong> (<a href=\"https:\/\/investnews.com.br\/cotacao\/ccro3-grupo-ccr\/\" class=\"rank-math-link\">CCRO3<\/a>) lucrou R$ 291,3 milh\u00f5es no segundo trimestre, beneficiando-se do tr\u00e1fego crescente de todos os modais que administra, e indicou estar animada para a s\u00e9tima rodada de leil\u00f5es de aeroportos previsto para semana que vem.<\/p>\n\n\n\n<p>O desempenho operacional medido pelo lucro antes de juros, impostos, deprecia\u00e7\u00e3o e amortiza\u00e7\u00e3o (Ebitda) ajustado cresceu 21,5%, a R$ 1,45 bilh\u00e3o. Mas a margem caiu 1,3 ponto percentual, a 59,5%, refletindo fatores de um ano antes que a companhia considerou extraordin\u00e1rios.<\/p>\n\n\n\n<p>O lucro trimestral, ap\u00f3s preju\u00edzo em igual etapa de 2021, reflete sobretudo a acelera\u00e7\u00e3o das receitas com tarifas de rodovias, mobilidade urbana e aerovi\u00e1rios, que seguiram se recuperando dos efeitos do isolamento social adotado durante a pandemia da Covid-19.<\/p>\n\n\n\n<p>De abril a junho, a receita l\u00edquida compar\u00e1vel da CCR subiu 24,3% ano a ano, a R$ 2,44 bilh\u00f5es, refletindo a alta de 8% no tr\u00e1fego nas rodovias que administra. Os avan\u00e7os mais significativos foram em aeroportos (+243%) e mobilidade urbana (+138%) que, por\u00e9m, ainda n\u00e3o voltaram integralmente aos n\u00edveis pr\u00e9-pandemia.<\/p>\n\n\n\n<p>Em termos l\u00edquidos, a alta da receita foi ainda maior (+32,7%, a R$ 3,1 bilh\u00f5es), uma vez que incorporou receitas de ativos acrescidos mais recentemente \u00e0 lista de concess\u00f5es, como Linhas 8 e 9 do metr\u00f4 de S\u00e3o Paulo, e os aeroportos dos Bloco Sul e Norte, a Nova Dutra e o aeroporto da Pampulha (MG).<\/p>\n\n\n\n<p>Esse conjunto, segundo a gerente de rela\u00e7\u00f5es com investidores da CCR, Flavia Godoy, deve contribuir para controlar a alavancagem financeira da companhia, a despeito de eventuais novos investimentos.<\/p>\n\n\n\n<h3 class=\"wp-block-heading\">Leil\u00f5es <\/h3>\n\n\n\n<p>Al\u00e9m da poss\u00edvel participa\u00e7\u00e3o e vit\u00f3ria na s\u00e9tima rodada de aeroportos, que no pr\u00f3ximo dia 18 deve leiloar 15 terminais, incluindo o de Congonhas (SP), a empresa deve avaliar participar da disputa pela concess\u00e3o do lote Noroeste de rodovias em S\u00e3o Paulo e outro no Paran\u00e1, previstos para este ano.<\/p>\n\n\n\n<p>&#8220;Estamos animados com s\u00e9tima rodada de aeroportos, faz parte da nossa estrat\u00e9gia&#8221;, disse ela.<\/p>\n\n\n\n<p>A CCR fechou junho com alavancagem financeira medida pela rela\u00e7\u00e3o entre d\u00edvida l\u00edquida e Ebitda de 1,8 vez, abaixo das 2,3 vezes um ano antes, mesmo tendo assumido mais d\u00edvidas para assumir ativos conquistados em licita\u00e7\u00f5es.<\/p>\n\n\n\n<p>A d\u00edvida maior e mais cara devido ao aumento dos juros no \u00faltimo anos fez a despesa financeira da companhia no segundo trimestre somar R$ 704 milh\u00f5es, mais do que o dobro dos R$ 327 milh\u00f5es de um ano antes.<\/p>\n\n\n\n<p>A CCR deve lan\u00e7ar nos resultados do terceiro trimestre os recursos da venda de 70% na prestadora norte-americana de servi\u00e7os aeroportu\u00e1rios TAS, por R$ 144 milh\u00f5es.<\/p>\n\n\n\n<p>Em julho, Ita\u00fasa e Votorantim anunciaram acordo para comprar a fatia de 14,86% detida pela Andrade Gutierrez na CCR por R$ 4,1 bilh\u00f5es.<\/p>\n\n\n\n<h2 class=\"wp-block-heading\">4 &#8211; <strong>Governo edita decreto para regulamentar consignado para benefici\u00e1rios do Aux\u00edlio<\/strong><\/h2>\n\n\n\n<p>O presidente Jair Bolsonaro assinou decreto que regulamenta o cr\u00e9dito consignado para benefici\u00e1rios do Programa Aux\u00edlio Brasil. O Decreto, que ainda dever\u00e1 ser publicado no Di\u00e1rio Oficial da Uni\u00e3o, regulamenta artigo da Lei n\u00ba 14.431, de 3 de agosto de 2022, que autoriza a concess\u00e3o do cr\u00e9dito consignado para s benefici\u00e1rios de programas sociais do governo.<\/p>\n\n\n\n<p>&#8220;A c\u00e9lere regulamenta\u00e7\u00e3o do dispositivo citado possibilita que os benefici\u00e1rios do Programa Aux\u00edlio Brasil tenham acesso facilitado a cr\u00e9dito, com taxas de juros mais baixas, o que permitir\u00e1 a tomada de cr\u00e9dito respons\u00e1vel, sem o comprometimento excessivo da renda&#8221;, afirma a Secretaria Geral da Presid\u00eancia em nota divulgada na noite desta quinta-feira (11).<\/p>\n\n\n\n<h2 class=\"wp-block-heading\">5 &#8211; Carro explode durante abastecimento em posto de S\u00e3o Pedro da Aldeia<\/h2>\n\n\n\n<p>Um carro explodiu enquanto era abastecido com g\u00e1s natural veicular (GNV) na manh\u00e3 desta quinta-feira (11) em S\u00e3o Pedro da Aldeia, na Regi\u00e3o dos Lagos do estado do Rio de Janeiro. O Corpo de Bombeiros do Rio de Janeiro, que foi acionado por volta das 12h, informou que duas pessoas tinham ficado feridas. Mais tarde, a Secretaria de Sa\u00fade do munic\u00edpio atualizou as informa\u00e7\u00f5es e disse que&nbsp;um frentista morreu e que houve mais quatro v\u00edtimas.<\/p>\n\n\n\n<p>O carro ficou completamente destru\u00eddo. A estrutura do posto de combust\u00edveis tamb\u00e9m foi abalada.&nbsp;O&nbsp;frentista tinha 21 anos e teve as duas pernas amputadas na explos\u00e3o. Levado para o pronto-socorro municipal em estado grav\u00edssimo, ele acabou n\u00e3o resistindo.&nbsp;O dono do ve\u00edculo, de 28 anos, sofreu um ferimento extenso&nbsp;no lado esquerdo da mand\u00edbula, al\u00e9m de les\u00f5es no t\u00f3rax e no abdome. Foi feita sutura em \u00e1reas atingidas, e ele passar\u00e1 por avalia\u00e7\u00e3o no Hospital Estadual Roberto Chabo, em Araruama (RJ).<\/p>\n\n\n\n<p>Entre as v\u00edtimas, est\u00e3o mais dois funcion\u00e1rios do posto: um frentista e um encarregado de pista, que sofreram cortes devido aos estilha\u00e7os e j\u00e1 tiveram alta. Um guarda municipal foi atingido por um pneu que se desprendeu de um caminh\u00e3o que estava perto do local da explos\u00e3o. Queixando-se de dor, ele foi encaminhado ao Hospital Estadual Roberto Chabo para exames de imagem e avaliar se ser\u00e1 necess\u00e1ria cirurgia.<\/p>\n\n\n\n<p>De acordo com a prefeitura de S\u00e3o Pedro da Aldeia, a Guarda Civil Municipal e a Defesa Civil isolaram o per\u00edmetro ap\u00f3s a explos\u00e3o. A Pol\u00edcia Civil faz a per\u00edcia para apurar as causas do acidente.<\/p>\n\n\n\n<p>Esta \u00e9 a segunda explos\u00e3o de um ve\u00edculo em pouco mais de duas semanas no estado do Rio\u00a0de Janeiro. No dia\u00a026 de julho,\u00a0um carro explodiu\u00a0enquanto era abastecido com GNV na zona norte da capital fluminense.\u00a0Um homem morreu\u00a0e uma mulher ficou ferida.<\/p>\n\n\n\n<h2 class=\"wp-block-heading\">Fiscaliza\u00e7\u00e3o<\/h2>\n\n\n\n<p>Procurada pela&nbsp;<strong>Ag\u00eancia Brasil<\/strong>, a concession\u00e1ria Naturgy informou que \u00e9 respons\u00e1vel apenas pelo fornecimento do GNV. A fiscaliza\u00e7\u00e3o das instala\u00e7\u00f5es de postos de combust\u00edveis \u00e9 atribui\u00e7\u00e3o da Ag\u00eancia Nacional do Petr\u00f3leo, G\u00e1s Natural e Biocombust\u00edveis (ANP), \u00f3rg\u00e3o regulat\u00f3rio vinculado ao Minist\u00e9rio de Minas e Energia. No caso do GNV, h\u00e1 um limite de press\u00e3o m\u00e1xima de abastecimento. O descumprimento pode levar \u00e0 autua\u00e7\u00e3o do posto.<\/p>\n\n\n\n<p>Por outro lado, a ANP n\u00e3o tem atribui\u00e7\u00e3o legal para atuar se a explos\u00e3o estiver relacionada com a m\u00e1 conserva\u00e7\u00e3o e condi\u00e7\u00f5es de instala\u00e7\u00e3o ou manuten\u00e7\u00e3o do\u00a0<em>kit<\/em>\u00a0GNV do ve\u00edculo. As oficinas que fazem tais servi\u00e7os precisam ser credenciadas pelo Inmetro, autarquia federal vinculada ao Minist\u00e9rio da Economia. \u00c9 poss\u00edvel consultar pela internet a\u00a0<a rel=\"noreferrer noopener\" class=\"rank-math-link\" href=\"http:\/\/www.inmetro.gov.br\/inovacao\/oficinas\/listagem.asp\" target=\"_blank\">lista de estabelecimentos regulares<\/a>.<\/p>\n\n\n\n<p>Segundo a orienta\u00e7\u00e3o do Inmetro, o&nbsp;<em>kit<\/em>&nbsp;GNV deve passar por manuten\u00e7\u00e3o anual. A n\u00e3o realiza\u00e7\u00e3o do servi\u00e7o ou sua realiza\u00e7\u00e3o em oficinas n\u00e3o credenciadas aumenta os riscos de explos\u00e3o.<\/p>\n\n\n\n<p>Tamb\u00e9m \u00e9 recomendado que, na hora do abastecimentos, motoristas e passageiros saiam do carro e se posicionem \u00e0 sua frente. Ve\u00edculos que estiverem aguardando atendimento devem ser mantidos a uma dist\u00e2ncia segura dos que estiverem sendo abastecidos.<\/p>\n\n\n\n<p><em>*Com informa\u00e7\u00f5es da Reuters, Estad\u00e3o Conte\u00fado e Ag\u00eancia Brasil <br><\/em><\/p>\n","protected":false},"excerpt":{"rendered":"<p>Receita l\u00edquida da Qualicorp somou R$ 489 milh\u00f5es, queda de 5,4% ante mesma etapa do ano passado.<\/p>\n","protected":false},"author":7,"featured_media":238699,"comment_status":"closed","ping_status":"open","sticky":false,"template":"","format":"standard","meta":{"_acf_changed":false,"inline_featured_image":false,"footnotes":""},"categories":[5],"tags":[2495,653,196,201],"autor-wsj":[],"coauthors":[1494],"class_list":["post-354976","post","type-post","status-publish","format-standard","has-post-thumbnail","hentry","category-economia","tag-auxilio-brasil","tag-combustiveis","tag-qualicorp","tag-sabesp"],"acf":[],"amp_enabled":true,"_links":{"self":[{"href":"https:\/\/investnews.com.br\/inv-api\/wp\/v2\/posts\/354976","targetHints":{"allow":["GET"]}}],"collection":[{"href":"https:\/\/investnews.com.br\/inv-api\/wp\/v2\/posts"}],"about":[{"href":"https:\/\/investnews.com.br\/inv-api\/wp\/v2\/types\/post"}],"author":[{"embeddable":true,"href":"https:\/\/investnews.com.br\/inv-api\/wp\/v2\/users\/7"}],"replies":[{"embeddable":true,"href":"https:\/\/investnews.com.br\/inv-api\/wp\/v2\/comments?post=354976"}],"version-history":[{"count":4,"href":"https:\/\/investnews.com.br\/inv-api\/wp\/v2\/posts\/354976\/revisions"}],"predecessor-version":[{"id":354981,"href":"https:\/\/investnews.com.br\/inv-api\/wp\/v2\/posts\/354976\/revisions\/354981"}],"wp:featuredmedia":[{"embeddable":true,"href":"https:\/\/investnews.com.br\/inv-api\/wp\/v2\/media\/238699"}],"wp:attachment":[{"href":"https:\/\/investnews.com.br\/inv-api\/wp\/v2\/media?parent=354976"}],"wp:term":[{"taxonomy":"category","embeddable":true,"href":"https:\/\/investnews.com.br\/inv-api\/wp\/v2\/categories?post=354976"},{"taxonomy":"post_tag","embeddable":true,"href":"https:\/\/investnews.com.br\/inv-api\/wp\/v2\/tags?post=354976"},{"taxonomy":"autor-wsj","embeddable":true,"href":"https:\/\/investnews.com.br\/inv-api\/wp\/v2\/autor-wsj?post=354976"},{"taxonomy":"author","embeddable":true,"href":"https:\/\/investnews.com.br\/inv-api\/wp\/v2\/coauthors?post=354976"}],"curies":[{"name":"wp","href":"https:\/\/api.w.org\/{rel}","templated":true}]}}