{"id":355775,"date":"2022-08-16T09:06:10","date_gmt":"2022-08-16T12:06:10","guid":{"rendered":"https:\/\/investnews.com.br\/?p=355775"},"modified":"2024-06-24T11:05:24","modified_gmt":"2024-06-24T14:05:24","slug":"morning-call-mercados-positivos-na-vespera-da-ata-do-fomc-e-ipc-s-com-deflacao","status":"publish","type":"post","link":"https:\/\/investnews.com.br\/financas\/morning-call-mercados-positivos-na-vespera-da-ata-do-fomc-e-ipc-s-com-deflacao\/","title":{"rendered":"Morning Call: mercados positivos na v\u00e9spera da ata do Fomc e IPC-S com defla\u00e7\u00e3o"},"content":{"rendered":"\n<figure class=\"wp-block-embed-soundcloud wp-block-embed is-type-rich is-provider-soundcloud wp-embed-aspect-4-3 wp-has-aspect-ratio\"><div class=\"wp-block-embed__wrapper\">\nhttps:\/\/soundcloud.com\/investnews\/morning-call-160822-mercados-positivos-na-vespera-da-ata-do-fomc-e-ipc-s-com-deflacao?si=2304db27a83f4caa9a5996b4416624fd&#038;utm_source=clipboard&#038;utm_medium=text&#038;utm_campaign=social_sharing\n<\/div><\/figure>\n\n\n\n<h2 class=\"wp-block-heading\">\u00c1sia e Europa se mant\u00e9m positivas na v\u00e9spera da ata do Fomc<\/h2>\n\n\n\n<p>Nesta ter\u00e7a feira (16) os mercados da \u00c1sia tiveram um dia majoritariamente de alta acompanhando os ganhos dos mercados norte americanos de ontem mesmo com os dados sobre a economia chinesa indicando uma desacelera\u00e7\u00e3o econ\u00f4mica. O \u00edndice japon\u00eas Nikkei fechou com -0,01%, Hang Seng com -1,05%, Shanhgai com +0,05%, TWI de Taiwan com +0,02% e o sul coreano Kospi com +0,22%.<\/p>\n\n\n\n<p>Na Europa, a balan\u00e7a comercial de junho registrou um d\u00e9ficit de 24,6 bilh\u00f5es de euros, resultado pior que o d\u00e9ficit de 20 bilh\u00f5es esperado pelo mercado por\u00e9m com melhora na compara\u00e7\u00e3o com os 28,4 bilh\u00f5es negativos registrados em maio. E a taxa de desemprego no Reino Unido de junho tamb\u00e9m foi divulgada hoje com manuten\u00e7\u00e3o de 3,8% e em linha com expectativas de mercado enquanto o rendimento semanal m\u00e9dio do m\u00eas registrou uma alta de 5,1% em junho, resultado melhor que alta de 4,5% esperada.<\/p>\n\n\n\n<p>Os principais \u00edndices europeus operavam em alta com os resultados dos indicadores econ\u00f4micos melhores que as proje\u00e7\u00f5es e o \u00edndice alem\u00e3o DAX operava com alta de 0,59%, o FTSE do Reino Unido com +0,72%, o CAC da Fran\u00e7a com +0,40%, o espanhol IBEX com +0,92% e o Euro Stoxx com +0,42%.<\/p>\n\n\n\n<h2 class=\"wp-block-heading\">Mercado espera queda de 2,7% nas licen\u00e7as de constru\u00e7\u00e3o em julho nos EUA<\/h2>\n\n\n\n<p>\u00c0s 09:30 no hor\u00e1rio local ser\u00e3o divulgados dados sobre o mercado imobili\u00e1rio dos EUA em julho. O mercado projeta uma queda de 2,7% nas licen\u00e7as de constru\u00e7\u00e3o passando de 1,696 milh\u00e3o em junho para 1,650 milh\u00e3o em julho. A produ\u00e7\u00e3o industrial deve registrar uma alta de 0,3% em julho de acordo com expectativas. <\/p>\n\n\n\n<p>E os mercados devem acompanhar a divulga\u00e7\u00e3o amanh\u00e3 (17) da ata do Fomc, que deve dar pistas sobre o rumo da pol\u00edtica monet\u00e1ria dos EUA e o aperto dos juros. O documento faz parte de um conjunto de fatores que impactam os mercados globais assim como os dados sobre o mercado de trabalho nos EUA e os \u00edndices de pre\u00e7os como o CPI e PCE.<\/p>\n\n\n\n<h2 class=\"wp-block-heading\">IPC-S cai 1,28% na segunda semana de agosto<\/h2>\n\n\n\n<p>O \u00cdndice de Pre\u00e7os ao Consumidor &#8211; Semanal registrou mais uma queda, dessa vez de 1,28% na segunda quadrissemana de agosto sendo a quarta semana com quedas e seu resultado acumulado em 12 meses passa de 6,02% para 5,86%. Novamente o grande impacto veio das quedas em Habita\u00e7\u00e3o (-0,41%) e Transportes (-4,99%) mas tamb\u00e9m do grupo de Educa\u00e7\u00e3o, Leitura e Recrea\u00e7\u00e3o (-4,99%). Uma importante desacelera\u00e7\u00e3o na compara\u00e7\u00e3o entre semanas foi o Leite Longa Vida de +20,31% para +13,03%.<\/p>\n","protected":false},"excerpt":{"rendered":"<p>Mercados seguem com ganhos \u00e0 v\u00e9spera da divulga\u00e7\u00e3o da ata do Fomc, que deve trazer detalhes sobre a vis\u00e3o do Fed sobre juros e infla\u00e7\u00e3o. E o IPC cai 1,28% na segunda quadrissemana de agosto <\/p>\n","protected":false},"author":46,"featured_media":339181,"comment_status":"closed","ping_status":"open","sticky":false,"template":"","format":"standard","meta":{"_acf_changed":false,"inline_featured_image":false,"footnotes":""},"categories":[4],"tags":[],"autor-wsj":[],"coauthors":[2364],"class_list":["post-355775","post","type-post","status-publish","format-standard","has-post-thumbnail","hentry","category-financas"],"acf":[],"amp_enabled":true,"_links":{"self":[{"href":"https:\/\/investnews.com.br\/inv-api\/wp\/v2\/posts\/355775","targetHints":{"allow":["GET"]}}],"collection":[{"href":"https:\/\/investnews.com.br\/inv-api\/wp\/v2\/posts"}],"about":[{"href":"https:\/\/investnews.com.br\/inv-api\/wp\/v2\/types\/post"}],"author":[{"embeddable":true,"href":"https:\/\/investnews.com.br\/inv-api\/wp\/v2\/users\/46"}],"replies":[{"embeddable":true,"href":"https:\/\/investnews.com.br\/inv-api\/wp\/v2\/comments?post=355775"}],"version-history":[{"count":4,"href":"https:\/\/investnews.com.br\/inv-api\/wp\/v2\/posts\/355775\/revisions"}],"predecessor-version":[{"id":355811,"href":"https:\/\/investnews.com.br\/inv-api\/wp\/v2\/posts\/355775\/revisions\/355811"}],"wp:featuredmedia":[{"embeddable":true,"href":"https:\/\/investnews.com.br\/inv-api\/wp\/v2\/media\/339181"}],"wp:attachment":[{"href":"https:\/\/investnews.com.br\/inv-api\/wp\/v2\/media?parent=355775"}],"wp:term":[{"taxonomy":"category","embeddable":true,"href":"https:\/\/investnews.com.br\/inv-api\/wp\/v2\/categories?post=355775"},{"taxonomy":"post_tag","embeddable":true,"href":"https:\/\/investnews.com.br\/inv-api\/wp\/v2\/tags?post=355775"},{"taxonomy":"autor-wsj","embeddable":true,"href":"https:\/\/investnews.com.br\/inv-api\/wp\/v2\/autor-wsj?post=355775"},{"taxonomy":"author","embeddable":true,"href":"https:\/\/investnews.com.br\/inv-api\/wp\/v2\/coauthors?post=355775"}],"curies":[{"name":"wp","href":"https:\/\/api.w.org\/{rel}","templated":true}]}}