{"id":356103,"date":"2022-08-16T19:26:24","date_gmt":"2022-08-16T22:26:24","guid":{"rendered":"https:\/\/investnews.com.br\/?p=356103"},"modified":"2022-08-17T09:02:01","modified_gmt":"2022-08-17T12:02:01","slug":"mercado-precisa-da-participacao-de-agentes-privados-diz-presidente-da-cvm","status":"publish","type":"post","link":"https:\/\/investnews.com.br\/financas\/mercado-precisa-da-participacao-de-agentes-privados-diz-presidente-da-cvm\/","title":{"rendered":"Mercado precisa da &#8216;participa\u00e7\u00e3o de agentes privados&#8217;, diz presidente da CVM"},"content":{"rendered":"\n<p>Jo\u00e3o Pedro Nascimento, presidente da <a href=\"https:\/\/investnews.com.br\/economia\/governo-quer-aprovar-medidas-de-apoio-ao-mercado-de-capitais\/\" class=\"rank-math-link\">Comiss\u00e3o de Valores Mobili\u00e1rios (CVM)<\/a>, que assumiu o posto da autarquia em julho, afirmou que o pa\u00eds precisa de um mercado de capitais robusto, o que inclui a participa\u00e7\u00e3o de agentes privados. <\/p>\n\n\n\n<p>A fala ocorreu durante participa\u00e7\u00e3o virtual em evento promovido pela (Associa\u00e7\u00e3o Nacional das Corretoras de Valores) nesta ter\u00e7a-feira (16), em comemora\u00e7\u00e3o aos 50 anos da entidade e que tratou, dentre outros assuntos, sobre a atividade de intermedia\u00e7\u00e3o nos pr\u00f3ximos anos. <\/p>\n\n\n\n<p>&#8220;Sou um grande defensor da ideia de que, uma das politicas p\u00fablicas mais bem feitas \u00e9 aquela que envolve os agentes privados no cumprimento das parcelas das atividades que incubem ao poder publico, como \u00e9 o caso da autoregula\u00e7\u00e3o&#8221;, afirmou. <\/p>\n\n\n\n<figure class=\"wp-block-image size-large\"><img loading=\"lazy\" decoding=\"async\" width=\"860\" height=\"570\" src=\"https:\/\/media.investnews.com.br\/uploads\/2022\/08\/imagem_materia.jpeg\" alt=\"\" class=\"wp-image-356156\" srcset=\"https:\/\/media.investnews.com.br\/uploads\/2022\/08\/imagem_materia.jpeg 860w, https:\/\/media.investnews.com.br\/uploads\/2022\/08\/imagem_materia-300x199.jpeg 300w, https:\/\/media.investnews.com.br\/uploads\/2022\/08\/imagem_materia-768x509.jpeg 768w, https:\/\/media.investnews.com.br\/uploads\/2022\/08\/imagem_materia-172x114.jpeg 172w, https:\/\/media.investnews.com.br\/uploads\/2022\/08\/imagem_materia-150x99.jpeg 150w\" sizes=\"auto, (max-width: 860px) 100vw, 860px\" \/><figcaption>Jo\u00e3o Pedro Nascimento, presidente da Comiss\u00e3o de Valores Mobili\u00e1rios (CVM). Geraldo Magela\/Ag\u00eancia Senado<\/figcaption><\/figure>\n\n\n\n<p>Figueiredo disse ainda que iniciou conversas com os agentes do setor sobre a agenda de intermedia\u00e7\u00e3o no mercado de capitais, antes mesmo de assumir o comando da Comiss\u00e3o.<\/p>\n\n\n\n<p>&#8220;Enxergo muitas oportunidades em conjunto, \u00e9 um momento de muitos desafios, \u00e9 natural que esses desafios sejam superados com mais qualidade se houver di\u00e1logo t\u00e9cnico entre as nossas casas&#8221;, disse. <\/p>\n\n\n\n<p>Por meio de teleconfer\u00eancia, Nascimento comentou ainda que \u00e9 necess\u00e1rio &#8216;exaltar&#8217; o Brasil em meio a um per\u00edodo de pandemia e instabilidades pol\u00edticas e econ\u00f4micas em todo do planeta. <\/p>\n\n\n\n<p>&#8220;N\u00f3s somos a d\u00e9cima economia do mundo em n\u00fameros absolutos, a gente est\u00e1 vivendo um contexto de muitas oportunidades, e essas oportunidades passam pelo mercado de capitais e que envolvem seus intermedi\u00e1rios. Se preparem para anos de muito trabalho e uma economia muito pr\u00f3spera. \u00c9 assim que prefiro acreditar, sou um eterno entusiasta do Brasil&#8221;. <\/p>\n","protected":false},"excerpt":{"rendered":"<p>A fala ocorreu durante participa\u00e7\u00e3o virtual em evento promovido pela Ancord e que tratou, dentre outros assuntos, sobre a atividade de intermedia\u00e7\u00e3o nos pr\u00f3ximos anos. <\/p>\n","protected":false},"author":53,"featured_media":17413,"comment_status":"closed","ping_status":"open","sticky":false,"template":"","format":"standard","meta":{"_acf_changed":false,"inline_featured_image":false,"footnotes":""},"categories":[4],"tags":[41,1711],"autor-wsj":[],"coauthors":[2433],"class_list":["post-356103","post","type-post","status-publish","format-standard","has-post-thumbnail","hentry","category-financas","tag-cvm","tag-mercado-de-capitais"],"acf":[],"amp_enabled":true,"_links":{"self":[{"href":"https:\/\/investnews.com.br\/inv-api\/wp\/v2\/posts\/356103","targetHints":{"allow":["GET"]}}],"collection":[{"href":"https:\/\/investnews.com.br\/inv-api\/wp\/v2\/posts"}],"about":[{"href":"https:\/\/investnews.com.br\/inv-api\/wp\/v2\/types\/post"}],"author":[{"embeddable":true,"href":"https:\/\/investnews.com.br\/inv-api\/wp\/v2\/users\/53"}],"replies":[{"embeddable":true,"href":"https:\/\/investnews.com.br\/inv-api\/wp\/v2\/comments?post=356103"}],"version-history":[{"count":23,"href":"https:\/\/investnews.com.br\/inv-api\/wp\/v2\/posts\/356103\/revisions"}],"predecessor-version":[{"id":356158,"href":"https:\/\/investnews.com.br\/inv-api\/wp\/v2\/posts\/356103\/revisions\/356158"}],"wp:featuredmedia":[{"embeddable":true,"href":"https:\/\/investnews.com.br\/inv-api\/wp\/v2\/media\/17413"}],"wp:attachment":[{"href":"https:\/\/investnews.com.br\/inv-api\/wp\/v2\/media?parent=356103"}],"wp:term":[{"taxonomy":"category","embeddable":true,"href":"https:\/\/investnews.com.br\/inv-api\/wp\/v2\/categories?post=356103"},{"taxonomy":"post_tag","embeddable":true,"href":"https:\/\/investnews.com.br\/inv-api\/wp\/v2\/tags?post=356103"},{"taxonomy":"autor-wsj","embeddable":true,"href":"https:\/\/investnews.com.br\/inv-api\/wp\/v2\/autor-wsj?post=356103"},{"taxonomy":"author","embeddable":true,"href":"https:\/\/investnews.com.br\/inv-api\/wp\/v2\/coauthors?post=356103"}],"curies":[{"name":"wp","href":"https:\/\/api.w.org\/{rel}","templated":true}]}}