{"id":356210,"date":"2022-08-17T08:11:13","date_gmt":"2022-08-17T11:11:13","guid":{"rendered":"https:\/\/investnews.com.br\/?p=356210"},"modified":"2024-06-26T11:26:12","modified_gmt":"2024-06-26T14:26:12","slug":"5-fatos-para-hoje-venda-de-concessoes-da-petrobras-tarifas-de-energia-da-aneel","status":"publish","type":"post","link":"https:\/\/investnews.com.br\/economia\/5-fatos-para-hoje-venda-de-concessoes-da-petrobras-tarifas-de-energia-da-aneel\/","title":{"rendered":"5 fatos para hoje: venda de concess\u00f5es da Petrobras; tarifas de energia da Aneel"},"content":{"rendered":"\n<h2 class=\"wp-block-heading\">1 &#8211; Petrobras inicia venda de 40% de concess\u00f5es na Margem Equatorial potiguar<\/h2>\n\n\n\n<p>A <strong>Petrobras<\/strong> (<a rel=\"noreferrer noopener\" href=\"https:\/\/investnews.com.br\/cotacao\/petr3-petr4-petrobras\/\" target=\"_blank\">PETR3\/PETR4<\/a>) informou nesta ter\u00e7a-feira (16) que iniciou venda de fatia de 40% da sua participa\u00e7\u00e3o em duas concess\u00f5es em \u00e1guas profundas da Bacia Potiguar, na chamada <a href=\"https:\/\/investnews.com.br\/guias\/margem-equatorial\/\">Margem Equatorial<\/a>, que tem despertado interesse do setor de petr\u00f3leo devido \u00e0 proximidade com descobertas na Guiana.<\/p>\n\n\n\n<p>A estatal ressaltou que possui 100% de participa\u00e7\u00e3o nas concess\u00f5es BM-POT-17 &#8211;em que se desenvolve o Plano de Avalia\u00e7\u00e3o de Descoberta do po\u00e7o Pitu&#8211; e POT-M-762_R15, e que continuar\u00e1 como operadora da parceria ap\u00f3s a venda da fatia.<\/p>\n\n\n\n<p>A companhia afirmou, ainda, que a busca de parceria nesses ativos &#8220;est\u00e1 alinhada \u00e0 estrat\u00e9gia de gest\u00e3o de portf\u00f3lio e \u00e0 melhoria de aloca\u00e7\u00e3o do capital da companhia, visando \u00e0 maximiza\u00e7\u00e3o de valor e maior retorno \u00e0 sociedade&#8221;.<\/p>\n\n\n\n<p>Na regi\u00e3o, a Petrobras disse que tem compromisso firme de perfura\u00e7\u00e3o de um po\u00e7o explorat\u00f3rio (po\u00e7o Pitu Oeste) previsto para 2023. Al\u00e9m disso, prev\u00ea perfurar o po\u00e7o Anhang\u00e1 (Oportunidade Explorat\u00f3ria Anhang\u00e1) entre 2023 e 2024.<\/p>\n\n\n\n<h2 class=\"wp-block-heading\">2 &#8211; Cemig est\u00e1 confiante sobre novos desinvestimentos no m\u00e9dio prazo, diz diretor<\/h2>\n\n\n\n<p>A <strong>Cemig<\/strong> (<a href=\"https:\/\/investnews.com.br\/cotacao\/cmig4-cemig\/\" class=\"rank-math-link\">CMIG4<\/a>) est\u00e1 confiante de que poder\u00e1 divulgar novos desinvestimentos no m\u00e9dio prazo, disse nesta ter\u00e7a-feira (16) o diretor de finan\u00e7as da el\u00e9trica, Leonardo Magalh\u00e3es.<\/p>\n\n\n\n<p>Sem comentar nenhuma oportunidade espec\u00edfica, o executivo disse que os pr\u00f3ximos desinvestimentos da empresa tendem a ser mais &#8220;complexos&#8221;.<\/p>\n\n\n\n<p>&#8220;J\u00e1 conseguimos fazer v\u00e1rios desinvestimentos, como a Renova, a quest\u00e3o da Light, continuamos com o processo&#8230; Sabemos que s\u00e3o processos complexos, envolvem muitos recursos&#8221;, disse, durante teleconfer\u00eancia para comentar os resultados trimestrais.<\/p>\n\n\n\n<p>Questionado especificamente sobre a venda de sua fatia na transmissora Taesa, o diretor de participa\u00e7\u00f5es, Marco Soligo, disse que a companhia mant\u00e9m seu interesse no processo.<\/p>\n\n\n\n<p>&#8220;Estamos conversando com as partes interessadas concernentes, e assim que algo relevante ocorrer, voc\u00eas ser\u00e3o informados&#8221;, respondeu, sem entrar em detalhes.<\/p>\n\n\n\n<p>Al\u00e9m da Taesa, a Cemig j\u00e1 indicou sua vontade de se desfazer das participa\u00e7\u00f5es na Santo Ant\u00f4nio Energia (concession\u00e1ria da hidrel\u00e9trica Santo Ant\u00f4nio) e Norte Energia (concession\u00e1ria de Belo Monte).<\/p>\n\n\n\n<p>Ainda durante a teleconfer\u00eancia, Magalh\u00e3es disse que a Cemig tem &#8220;todo interesse&#8221; em renovar as concess\u00f5es das usinas hidrel\u00e9tricas Emborca\u00e7\u00e3o, Nova Ponte e S\u00e3o Sim\u00e3o, que vencem nos pr\u00f3ximos anos.<\/p>\n\n\n\n<p>&#8220;S\u00e3o usinas que representam uma parcela importante da nossa gera\u00e7\u00e3o&#8230; Estamos estudando o assunto&#8230; Temos grupo de trabalho interno que est\u00e1 discutindo alternativas, o melhor desenho para que essas usinas possam ser renovadas.&#8221;<\/p>\n\n\n\n<h2 class=\"wp-block-heading\">3 &#8211; <strong>Aneel aprova repasse de R$ 947,8 mi de Itaipu para atenuar tarifas de energia<\/strong><\/h2>\n\n\n\n<p>A diretoria da Ag\u00eancia Nacional de Energia El\u00e9trica (Aneel) aprovou nesta ter\u00e7a-feira (16) repasse de R$ 947,8 milh\u00f5es para atenuar as <a href=\"https:\/\/investnews.com.br\/economia\/preco-da-conta-de-luz\/\" class=\"rank-math-link\">tarifas de energia<\/a>. Os recursos s\u00e3o relativos ao saldo positivo da conta de comercializa\u00e7\u00e3o de Itaipu, em decorr\u00eancia principalmente da varia\u00e7\u00e3o cambial, j\u00e1 que a energia gerada pela usina \u00e9 comercializada em d\u00f3lar.<\/p>\n\n\n\n<p>Com a privatiza\u00e7\u00e3o da <strong>Eletrobras<\/strong> (<a rel=\"noreferrer noopener\" href=\"https:\/\/investnews.com.br\/cotacao\/elet3-elet6-eletrobras-centrais-eletricas-brasileiras\/\" target=\"_blank\">ELET3\/ELET5\/ELET6<\/a>), caber\u00e1 \u00e0 Empresa Brasileira de Participa\u00e7\u00f5es em Energia Nuclear e Binacional (ENBPar) ser respons\u00e1vel pela conta. Pelas regras, o saldo positivo pode ser destinado em benef\u00edcio dos consumidores, na forma de cr\u00e9dito do b\u00f4nus nas faturas de energia, ou para permitir o diferimento dos pagamentos do repasse da pot\u00eancia contratada de Itaipu pelas distribuidoras.<\/p>\n\n\n\n<p>Seguindo crit\u00e9rios estabelecidos pela ag\u00eancia reguladora, 11 empresas foram consideradas eleg\u00edveis para o recebimento dos recursos. Por\u00e9m, a diretoria decidiu que a Neoenergia Bras\u00edlia n\u00e3o teria direito ao repasse, visto que em 2021 o uso dos recursos ultrapassou o limite individual estabelecido para o bi\u00eanio 2021-2022, de 2,54%. A medida tem como objetivo dar isonomia entre as empresas.<\/p>\n\n\n\n<p>&#8220;Procurou-se limitar, proporcionalmente, o valor alocado a cada concession\u00e1ria, visto que esse recurso escasso ser\u00e1 distribu\u00eddo entre concession\u00e1rias com caracter\u00edsticas de porte e receita bem distintas entre si e com diferentes expectativas de impacto tarif\u00e1rio para 2022. Nessa limita\u00e7\u00e3o individual tamb\u00e9m foi observado o montante j\u00e1 alocado a essas mesmas concession\u00e1rias em 2021?&#8221;, diz o voto do diretor, Gi\u00e1como Almeida.<\/p>\n\n\n\n<p>Ter\u00e3o direito a receber os recursos a RGE, Energisa Minas Gerais, Enel S\u00e3o Paulo, Energisa Sul-Sudeste, Celesc, Elektro, Dcelt, Enel Goi\u00e1s, CPFL Piratininga e DMED.<\/p>\n\n\n\n<p>Em rela\u00e7\u00e3o aos diferimentos, para aquelas que j\u00e1 passaram pelo processo tarif\u00e1rio neste ano, os montantes ser\u00e3o repassados no prazo de at\u00e9 10 dias \u00fateis. Para as demais, os repasses ser\u00e3o feitos no momento da an\u00e1lise dos reajustes.<\/p>\n\n\n\n<p>Pela norma estabelecida pelo governo, os recursos utilizados nos diferimentos do ser\u00e3o recompostos \u00e0 conta. Assim, as distribuidoras dever\u00e3o fazer os repasses para a conta de comercializa\u00e7\u00e3o da energia el\u00e9trica da Itaipu a partir do processo tarif\u00e1rio de 2024. O pagamento acontecer\u00e1 em 12 parcelas mensais, que ser\u00e3o definidas pela Aneel nos processos tarif\u00e1rios das empresas devedoras, corrigidas pela Selic.<\/p>\n\n\n\n<h2 class=\"wp-block-heading\">4 &#8211; Ministro Alexandre de Moraes toma posse como presidente do TSE<\/h2>\n\n\n\n<p>O ministro Alexandre de Moraes tomou posse na presid\u00eancia do Tribunal Superior Eleitoral (TSE). Moraes cumprir\u00e1 mandato de dois anos e suceder\u00e1 o ministro Edson Fachin no comando do tribunal, \u00f3rg\u00e3o respons\u00e1vel pela organiza\u00e7\u00e3o das elei\u00e7\u00f5es. O vice-presidente ser\u00e1 o ministro Ricardo Lewandowski.&nbsp;<\/p>\n\n\n\n<p>A cerim\u00f4nia foi acompanhada pelo presidente Jair Bolsonaro e pelos presidentes da C\u00e2mara dos Deputados, Arthur Lira, do Senado, Rodrigo Pacheco, do Supremo Tribunal Federal (STF), Luiz Fux, e diversas autoridades dos Tr\u00eas Poderes. Cerca de 2 mil pessoas foram convidadas.&nbsp;<\/p>\n\n\n\n<p>Os candidatos \u00e0 Presid\u00eancia da Rep\u00fablica Luiz In\u00e1cio Lula da Silva (PT), Ciro Gomes (PDT) e Simone Tebet (MDB) tamb\u00e9m estiveram presentes. Candidato \u00e0 reelei\u00e7\u00e3o, Bolsonaro compareceu na condi\u00e7\u00e3o de presidente da Rep\u00fablica.&nbsp;<\/p>\n\n\n\n<p>Os ex-presidentes Jos\u00e9 Sarney, Michel Temer e Dilma Rousseff tamb\u00e9m foram \u00e0 posse.&nbsp;<\/p>\n\n\n\n<p>Segundo o TSE, o convite a ex-presidentes da Rep\u00fablica \u00e9 um procedimento de praxe nas posses realizadas pela Corte.&nbsp;<\/p>\n\n\n\n<p>O crit\u00e9rio para elei\u00e7\u00e3o de Moraes, realizada em junho, foi simb\u00f3lico. Antes de ser empossado, o ministro ocupava o cargo de vice-presidente e seria o pr\u00f3ximo a assumir o posto conforme regras de antiguidade entre os membros do Supremo Tribunal Federal (STF) que comp\u00f5em o TSE.&nbsp;<\/p>\n\n\n\n<p>Moraes \u00e9 formado pela Faculdade de Direito do Largo de S\u00e3o Francisco (Turma de 1990) e possui doutorado em Direito do Estado pela mesma institui\u00e7\u00e3o. Ao longo de sua carreira, atuou como promotor de Justi\u00e7a e ocupou as fun\u00e7\u00f5es de secret\u00e1rio de Justi\u00e7a, de Transportes e de Seguran\u00e7a de S\u00e3o Paulo, al\u00e9m de presidente da Funda\u00e7\u00e3o Casa, antiga Febem.&nbsp;<\/p>\n\n\n\n<p>Em 2016, Moraes se tornou ministro da Justi\u00e7a. No ano seguinte, ap\u00f3s o falecimento do ministro do STF Teori Zavascki, foi indicado pelo ex-presidente Michel Temer para ocupar a vaga.&nbsp;<\/p>\n\n\n\n<p>No TSE, Moraes passou a atuar tamb\u00e9m em 2017 na fun\u00e7\u00e3o de ministro substituto e se tornou membro efetivo em junho de 2020.&nbsp;<\/p>\n\n\n\n<p>O TSE \u00e9 composto por sete ministros, sendo tr\u00eas do STF, dois do Superior Tribunal de Justi\u00e7a (STJ), e dois membros da advocacia, al\u00e9m de seus substitutos.<\/p>\n\n\n\n<h2 class=\"wp-block-heading\">5 &#8211; Brasil faz 8.850 testes de var\u00edola dos macacos<\/h2>\n\n\n\n<p>At\u00e9 o momento, foram realizados cerca de 8.850 exames nos laborat\u00f3rios de refer\u00eancia, em todo o Brasil, para comprova\u00e7\u00e3o de casos de var\u00edola dos macacos, informou nesta ter\u00e7a-feira (16) \u00e0\u00a0<strong>Ag\u00eancia Brasil<\/strong>\u00a0o Minist\u00e9rio da Sa\u00fade. O n\u00famero de exames realizados diariamente varia de acordo com as notifica\u00e7\u00f5es e a chegada das amostras aos laborat\u00f3rios. O pa\u00eds acumula 3,1\u00a0mil casos da doen\u00e7a, espalhados por 27 estados, segundo dados divulgados na noite desta ter\u00e7a-feira pelo Minist\u00e9rio da Sa\u00fade.<\/p>\n\n\n\n<p>Atualmente, oito unidades de refer\u00eancia realizam o diagn\u00f3stico, sendo quatro laborat\u00f3rios centrais de Sa\u00fade P\u00fablica (Lacen), localizados nos estados de S\u00e3o Paulo, Minas Gerais, Rio Grande do Sul e Distrito Federal, e mais quatro unidades de refer\u00eancia nacional, sendo duas da Funda\u00e7\u00e3o Oswaldo Cruz (Fiocruz) no Rio de Janeiro e no Amazonas; uma da Universidade Federal do Rio de Janeiro (UFRJ); e uma no Instituto Evandro Chagas, no estado do Par\u00e1. Dessa forma, o minist\u00e9rio assegurou que \u201c\u00e9 poss\u00edvel garantir a cobertura do diagn\u00f3stico de todo o pa\u00eds\u201d.<\/p>\n\n\n\n<p>O ministro da Sa\u00fade, Marcelo Queiroga, informou em entrevista ao programa\u00a0<em>A Voz do Brasil<\/em>, na \u00faltima sexta-feira (12), que todos os laborat\u00f3rios centrais de sa\u00fade p\u00fablica\u00a0estar\u00e3o aptos a fazer o teste\u00a0do tipo RT-PCR para var\u00edola dos macacos at\u00e9 o final de agosto.<\/p>\n\n\n\n<h3 class=\"wp-block-heading\">Expans\u00e3o<\/h3>\n\n\n\n<p>O coordenador do Laborat\u00f3rio de Virologia Molecular da (UFRJ), Amilcar Tanure, defendeu hoje, em entrevista \u00e0&nbsp;<strong>Ag\u00eancia Brasil<\/strong>, que sejam realizados mais testes e que o n\u00famero de laborat\u00f3rios aptos a realizar a testagem seja ampliado. \u201cEu acho que tem que aumentar isso, para que os pacientes tenham mais acesso. Al\u00e9m disso, como o v\u00edrus est\u00e1 dando les\u00f5es n\u00e3o t\u00e3o exuberantes, a recomenda\u00e7\u00e3o \u00e9 que pessoas que desconfiem que seja var\u00edola dos macacos procurem atendimento m\u00e9dico, uma unidade de pronto atendimento, e v\u00e3o se testar\u201d.<\/p>\n\n\n\n<p>Tanure disse que \u00e9 inten\u00e7\u00e3o da Secretaria de Estado de Sa\u00fade do Rio de Janeiro criar dois locais para centralizar esses pacientes para coleta de amostras. Um dos centros de testagem funcionaria no Maracan\u00e3, na capital, e outro em Nova Igua\u00e7u, na Baixada Fluminense. \u201c\u00c9 muito importante expandir os locais de teste e de coleta e treinar os profissionais de sa\u00fade para fazerem uma coleta correta para o teste funcionar bem. Quanto mais a gente testar, mais vai conseguir isolar pessoas infectadas e bloquear a transmiss\u00e3o do v\u00edrus\u201d.<\/p>\n\n\n\n<p>A secretaria confirmou que vai abrir nas pr\u00f3ximas semanas um posto para coleta de material para testagem de casos suspeitos de var\u00edola dos macacos. O servi\u00e7o ser\u00e1 realizado apenas para pacientes encaminhados por unidades de sa\u00fade, ap\u00f3s exame cl\u00ednico. As amostras ser\u00e3o enviadas para an\u00e1lise no Laborat\u00f3rio de Enterov\u00edrus do Instituto Oswaldo Cruz e nos Laborat\u00f3rios de Biologia Molecular de V\u00edrus e de Virologia Molecular da UFRJ, que s\u00e3o referenciados pelo Minist\u00e9rio da Sa\u00fade no estado do Rio de Janeiro. N\u00e3o foi informado, entretanto, onde ser\u00e1 o local de coleta de material.<\/p>\n\n\n\n<h3 class=\"wp-block-heading\">Fund\u00e3o<\/h3>\n\n\n\n<p>Amilcar Tanure acrescentou que a universidade tamb\u00e9m est\u00e1 tentando ampliar a testagem. \u201cA gente est\u00e1 tentando abrir um s\u00edtio desses no Fund\u00e3o, no mesmo local onde j\u00e1 atende pacientes com covid-19\u201d, mencionou. Possivelmente, ser\u00e1 localizado no mesmo pr\u00e9dio onde funciona o N\u00facleo de Enfrentamento e Estudos em Doen\u00e7as Infecciosas Emergentes e Reemergentes da UFRJ, ligado \u00e0 Faculdade de Medicina. O n\u00facleo d\u00e1 assist\u00eancia aos pacientes e acompanhamento cl\u00ednico para ver quando ocorre a melhora e diminui\u00e7\u00e3o das les\u00f5es.<\/p>\n\n\n\n<p>O Laborat\u00f3rio de Virologia Molecular da UFRJ realizou at\u00e9 agora 1,3 mil testes de var\u00edola dos macacos, a partir de amostras recebidas dos estados do Rio de Janeiro e Esp\u00edrito Santo. A taxa de positividade de 40% foi considerada elevada pelo pesquisador. O laborat\u00f3rio faz o teste molecular para identificar o v\u00edrus que est\u00e1 na pele das pessoas. At\u00e9 hoje, 368 casos foram confirmados no estado, de acordo com a Secretaria de Sa\u00fade<\/p>\n\n\n\n<figure class=\"wp-block-image size-large\"><img loading=\"lazy\" decoding=\"async\" width=\"1024\" height=\"613\" src=\"https:\/\/media.investnews.com.br\/uploads\/2022\/08\/2022-06-18t000000z_168655654_mt1nurpho000kmrsbn_rtrmadp_3_monkeypox-1024x613.jpg\" alt=\"monkeypox, var\u00edola do macaco\" class=\"wp-image-356211\" srcset=\"https:\/\/media.investnews.com.br\/uploads\/2022\/08\/2022-06-18t000000z_168655654_mt1nurpho000kmrsbn_rtrmadp_3_monkeypox-1024x613.jpg 1024w, https:\/\/media.investnews.com.br\/uploads\/2022\/08\/2022-06-18t000000z_168655654_mt1nurpho000kmrsbn_rtrmadp_3_monkeypox-300x179.jpg 300w, https:\/\/media.investnews.com.br\/uploads\/2022\/08\/2022-06-18t000000z_168655654_mt1nurpho000kmrsbn_rtrmadp_3_monkeypox-768x459.jpg 768w, https:\/\/media.investnews.com.br\/uploads\/2022\/08\/2022-06-18t000000z_168655654_mt1nurpho000kmrsbn_rtrmadp_3_monkeypox-172x103.jpg 172w, https:\/\/media.investnews.com.br\/uploads\/2022\/08\/2022-06-18t000000z_168655654_mt1nurpho000kmrsbn_rtrmadp_3_monkeypox-150x90.jpg 150w, https:\/\/media.investnews.com.br\/uploads\/2022\/08\/2022-06-18t000000z_168655654_mt1nurpho000kmrsbn_rtrmadp_3_monkeypox.jpg 1170w\" sizes=\"auto, (max-width: 1024px) 100vw, 1024px\" \/><figcaption>Nikos Pekiaridis\/NurPhoto<\/figcaption><\/figure>\n\n\n\n<p><em>*Com informa\u00e7\u00f5es da Reuters, Estad\u00e3o Conte\u00fado e Ag\u00eancia Brasil<\/em><br><\/p>\n","protected":false},"excerpt":{"rendered":"<p>Petrobras informou nesta ter\u00e7a-feira (16) que iniciou venda de fatia de 40% da sua participa\u00e7\u00e3o em duas concess\u00f5es em \u00e1guas profundas da Bacia Potiguar, na chamada Margem Equatorial.<\/p>\n","protected":false},"author":7,"featured_media":314672,"comment_status":"closed","ping_status":"open","sticky":false,"template":"","format":"standard","meta":{"_acf_changed":false,"inline_featured_image":false,"footnotes":""},"categories":[5],"tags":[1011,21,1114],"autor-wsj":[],"coauthors":[1494],"class_list":["post-356210","post","type-post","status-publish","format-standard","has-post-thumbnail","hentry","category-economia","tag-conta-de-luz","tag-petrobras","tag-saude"],"acf":[],"amp_enabled":true,"_links":{"self":[{"href":"https:\/\/investnews.com.br\/inv-api\/wp\/v2\/posts\/356210","targetHints":{"allow":["GET"]}}],"collection":[{"href":"https:\/\/investnews.com.br\/inv-api\/wp\/v2\/posts"}],"about":[{"href":"https:\/\/investnews.com.br\/inv-api\/wp\/v2\/types\/post"}],"author":[{"embeddable":true,"href":"https:\/\/investnews.com.br\/inv-api\/wp\/v2\/users\/7"}],"replies":[{"embeddable":true,"href":"https:\/\/investnews.com.br\/inv-api\/wp\/v2\/comments?post=356210"}],"version-history":[{"count":2,"href":"https:\/\/investnews.com.br\/inv-api\/wp\/v2\/posts\/356210\/revisions"}],"predecessor-version":[{"id":356213,"href":"https:\/\/investnews.com.br\/inv-api\/wp\/v2\/posts\/356210\/revisions\/356213"}],"wp:featuredmedia":[{"embeddable":true,"href":"https:\/\/investnews.com.br\/inv-api\/wp\/v2\/media\/314672"}],"wp:attachment":[{"href":"https:\/\/investnews.com.br\/inv-api\/wp\/v2\/media?parent=356210"}],"wp:term":[{"taxonomy":"category","embeddable":true,"href":"https:\/\/investnews.com.br\/inv-api\/wp\/v2\/categories?post=356210"},{"taxonomy":"post_tag","embeddable":true,"href":"https:\/\/investnews.com.br\/inv-api\/wp\/v2\/tags?post=356210"},{"taxonomy":"autor-wsj","embeddable":true,"href":"https:\/\/investnews.com.br\/inv-api\/wp\/v2\/autor-wsj?post=356210"},{"taxonomy":"author","embeddable":true,"href":"https:\/\/investnews.com.br\/inv-api\/wp\/v2\/coauthors?post=356210"}],"curies":[{"name":"wp","href":"https:\/\/api.w.org\/{rel}","templated":true}]}}