{"id":356347,"date":"2022-08-17T15:32:04","date_gmt":"2022-08-17T18:32:04","guid":{"rendered":"https:\/\/investnews.com.br\/?p=356347"},"modified":"2022-08-17T15:35:58","modified_gmt":"2022-08-17T18:35:58","slug":"ritmo-de-futuras-altas-de-juros-pelo-fed-depende-de-dados-mostra-ata","status":"publish","type":"post","link":"https:\/\/investnews.com.br\/economia\/ritmo-de-futuras-altas-de-juros-pelo-fed-depende-de-dados-mostra-ata\/","title":{"rendered":"Ritmo de futuras altas de juros pelo Fed depende de dados, mostra ata"},"content":{"rendered":"\n<p>Autoridades do<strong>&nbsp;Federal Reserve <\/strong>disseram no m\u00eas passado que o ritmo de aumentos da<strong> taxa de juros<\/strong> depender\u00e1 de dados, com alguns afirmando que os juros precisar\u00e3o permanecer em um &#8220;n\u00edvel suficientemente restritivo&#8221; por &#8220;algum tempo&#8221; para controlar a infla\u00e7\u00e3o, de acordo com a ata do encontro de 26 e 27 de julho.<\/p>\n\n\n\n<p>Os participantes disseram que a<strong> <a class=\"rank-math-link\" href=\"https:\/\/investnews.com.br\/economia\/inflacao-nos-estados-unidos-sobe-13-em-junho-acima-do-esperado\/\">infla\u00e7\u00e3o<\/a><\/strong> pode levar mais tempo do que o previsto para se dissipar e que uma desacelera\u00e7\u00e3o na demanda agregada projetada pelo banco central &#8220;desempenhar\u00e1 papel importante na redu\u00e7\u00e3o das press\u00f5es inflacion\u00e1rias&#8221;, apontou a ata divulgada nesta quarta-feira.<\/p>\n\n\n\n<p>O documento n\u00e3o indicou uma tend\u00eancia clara entre os membros do&nbsp;Fed&nbsp;para um aumento menor, de 0,50 ponto percentual, ou uma terceira alta consecutiva de 0,75 ponto na pr\u00f3xima reuni\u00e3o, em 20 e 21 de setembro, mas uma reafirma\u00e7\u00e3o de que o comportamento da infla\u00e7\u00e3o e da economia em geral determinar\u00e1 a decis\u00e3o.<\/p>\n\n\n\n<p>O&nbsp;<a class=\"rank-math-link\" href=\"https:\/\/investnews.com.br\/economia\/fed-eleva-juros-dos-eua-em-075-ponto-percentual\/\">Fed&nbsp;elevou sua taxa b\u00e1sica de juros em 2,25 pontos percentuais neste ano<\/a>, para uma meta de 2,25% a 2,50%, como parte de um esfor\u00e7o para controlar a infla\u00e7\u00e3o nos n\u00edveis mais elevados em quatro d\u00e9cadas. Pela medida preferida do&nbsp;Fed, a alta dos pre\u00e7os est\u00e1 em mais de tr\u00eas vezes a meta de 2%.<\/p>\n\n\n\n<p>A expectativa \u00e9 de que o banco central aumente os juros no pr\u00f3ximo m\u00eas em 0,50 ou 0,75 ponto percentual.<\/p>\n\n\n\n<p>Para que o&nbsp;Fed&nbsp;reduza o ritmo de aumentos, dados de infla\u00e7\u00e3o a serem divulgados antes da pr\u00f3xima reuni\u00e3o provavelmente precisariam confirmar que a velocidade dos aumentos de pre\u00e7os atingiu o pico e agora est\u00e1 em decl\u00ednio.<\/p>\n\n\n\n<figure class=\"wp-block-image size-large\"><img loading=\"lazy\" decoding=\"async\" width=\"1024\" height=\"683\" src=\"https:\/\/media.investnews.com.br\/uploads\/2022\/08\/FED-1024x683.jpg\" alt=\"O pr\u00e9dio do Federal Reserve, na Constitution Avenue, em Washington, EUA, 27 de mar\u00e7o de 2019. REUTERS\/Brendan McDermid\" class=\"wp-image-356348\" srcset=\"https:\/\/media.investnews.com.br\/uploads\/2022\/08\/FED-1024x683.jpg 1024w, https:\/\/media.investnews.com.br\/uploads\/2022\/08\/FED-300x200.jpg 300w, https:\/\/media.investnews.com.br\/uploads\/2022\/08\/FED-768x512.jpg 768w, https:\/\/media.investnews.com.br\/uploads\/2022\/08\/FED-1536x1024.jpg 1536w, https:\/\/media.investnews.com.br\/uploads\/2022\/08\/FED-1256x837.jpg 1256w, https:\/\/media.investnews.com.br\/uploads\/2022\/08\/FED-172x115.jpg 172w, https:\/\/media.investnews.com.br\/uploads\/2022\/08\/FED-150x100.jpg 150w, https:\/\/media.investnews.com.br\/uploads\/2022\/08\/FED.jpg 2048w\" sizes=\"auto, (max-width: 1024px) 100vw, 1024px\" \/><figcaption>Pr\u00e9dio do Federal Reserve na Constitution Avenue, em Washington, EUA. Cr\u00e9dito: REUTERS\/Brendan McDermid<\/figcaption><\/figure>\n","protected":false},"excerpt":{"rendered":"<p>A expectativa \u00e9 que a infla\u00e7\u00e3o pode levar mais tempo do que o previsto para se dissipar.<\/p>\n","protected":false},"author":61,"featured_media":356348,"comment_status":"closed","ping_status":"open","sticky":false,"template":"","format":"standard","meta":{"_acf_changed":false,"inline_featured_image":false,"footnotes":""},"categories":[5],"tags":[78,479,1246,52,1616],"autor-wsj":[],"coauthors":[2494],"class_list":["post-356347","post","type-post","status-publish","format-standard","has-post-thumbnail","hentry","category-economia","tag-estados-unidos","tag-fed","tag-federal-reserve","tag-inflacao","tag-taxa-de-juros"],"acf":[],"amp_enabled":true,"_links":{"self":[{"href":"https:\/\/investnews.com.br\/inv-api\/wp\/v2\/posts\/356347","targetHints":{"allow":["GET"]}}],"collection":[{"href":"https:\/\/investnews.com.br\/inv-api\/wp\/v2\/posts"}],"about":[{"href":"https:\/\/investnews.com.br\/inv-api\/wp\/v2\/types\/post"}],"author":[{"embeddable":true,"href":"https:\/\/investnews.com.br\/inv-api\/wp\/v2\/users\/61"}],"replies":[{"embeddable":true,"href":"https:\/\/investnews.com.br\/inv-api\/wp\/v2\/comments?post=356347"}],"version-history":[{"count":7,"href":"https:\/\/investnews.com.br\/inv-api\/wp\/v2\/posts\/356347\/revisions"}],"predecessor-version":[{"id":356355,"href":"https:\/\/investnews.com.br\/inv-api\/wp\/v2\/posts\/356347\/revisions\/356355"}],"wp:featuredmedia":[{"embeddable":true,"href":"https:\/\/investnews.com.br\/inv-api\/wp\/v2\/media\/356348"}],"wp:attachment":[{"href":"https:\/\/investnews.com.br\/inv-api\/wp\/v2\/media?parent=356347"}],"wp:term":[{"taxonomy":"category","embeddable":true,"href":"https:\/\/investnews.com.br\/inv-api\/wp\/v2\/categories?post=356347"},{"taxonomy":"post_tag","embeddable":true,"href":"https:\/\/investnews.com.br\/inv-api\/wp\/v2\/tags?post=356347"},{"taxonomy":"autor-wsj","embeddable":true,"href":"https:\/\/investnews.com.br\/inv-api\/wp\/v2\/autor-wsj?post=356347"},{"taxonomy":"author","embeddable":true,"href":"https:\/\/investnews.com.br\/inv-api\/wp\/v2\/coauthors?post=356347"}],"curies":[{"name":"wp","href":"https:\/\/api.w.org\/{rel}","templated":true}]}}