{"id":356599,"date":"2022-08-18T08:07:28","date_gmt":"2022-08-18T11:07:28","guid":{"rendered":"https:\/\/investnews.com.br\/?p=356599"},"modified":"2024-06-26T11:26:08","modified_gmt":"2024-06-26T14:26:08","slug":"5-fatos-para-hoje-acordo-entre-enel-e-itau-inflacao-na-zona-do-euro","status":"publish","type":"post","link":"https:\/\/investnews.com.br\/economia\/5-fatos-para-hoje-acordo-entre-enel-e-itau-inflacao-na-zona-do-euro\/","title":{"rendered":"5 fatos para hoje: acordo entre Enel e Ita\u00fa; infla\u00e7\u00e3o na zona do euro"},"content":{"rendered":"\n<h2 class=\"wp-block-heading\">1 &#8211; Enel Brasil vai fornecer energia renov\u00e1vel a 80% das ag\u00eancias do Ita\u00fa<\/h2>\n\n\n\n<p>A <strong>Enel Brasil<\/strong> anunciou nesta quarta-feira (17) um acordo com o <strong>Ita\u00fa Unibanco<\/strong> (<a href=\"https:\/\/investnews.com.br\/cotacao\/itub3-itub4-itau-unibanco\/\" class=\"rank-math-link\">ITUB3, ITUB4<\/a>) para fornecer energia el\u00e9trica renov\u00e1vel a 80% das ag\u00eancias do banco a partir de usinas de gera\u00e7\u00e3o distribu\u00edda solar e contratos de sua comercializadora.<\/p>\n\n\n\n<p>A parceria prev\u00ea a instala\u00e7\u00e3o de 46 usinas solares de pequeno porte pela Enel X, bra\u00e7o do grupo italiano Enel dedicado \u00e0 oferta de solu\u00e7\u00f5es de energia.<\/p>\n\n\n\n<p>Com capacidade instalada total de 54,7 megawatts-pico (MWp), as plantas solares ficar\u00e3o em 14 localidades do Brasil e ser\u00e3o respons\u00e1veis por gerar energia para 1.557 ag\u00eancias.<\/p>\n\n\n\n<p>A previs\u00e3o \u00e9 de que as usinas iniciem as opera\u00e7\u00f5es em cerca de 12 meses. O valor do investimento envolvido n\u00e3o foi revelado.<\/p>\n\n\n\n<p>De acordo com a el\u00e9trica, o contrato de gera\u00e7\u00e3o solar distribu\u00edda com o Ita\u00fa \u00e9 o maior da Enel X no mundo e refor\u00e7a a estrat\u00e9gia do grupo de atuar como facilitador sustent\u00e1vel da transi\u00e7\u00e3o energ\u00e9tica nos pa\u00edses em que atua.<\/p>\n\n\n\n<p>&#8220;Oferecemos aos nossos clientes solu\u00e7\u00f5es integradas que garantem uma gest\u00e3o inteligente e sustent\u00e1vel do consumo de energia, possibilitando o controle de custos, previsibilidade e redu\u00e7\u00e3o de impactos ambientais&#8221;, disse Nicola Cotugno, country manager da Enel Brasil, em nota.<\/p>\n\n\n\n<p>Para o Ita\u00fa, a iniciativa \u00e9 parte do compromisso de zerar as emiss\u00f5es l\u00edquidas de carbono at\u00e9 2050, afirmou Luciana Nicola, diretora de rela\u00e7\u00f5es institucionais e sustentabilidade do banco.<\/p>\n\n\n\n<p>As empresas calculam que as usinas solares devem evitar a emiss\u00e3o anual de cerca de 10 mil toneladas de g\u00e1s carb\u00f4nico.<\/p>\n\n\n\n<p>Al\u00e9m do acordo em gera\u00e7\u00e3o distribu\u00edda, o Ita\u00fa tamb\u00e9m firmou com a comercializadora Enel Trading contratos de compra de energia com dura\u00e7\u00e3o de 8 anos e quase 1 terawatt-hora (TWh).<\/p>\n\n\n\n<p>A parceria inclui ainda a implementa\u00e7\u00e3o de um sistema para monitorar o consumo de energia e \u00e1gua nas instala\u00e7\u00f5es do Ita\u00fa e digitalizar a gest\u00e3o de contas de servi\u00e7o da empresa.<\/p>\n\n\n\n<h2 class=\"wp-block-heading\">2 &#8211; <strong>Guedes: por extra de Aux\u00edlio, \u00e9 s\u00f3 aprovar reforma tribut\u00e1ria um dia ap\u00f3s elei\u00e7\u00e3o<\/strong><\/h2>\n\n\n\n<p>O ministro da Economia, Paulo Guedes, disse que, para manter o <a href=\"https:\/\/investnews.com.br\/economia\/complemento-de-r-200-do-auxilio-brasil-comeca-a-ser-pago-em-agosto\/\" class=\"rank-math-link\">aux\u00edlio extra de R$ 200<\/a> no ano que vem, &#8220;basta aprovar reforma tribut\u00e1ria um dia ap\u00f3s a elei\u00e7\u00e3o&#8221;.<\/p>\n\n\n\n<p>Ainda sobre a continuidade do benef\u00edcio, Guedes disse que uma possibilidade seria corrigir o limite para isen\u00e7\u00e3o de Imposto de Renda e tributar lucros e <a href=\"https:\/\/investnews.com.br\/guias\/dividendos-o-que-sao-como-funcionam\/\">dividendos<\/a>.<\/p>\n\n\n\n<p>O ministro afirmou, durante f\u00f3rum da Tag Investimentos, que at\u00e9 ent\u00e3o as despesas extras, inclu\u00eddas as relacionadas ao aux\u00edlio emergencial, foram cobertas por receitas extraordin\u00e1rias.<\/p>\n\n\n\n<p>Guedes disse que, mesmo em meio a guerra entre R\u00fassia e Ucr\u00e2nia, o endividamento subiu menos do que em outros governos. O ministro afirmou ainda que a d\u00edvida saiu de 76,5% para 78,2% do PIB.<\/p>\n\n\n\n<p>Sobre a estimativa para o PIB de 2022, Guedes questionou a proje\u00e7\u00e3o feita pela Federa\u00e7\u00e3o Brasileira de Bancos (Febraban), que prev\u00ea alta de 2,5%. &#8220;Acho que vai ser maior, mas n\u00e3o falo nada&#8221;, afirmou.<\/p>\n\n\n\n<h2 class=\"wp-block-heading\">3 &#8211; Infla\u00e7\u00e3o da zona do euro em julho \u00e9 confirmada em novo recorde de 8,9% na base anual<\/h2>\n\n\n\n<figure class=\"wp-block-image size-large\"><img decoding=\"async\" src=\"https:\/\/media.investnews.com.br\/uploads\/2022\/08\/2022-08-18T103120Z_1_LYNXMPEI7H0DQ_RTROPTP_4_GERMANY-ECONOMY-INFLATION-1024x656.jpg\" alt=\"\" class=\"wp-image-356601\"\/><figcaption>Supermercado em Berlim\n17\/03\/2020.   REUTERS\/Fabrizio Bensch<\/figcaption><\/figure>\n\n\n\n<p>A\u00a0infla\u00e7\u00e3o da <a href=\"https:\/\/investnews.com.br\/tag\/zona-do-euro\/\" class=\"rank-math-link\">zona do euro<\/a> atingiu um novo recorde de 8,9% em julho, confirmou nesta quinta-feira (18) a ag\u00eancia de estat\u00edsticas da Uni\u00e3o Europeia, com o n\u00facleo da infla\u00e7\u00e3o que exclui os componentes mais vol\u00e1teis tamb\u00e9m subindo acentuadamente.<\/p>\n\n\n\n<p>A Eurostat disse que os pre\u00e7os ao consumidor nos 19 pa\u00edses que utilizam o euro subiram 0,1% em julho sobre o m\u00eas anterior, registrando de 8,9% na base anual, taxa mais elevada desde que o euro foi criado em 1999.<\/p>\n\n\n\n<p>A ag\u00eancia de estat\u00edsticas disse que, do total, 4,02 pontos percentuais vieram de energia mais cara &#8211; cujos custos aumentaram devido \u00e0 invas\u00e3o russa da Ucr\u00e2nia &#8211; e 2,08 pontos de alimentos, bebidas e tabaco.<\/p>\n\n\n\n<p>Mas mesmo quando estes componentes mais vol\u00e1teis s\u00e3o exclu\u00eddos, no que o Banco Central Europeu chama de n\u00facleo da infla\u00e7\u00e3o e observa de perto para as decis\u00f5es sobre as taxas de juros, os pre\u00e7os ainda avan\u00e7aram 5,1% em julho em rela\u00e7\u00e3o ao ano anterior.<\/p>\n\n\n\n<p>A meta do BCE para a infla\u00e7\u00e3o \u00e9 de 2,0%.<\/p>\n\n\n\n<p>No m\u00eas passado, o banco iniciou um ciclo de aperto ap\u00f3s anos de pol\u00edtica monet\u00e1ria ultrafrouxa, mas ainda assim os pre\u00e7os dos servi\u00e7os, respons\u00e1veis por mais de dois ter\u00e7os do PIB da zona do euro, subiram 3,7% em julho em termos anuais, adicionando 1,6 ponto percentual ao resultado final<\/p>\n\n\n\n<p>Os bens industriais ficaram 4,5% mais caros do que 12 meses antes, adicionando 1,16 ponto percentual ao resultado final.<\/p>\n\n\n\n<h2 class=\"wp-block-heading\">4 &#8211; Camex torna definitivo corte de 10% de tarifa comum do Mercosul<\/h2>\n\n\n\n<p>Em vigor desde novembro de 2021, a\u00a0redu\u00e7\u00e3o em 10%\u00a0da tarifa externa comum (TEC) do Mercosul\u00a0tornou-se definitiva. A incorpora\u00e7\u00e3o da medida \u00e0 legisla\u00e7\u00e3o brasileira foi aprovada nesta quarta-feira (17) pelo Comit\u00ea-Executivo de Gest\u00e3o (Gecex) da C\u00e2mara de Com\u00e9rcio Exterior (Camex) do Minist\u00e9rio da Economia.<\/p>\n\n\n\n<p>A resolu\u00e7\u00e3o entrar\u00e1 em vigor em 1\u00ba de setembro. A decis\u00e3o n\u00e3o ter\u00e1 efeito pr\u00e1tico sobre as al\u00edquotas de importa\u00e7\u00e3o brasileira. Isso porque, em maio, o governo promoveu uma redu\u00e7\u00e3o adicional,\u00a0tamb\u00e9m de 10%, para\u00a0reduzir os impactos econ\u00f4micos da guerra entre R\u00fassia e Ucr\u00e2nia.<\/p>\n\n\n\n<p>Embora o Brasil e a Argentina tivessem fechado um acordo para diminuir a TEC em 10% em\u00a0outubro de 2021, a medida s\u00f3 foi\u00a0aprovada pelos outros pa\u00edses\u00a0do bloco na reuni\u00e3o do m\u00eas passado, no Paraguai.<\/p>\n\n\n\n<p>A redu\u00e7\u00e3o da TEC em 10% vale para cerca de 80% do universo tarif\u00e1rio e \u00e9 a primeira ampla diminui\u00e7\u00e3o da tarifa desde a&nbsp;cria\u00e7\u00e3o da taxa no&nbsp;Mercosul. Segundo o Minist\u00e9rio da Economia, a medida amplia a inser\u00e7\u00e3o dos pa\u00edses do Mercosul no com\u00e9rcio internacional e aumenta a competitividade e a integra\u00e7\u00e3o das economias do bloco.<\/p>\n\n\n\n<p>O corte adicional de 10%, implementado pelo Brasil em maio, vigorar\u00e1 at\u00e9 o final de 2023. As negocia\u00e7\u00f5es prosseguem dentro do Mercosul para aprofundar a redu\u00e7\u00e3o tarif\u00e1ria do bloco. \u201cO Brasil considera a moderniza\u00e7\u00e3o da TEC como um dos pilares da estrat\u00e9gia de promover maior inser\u00e7\u00e3o do pa\u00eds no com\u00e9rcio internacional, paralelamente \u00e0 melhoria do ambiente de neg\u00f3cios, \u00e0 amplia\u00e7\u00e3o da rede de acordos comerciais e \u00e0 redu\u00e7\u00e3o das barreiras n\u00e3o tarif\u00e1rias ao com\u00e9rcio\u201d, destacou em nota o Minist\u00e9rio da Economia.<\/p>\n\n\n\n<h3 class=\"wp-block-heading\">Motociclistas e alimentos<\/h3>\n\n\n\n<p>Em outra decis\u00e3o, a Camex reduziu a tarifa de importa\u00e7\u00e3o de sete produtos, que ser\u00e3o inclu\u00eddos \u00e0 Lista de Exce\u00e7\u00f5es \u00e0 Tarifa Externa Comum (Letec). Entre os itens beneficiados, est\u00e3o&nbsp;<em>airbags<\/em>&nbsp;para prote\u00e7\u00e3o de motociclistas, prote\u00ednas do soro do leite, e complementos alimentares. Com a medida, as tarifas de importa\u00e7\u00e3o desses produtos, que variavam de 11,2% a 35%, ser\u00e3o zeradas ou reduzidas a 4% a partir de 1\u00ba de setembro.<\/p>\n\n\n\n<h3 class=\"wp-block-heading\">Antidumping<\/h3>\n\n\n\n<p>A Camex decidiu pela aplica\u00e7\u00e3o de direito antidumping sobre \u00e1cido c\u00edtrico e sais e \u00e9steres do \u00e1cido c\u00edtrico, origin\u00e1rios da Col\u00f4mbia e da Tail\u00e2ndia e sobre o \u00e9ter monobut\u00edlico do etilenoglicol vindo da Fran\u00e7a. O \u00f3rg\u00e3o tamb\u00e9m aplicou a tarifa antidumping para filamentos sint\u00e9ticos texturizados de poli\u00e9steres da China e da \u00cdndia. Nesse caso, no entanto, o antidumping foi aplicado com imediata suspens\u00e3o, por um ano, prorrog\u00e1vel uma \u00fanica vez por igual per\u00edodo.<\/p>\n\n\n\n<h3 class=\"wp-block-heading\">Tarifas consolidadas<\/h3>\n\n\n\n<p>Por fim, o Gecex aprovou ajustes numa resolu\u00e7\u00e3o do \u00f3rg\u00e3o de 2021 que tornam mais claras as concess\u00f5es tarif\u00e1rias decorrentes de compromissos na Organiza\u00e7\u00e3o Mundial do Com\u00e9rcio (OMC). As al\u00edquotas do Imposto de Importa\u00e7\u00e3o para 48 c\u00f3digos da Nomenclatura Comum do Mercosul passam a ser divulgadas na norma.<\/p>\n\n\n\n<p>As chamadas \u201ctarifas consolidadas\u201d s\u00e3o limites m\u00e1ximos de Imposto de Importa\u00e7\u00e3o que cada um dos membros da organiza\u00e7\u00e3o se comprometeu a aplicar nas importa\u00e7\u00f5es dos demais pa\u00edses membros da OMC. Segundo o Minist\u00e9rio da Economia, os ajustes tornam mais transparentes aos operadores de com\u00e9rcio exterior as al\u00edquotas do imposto de importa\u00e7\u00e3o efetivamente aplicadas, permitindo observar os limites negociados pelo Brasil na OMC.<\/p>\n\n\n\n<h2 class=\"wp-block-heading\">5 &#8211; Anvisa aprova fim da obrigatoriedade de m\u00e1scaras em avi\u00f5es<\/h2>\n\n\n\n<p>Depois de mais de dois anos, as m\u00e1scaras deixar\u00e3o de ser exigidas nos avi\u00f5es e nos aeroportos. Por unanimidade, a Ag\u00eancia Nacional de Vigil\u00e2ncia Sanit\u00e1ria (Anvisa) aprovou\u00a0nesta quarta-feira\u00a0(17) o fim da exig\u00eancia do equipamento de prote\u00e7\u00e3o em voos no Brasil.<\/p>\n\n\n\n<p>Apesar do fim da obrigatoriedade, as m\u00e1scaras faciais e o distanciamento social continuar\u00e3o a ser recomendados como medidas para minimizar o risco de transmiss\u00e3o da covid-19. A medida foi aprovada pelos cinco diretores da ag\u00eancia: Alex Machado Campos, que foi o relator; Daniel Pereira; R\u00f4mison Rodrigues Mota; Meiruze Sousa Freitas e Antonio Barra Torres, diretor-presidente da Anvisa.<\/p>\n\n\n\n<p>Mesmo com o fim da obrigatoriedade das m\u00e1scaras, uma s\u00e9rie de protocolos em vigor desde o in\u00edcio da pandemia de covid-19 foi mantida. Os aeroportos e as companhias a\u00e9reas continuar\u00e3o a cumprir as seguintes medidas:<br><br>\u2022&nbsp;&nbsp;&nbsp;&nbsp;&nbsp;&nbsp;&nbsp;&nbsp;disponibiliza\u00e7\u00e3o de \u00e1lcool em gel<br>\u2022&nbsp;&nbsp;&nbsp;&nbsp;&nbsp;&nbsp;&nbsp;&nbsp;avisos sonoros com adapta\u00e7\u00f5es, recomendando o uso de m\u00e1scaras, especialmente por pessoas vulner\u00e1veis<br>\u2022&nbsp;&nbsp;&nbsp;&nbsp;&nbsp;&nbsp;&nbsp;&nbsp;procedimentos de limpeza e desinfec\u00e7\u00e3o cont\u00ednuas<br>\u2022&nbsp;&nbsp;&nbsp;&nbsp;&nbsp;&nbsp;&nbsp;&nbsp;sistemas de climatiza\u00e7\u00e3o<br>\u2022&nbsp;&nbsp;&nbsp;&nbsp;&nbsp;&nbsp;&nbsp;&nbsp;desembarque por fileiras<br><br>Em documento, a Anvisa informou que o cen\u00e1rio epidemiol\u00f3gico atual permite que algumas medidas sanit\u00e1rias tomadas em 2020 sejam atualizadas, como o uso obrigat\u00f3rio das m\u00e1scaras. \u201cDiante do atual cen\u00e1rio, o uso de m\u00e1scaras, adotado at\u00e9 ent\u00e3o como medida de sa\u00fade coletiva, \u00e9 convertido em medida de prote\u00e7\u00e3o individual\u201d, destacou a Anvisa.<br><br>A m\u00e1scara nos terminais a\u00e9reos e nos avi\u00f5es deixou de ser exigida em diversos pa\u00edses, como os Estados Unidos, a Fran\u00e7a, o Reino Unido e Portugal.<\/p>\n\n\n\n<p>Em maio, a Anvisa liberou o servi\u00e7o de bordo e autorizou o uso da capacidade m\u00e1xima de passageiros nos avi\u00f5es, mas manteve o uso de m\u00e1scaras em avi\u00f5es e \u00e1reas restritas de aeroportos.<\/p>\n\n\n\n<p>As medidas entram em vigor assim que forem publicadas no Di\u00e1rio Oficial da Uni\u00e3o.<\/p>\n\n\n\n<p><em>*Com informa\u00e7\u00f5es da Reuters, Estad\u00e3o Conte\u00fado e Ag\u00eancia Brasil<\/em><br><br><\/p>\n","protected":false},"excerpt":{"rendered":"<p>Enel Brasil anunciou acordo com o Ita\u00fa para fornecer energia el\u00e9trica renov\u00e1vel a 80% das ag\u00eancias do banco a partir de usinas de gera\u00e7\u00e3o distribu\u00edda solar e contratos de sua comercializadora.<\/p>\n","protected":false},"author":7,"featured_media":356602,"comment_status":"closed","ping_status":"open","sticky":false,"template":"","format":"standard","meta":{"_acf_changed":false,"inline_featured_image":false,"footnotes":""},"categories":[5],"tags":[2495,824,1673,52,2249,186,432,1674],"autor-wsj":[],"coauthors":[1494],"class_list":["post-356599","post","type-post","status-publish","format-standard","has-post-thumbnail","hentry","category-economia","tag-auxilio-brasil","tag-energia","tag-esg","tag-inflacao","tag-mercosul","tag-itau-unibanco","tag-reforma-tributaria","tag-sustentabilidade"],"acf":[],"amp_enabled":true,"_links":{"self":[{"href":"https:\/\/investnews.com.br\/inv-api\/wp\/v2\/posts\/356599","targetHints":{"allow":["GET"]}}],"collection":[{"href":"https:\/\/investnews.com.br\/inv-api\/wp\/v2\/posts"}],"about":[{"href":"https:\/\/investnews.com.br\/inv-api\/wp\/v2\/types\/post"}],"author":[{"embeddable":true,"href":"https:\/\/investnews.com.br\/inv-api\/wp\/v2\/users\/7"}],"replies":[{"embeddable":true,"href":"https:\/\/investnews.com.br\/inv-api\/wp\/v2\/comments?post=356599"}],"version-history":[{"count":4,"href":"https:\/\/investnews.com.br\/inv-api\/wp\/v2\/posts\/356599\/revisions"}],"predecessor-version":[{"id":356607,"href":"https:\/\/investnews.com.br\/inv-api\/wp\/v2\/posts\/356599\/revisions\/356607"}],"wp:featuredmedia":[{"embeddable":true,"href":"https:\/\/investnews.com.br\/inv-api\/wp\/v2\/media\/356602"}],"wp:attachment":[{"href":"https:\/\/investnews.com.br\/inv-api\/wp\/v2\/media?parent=356599"}],"wp:term":[{"taxonomy":"category","embeddable":true,"href":"https:\/\/investnews.com.br\/inv-api\/wp\/v2\/categories?post=356599"},{"taxonomy":"post_tag","embeddable":true,"href":"https:\/\/investnews.com.br\/inv-api\/wp\/v2\/tags?post=356599"},{"taxonomy":"autor-wsj","embeddable":true,"href":"https:\/\/investnews.com.br\/inv-api\/wp\/v2\/autor-wsj?post=356599"},{"taxonomy":"author","embeddable":true,"href":"https:\/\/investnews.com.br\/inv-api\/wp\/v2\/coauthors?post=356599"}],"curies":[{"name":"wp","href":"https:\/\/api.w.org\/{rel}","templated":true}]}}