{"id":356924,"date":"2022-08-22T05:30:00","date_gmt":"2022-08-22T08:30:00","guid":{"rendered":"https:\/\/investnews.com.br\/?p=356924"},"modified":"2022-08-31T10:27:42","modified_gmt":"2022-08-31T13:27:42","slug":"planos-de-governo-veja-as-propostas-de-bolsonaro-e-lula-para-a-economia","status":"publish","type":"post","link":"https:\/\/investnews.com.br\/economia\/planos-de-governo-veja-as-propostas-de-bolsonaro-e-lula-para-a-economia\/","title":{"rendered":"Quest\u00e3o fiscal \u00e9 principal preocupa\u00e7\u00e3o sobre planos de Bolsonaro e Lula; entenda"},"content":{"rendered":"\n<p>Foram divulgados ao Tribunal Superior Eleitoral (TSE) os planos de governo dos candidatos \u00e0 presid\u00eancia da Rep\u00fablica nas elei\u00e7\u00f5es de 2022.&nbsp;<\/p>\n\n\n\n<p>Considerando as<strong> propostas de cada campanha<\/strong>, o <em>InvestNews<\/em> separou os principais pontos dos <strong>planos de governo na \u00e1rea da Economia <\/strong>dos dois candidatos mais bem posicionados na pesquisa de inten\u00e7\u00e3o de votos: <strong>Jair Bolsonaro<\/strong> (PL) e <strong>Luiz In\u00e1cio Lula da Silva<\/strong> (PT). Veja abaixo (em ordem alfab\u00e9tica, considerando o primeiro nome dos candidatos).&nbsp;<\/p>\n\n\n\n<ul class=\"wp-block-list\"><li><a aria-label=\" (opens in a new tab)\" rel=\"noreferrer noopener\" class=\"rank-math-link\" href=\"https:\/\/divulgacandcontas.tse.jus.br\/candidaturas\/oficial\/2022\/BR\/BR\/544\/candidatos\/908966\/5_1660093698051.pdf\" target=\"_blank\"><strong>Veja a \u00edntegra do plano de governo de Bolsonaro<\/strong><\/a><\/li><li><a aria-label=\" (opens in a new tab)\" rel=\"noreferrer noopener\" class=\"rank-math-link\" href=\"https:\/\/divulgacandcontas.tse.jus.br\/candidaturas\/oficial\/2022\/BR\/BR\/544\/candidatos\/893498\/5_1659820284477.pdf\" target=\"_blank\"><strong>Veja a \u00edntegra do plano de governo de Lula<\/strong><\/a><\/li><\/ul>\n\n\n\n<h2 class=\"wp-block-heading\"><strong>Plano de governo de Bolsonaro<\/strong><\/h2>\n\n\n\n<figure class=\"wp-block-image size-large\"><img loading=\"lazy\" decoding=\"async\" width=\"820\" height=\"540\" src=\"https:\/\/media.investnews.com.br\/uploads\/2022\/08\/bolsonaro_02-1.jpg\" alt=\"Jair Bolsonaro\" class=\"wp-image-353973\" srcset=\"https:\/\/media.investnews.com.br\/uploads\/2022\/08\/bolsonaro_02-1.jpg 820w, https:\/\/media.investnews.com.br\/uploads\/2022\/08\/bolsonaro_02-1-300x198.jpg 300w, https:\/\/media.investnews.com.br\/uploads\/2022\/08\/bolsonaro_02-1-768x506.jpg 768w, https:\/\/media.investnews.com.br\/uploads\/2022\/08\/bolsonaro_02-1-172x113.jpg 172w, https:\/\/media.investnews.com.br\/uploads\/2022\/08\/bolsonaro_02-1-191x125.jpg 191w, https:\/\/media.investnews.com.br\/uploads\/2022\/08\/bolsonaro_02-1-150x99.jpg 150w\" sizes=\"auto, (max-width: 820px) 100vw, 820px\" \/><figcaption>Presidente Jair Bolsonaro durante evento de oficializa\u00e7\u00e3o de sua candidatura \u00e0 reelei\u00e7\u00e3o no Rio de Janeiro 24\/07\/2022. (REUTERS\/Ricardo Moraes)<\/figcaption><\/figure>\n\n\n\n<h3 class=\"wp-block-heading\"><strong>Reformas<\/strong><\/h3>\n\n\n\n<p>O plano de governo diz que \u201cna ess\u00eancia, o Governo reeleito de Bolsonaro continuar\u00e1 a implementar as mudan\u00e7as e <strong>reformas estruturantes<\/strong> (que s\u00f3 n\u00e3o foram mais abrangentes devido \u00e0 pandemia de Covid-19 e a guerra entre a Federa\u00e7\u00e3o da R\u00fassia e a Ucr\u00e2nia), com o objetivo de melhorar a efici\u00eancia dos gastos p\u00fablicos.\u201d<\/p>\n\n\n\n<p>\u201cDessa forma,<strong> revendo gastos, desvinculando, desobrigando e desindexando as despesas<\/strong>, aumentar a efici\u00eancia do uso do dinheiro p\u00fablico para atender as reais necessidades da popula\u00e7\u00e3o brasileira.\u201d<\/p>\n\n\n\n<p>Entre as \u201creformas estruturantes\u201d, o texto cita os objetivos de \u201csimplificar a legisla\u00e7\u00e3o e reduzir a <strong>carga tribut\u00e1ria<\/strong>, prosseguir nos avan\u00e7os da<strong> legisla\u00e7\u00e3o trabalhista<\/strong> para facilitar as contrata\u00e7\u00f5es, desburocratizar e desregular as normas para favorecer a cria\u00e7\u00e3o de empresas e o empreendedorismo, prosseguir na abertura comercial, com a <strong>redu\u00e7\u00e3o da tributa\u00e7\u00e3o das empresas nacionais <\/strong>e tamb\u00e9m dos<strong> impostos de importa\u00e7\u00e3o<\/strong>\u201d.<\/p>\n\n\n\n<p>Sobre a reforma tribut\u00e1ria, o plano afirma que, em caso de reelei\u00e7\u00e3o, o governo seguir\u00e1 \u201cperseguindo a efetiva\u00e7\u00e3o\u201d da <strong>corre\u00e7\u00e3o de 31% na tabela do Imposto de Renda (IR)<\/strong> para pessoas f\u00edsicas, \u201cisentando todos os trabalhadores celetistas que recebessem at\u00e9<strong> R$ 2,5 mil mensais<\/strong>.\u201d<\/p>\n\n\n\n<p>Em outro trecho do documento, a campanha diz que, \u201cno \u00e2mbito da consolida\u00e7\u00e3o e avan\u00e7o das reformas estruturais, no seu segundo mandato, o Governo Bolsonaro priorizar\u00e1 a moderniza\u00e7\u00e3o dos processos de governan\u00e7a da condu\u00e7\u00e3o da pol\u00edtica econ\u00f4mica, alinhando o pa\u00eds \u00e0s melhores pr\u00e1ticas internacionais.\u201d&nbsp;<\/p>\n\n\n\n<h3 class=\"wp-block-heading\"><strong>Redu\u00e7\u00e3o do trabalho informal<\/strong><\/h3>\n\n\n\n<p>\u201cO Governo Bolsonaro se concentrar\u00e1 em pol\u00edticas para formaliza\u00e7\u00e3o dos trabalhadores informais e na redu\u00e7\u00e3o da taxa de informalidade, ainda na casa de 40% da for\u00e7a de trabalho. Isto deve ser buscado por meio de <strong>contratos de trabalho espec\u00edficos para esta popula\u00e7\u00e3o<\/strong>\u201d, afirma o texto.&nbsp;<\/p>\n\n\n\n<p>\u201cA estrat\u00e9gia de inclus\u00e3o e combate \u00e0 informalidade dever\u00e1 contemplar alternativas contratuais inteligentes e que reconhe\u00e7am a realidade desses trabalhadores nas regi\u00f5es em que vivem, incluindo dos <strong>trabalhadores por aplicativos e trabalhadores rurais<\/strong>, dentre outros.\u201d<\/p>\n\n\n\n<h3 class=\"wp-block-heading\"><strong>Empreendedorismo e microcr\u00e9dito<\/strong><\/h3>\n\n\n\n<p>O plano de governo diz que, ap\u00f3s a reelei\u00e7\u00e3o, poder\u00e1 ser alavancado o Programa SIM Digital, que, em 4 meses, \u201cj\u00e1 emprestou mais de 2 bilh\u00f5es de reais para 2,8 milh\u00f5es de microempres\u00e1rios\u201d, de acordo com a campanha.&nbsp;<\/p>\n\n\n\n<h3 class=\"wp-block-heading\"><strong>Aux\u00edlio Brasil<\/strong><\/h3>\n\n\n\n<p>\u201cUm dos compromissos priorit\u00e1rios do governo reeleito ser\u00e1 a<strong> manuten\u00e7\u00e3o do valor de 600<\/strong> <strong>reais para o Aux\u00edlio Brasil a partir de janeiro de 2023<\/strong>.\u201d<\/p>\n\n\n\n<h3 class=\"wp-block-heading\"><strong>Sistema para buscar emprego<\/strong><\/h3>\n\n\n\n<p>O texto diz que o \u201cSistema Nacional de Emprego precisa ser modernizado\u201d. \u201cJ\u00e1 est\u00e1 em fase de desenvolvimento um sistema completamente novo, que permitir\u00e1 ao trabalhador receber imediatamente<strong> ofertas de emprego de maneira digital<\/strong>, com georreferenciamento, reduzindo o tempo de deslocamento e at\u00e9 mesmo com estrat\u00e9gia de qualifica\u00e7\u00e3o de trabalhador\u201d.&nbsp;<\/p>\n\n\n\n<h3 class=\"wp-block-heading\"><strong>Ajuste fiscal<\/strong><\/h3>\n\n\n\n<p>O texto fala ainda em \u201cesfor\u00e7os de garantir a estabilidade econ\u00f4mica e a sustentabilidade da trajet\u00f3ria da d\u00edvida p\u00fablica atrav\u00e9s da consolida\u00e7\u00e3o do ajuste fiscal no m\u00e9dio e longo prazo que reduza a rela\u00e7\u00e3o entre a d\u00edvida p\u00fablica e o PIB\u201d.<\/p>\n\n\n\n<p>Al\u00e9m disso, cita \u201co objetivo de reduzir a <strong>rigidez do or\u00e7amento<\/strong>, aumentar a previsibilidade da execu\u00e7\u00e3o e a transpar\u00eancia dos gastos p\u00fablicos.\u201d<\/p>\n\n\n\n<p>\u201cVale mencionar que o governo continuar\u00e1 rigorosamente respeitando o regime de metas da infla\u00e7\u00e3o e<strong> independ\u00eancia do Banco Central<\/strong>\u201d, acrescenta.&nbsp;<\/p>\n\n\n\n<h3 class=\"wp-block-heading\"><strong>Infraestrutura<\/strong><\/h3>\n\n\n\n<p>\u201cO Governo do Presidente Bolsonaro, no seu segundo mandato, se compromete, entre outras a\u00e7\u00f5es, a continuar e avan\u00e7ar na<strong> melhoria da infraestrutura<\/strong> nas regi\u00f5es menos desenvolvidas, de modo a ampliar as oportunidades de investimentos produtivos, permitindo a gera\u00e7\u00e3o de emprego e renda e o equil\u00edbrio regional do pa\u00eds; incentivar os investimentos e a implementa\u00e7\u00e3o de projetos estruturantes em cada estado e no Distrito Federal.\u201d<\/p>\n\n\n\n<h3 class=\"wp-block-heading\"><strong>Turismo<\/strong><\/h3>\n\n\n\n<p>O plano afirma que o governo Bolsonaro, \u201cno seu segundo mandato, continuar\u00e1 proporcionando o desenvolvimento do potencial do turismo no Brasil por meio de a\u00e7\u00f5es como a valoriza\u00e7\u00e3o do patrim\u00f4nio cultural e natural para visita\u00e7\u00e3o\u201d.&nbsp;<\/p>\n\n\n\n<p>O texto fala em \u201cfomentar o fluxo tur\u00edstico interno e o aprimoramento da efetividade dos mecanismos de financiamento voltados ao desenvolvimento regional.\u201d<\/p>\n\n\n\n<h3 class=\"wp-block-heading\"><strong>Ci\u00eancia e Tecnologia<\/strong><\/h3>\n\n\n\n<p>\u201cO Governo Bolsonaro, no seu segundo mandato, continuar\u00e1 com os esfor\u00e7os na promo\u00e7\u00e3o da ci\u00eancia, da tecnologia e da inova\u00e7\u00e3o atrav\u00e9s do aprimoramento e amplia\u00e7\u00e3o dos mecanismos que estimulem a inova\u00e7\u00e3o tecnol\u00f3gica nas empresas, de modo a aumentar a aplica\u00e7\u00e3o de <strong>recursos privados em ci\u00eancia, tecnologia e inova\u00e7\u00e3o<\/strong> &#8211; CT&amp;I e incentivar a agrega\u00e7\u00e3o de valor.\u201d<\/p>\n\n\n\n<p>\u201cNa obten\u00e7\u00e3o deste objetivo, o Governo Bolsonaro, no seu segundo mandato, fortalecer\u00e1 a proje\u00e7\u00e3o do pa\u00eds como parceiro confi\u00e1vel em grandes <strong>projetos internacionais de pesquisa cient\u00edfica e tecnol\u00f3gica<\/strong>, e de promo\u00e7\u00e3o da inova\u00e7\u00e3o que permita incentivar o desenvolvimento da ind\u00fastria 4.0, de forma a competir no cen\u00e1rio nacional e internacional.\u201d<\/p>\n\n\n\n<p>O texto tamb\u00e9m fala em \u201campliar e consolidar a conectividade mediante a implanta\u00e7\u00e3o das telecomunica\u00e7\u00f5es com tecnologia 5G\u201d, o que \u201cdeve ser um alvo do governo de Jair Bolsonaro a partir de 2023.\u201d<\/p>\n\n\n\n<p>\u201cO Programa<strong> Wi-Fi Brasil17 <\/strong>\u00e9 um bom exemplo a ser ampliado\u201d, diz o documento. \u201cVisa conectar todos os brasileiros, oferecendo conex\u00e3o gratuita \u00e0 internet em banda larga por via terrestre e sat\u00e9lite a telecentros, escolas, unidades de sa\u00fade, aldeias ind\u00edgenas, postos de fronteira e quilombos, com o objetivo de promover a inclus\u00e3o digital em todo o territ\u00f3rio brasileiro.\u201d<\/p>\n\n\n\n<p>\u201cNo pr\u00f3ximo mandato, deve-se continuar a criar condi\u00e7\u00f5es de forma a<strong> levar a conectividade 5G a todos os 5.570 munic\u00edpios brasileiros<\/strong>.\u201d<\/p>\n\n\n\n<h2 class=\"wp-block-heading\"><strong>Plano de governo de Lula<\/strong><\/h2>\n\n\n\n<figure class=\"wp-block-image size-large\"><img loading=\"lazy\" decoding=\"async\" width=\"820\" height=\"540\" src=\"https:\/\/media.investnews.com.br\/uploads\/2022\/08\/lula_01-1.jpg\" alt=\"elei\u00e7\u00f5es\" class=\"wp-image-353975\" srcset=\"https:\/\/media.investnews.com.br\/uploads\/2022\/08\/lula_01-1.jpg 820w, https:\/\/media.investnews.com.br\/uploads\/2022\/08\/lula_01-1-300x198.jpg 300w, https:\/\/media.investnews.com.br\/uploads\/2022\/08\/lula_01-1-768x506.jpg 768w, https:\/\/media.investnews.com.br\/uploads\/2022\/08\/lula_01-1-172x113.jpg 172w, https:\/\/media.investnews.com.br\/uploads\/2022\/08\/lula_01-1-191x125.jpg 191w, https:\/\/media.investnews.com.br\/uploads\/2022\/08\/lula_01-1-150x99.jpg 150w\" sizes=\"auto, (max-width: 820px) 100vw, 820px\" \/><figcaption>Ex-presidente e candidato \u00e0 reelei\u00e7\u00e3o Luiz In\u00e1cio Lula da Silva (PT) em Bras\u00edlia 28\/07\/2022. (Reuters\/Adriano Machado)<\/figcaption><\/figure>\n\n\n\n<h3 class=\"wp-block-heading\"><strong>Meio ambiente<\/strong><\/h3>\n\n\n\n<p>O plano fala em \u201ccompromisso com a sustentabilidade social, ambiental, econ\u00f4mica e com o enfrentamento das <strong>mudan\u00e7as clim\u00e1ticas<\/strong>\u201d. Em outro trecho, diz que ser\u00e1 combatido \u201co uso predat\u00f3rio dos recursos naturais\u201d e estimuladas \u201cas atividades econ\u00f4micas com menor impacto ecol\u00f3gico\u201d. Mais adiante, o programa diz: \u201cnosso compromisso ser\u00e1 cumprir, de fato, as metas de redu\u00e7\u00e3o de emiss\u00e3o de g\u00e1s carbono que o pa\u00eds assumiu na <strong>Confer\u00eancia de 2015 em Paris<\/strong>\u201d.<\/p>\n\n\n\n<h3 class=\"wp-block-heading\"><strong>Legisla\u00e7\u00e3o trabalhista<\/strong><\/h3>\n\n\n\n<p>\u201cO novo governo ir\u00e1 propor, a partir de um amplo debate e negocia\u00e7\u00e3o, uma<strong> nova legisla\u00e7\u00e3o trabalhista <\/strong>de extensa prote\u00e7\u00e3o social a todas as formas de ocupa\u00e7\u00e3o, de emprego e de rela\u00e7\u00e3o de trabalho\u201d. Segundo o plano, isso ser\u00e1 feito \u201c<strong>revogando os marcos <\/strong>regressivos da atual legisla\u00e7\u00e3o trabalhista, agravados pela<strong> \u00faltima reforma <\/strong>e <strong>reestabelecendo o acesso gratuito \u00e0 justi\u00e7a do trabalho<\/strong>.\u201d<\/p>\n\n\n\n<p>O texto acrescenta que \u201co novo governo incentivar\u00e1 o debate e as iniciativas de<strong> reestrutura\u00e7\u00e3o sindical,<\/strong> que democratizem o sistema de rela\u00e7\u00f5es de trabalho\u201d, e diz que \u201crespeitar\u00e1 a <strong>autonomia sindical<\/strong>, visando incentivar as negocia\u00e7\u00f5es coletivas, promover solu\u00e7\u00e3o \u00e1gil dos conflitos, garantir os direitos trabalhistas, assegurar o direito \u00e0 greve e coibir as pr\u00e1ticas antissindicais.\u201d<\/p>\n\n\n\n<p>\u201cSer\u00e3o respeitadas tamb\u00e9m as decis\u00f5es de<strong> financiamento solid\u00e1rio e democr\u00e1tico da estrutura sindical<\/strong>\u201d.<\/p>\n\n\n\n<h3 class=\"wp-block-heading\"><strong>Sal\u00e1rio m\u00ednimo<\/strong><\/h3>\n\n\n\n<p>\u201cRetomaremos a pol\u00edtica de valoriza\u00e7\u00e3o do sal\u00e1rio m\u00ednimo visando \u00e0 recupera\u00e7\u00e3o do poder de compra de trabalhadores, trabalhadoras, e dos benefici\u00e1rios e benefici\u00e1rias de pol\u00edticas previdenci\u00e1rias e assistenciais\u201d, diz o plano de Lula.<\/p>\n\n\n\n<h3 class=\"wp-block-heading\"><strong>Previd\u00eancia<\/strong><\/h3>\n\n\n\n<p>\u201cPromoveremos a reconstru\u00e7\u00e3o da seguridade e da previd\u00eancia social, para ampla inclus\u00e3o dos trabalhadores e trabalhadoras, por meio da supera\u00e7\u00e3o das medidas regressivas e do desmonte promovido pelo atual governo\u201d, diz o programa. \u201cBuscaremos um<strong> modelo previdenci\u00e1rio<\/strong> que concilie o<strong> aumento da cobertura<\/strong> com o financiamento sustent\u00e1vel\u201d, acrescenta.&nbsp;<\/p>\n\n\n\n<h3 class=\"wp-block-heading\"><strong>Bolsa Fam\u00edlia<\/strong><\/h3>\n\n\n\n<p>\u201cUm programa Bolsa Fam\u00edlia renovado e ampliado precisa ser implantado com urg\u00eancia\u201d, diz o documento, mencionando a recupera\u00e7\u00e3o das \u201cprincipais caracter\u00edsticas do projeto\u201d.&nbsp;<\/p>\n\n\n\n<p>\u201cUm programa que, orientado por princ\u00edpios de cobertura crescente, baseados em patamares adequados de renda, viabilizar\u00e1 a transi\u00e7\u00e3o por etapas, no rumo de um sistema universa e uma renda b\u00e1sica de cidadania.\u201d<\/p>\n\n\n\n<h3 class=\"wp-block-heading\"><strong>Teto de gatos<\/strong><\/h3>\n\n\n\n<p>O plano prop\u00f5e a revoga\u00e7\u00e3o do teto de gastos. \u201cVamos recolocar os pobres e os trabalhadores no or\u00e7amento. Para isso, \u00e9 preciso<strong> revogar o teto de gastos e rever o atual regime fiscal brasileiro<\/strong>, atualmente disfuncional e sem credibilidade.\u201d<\/p>\n\n\n\n<p>\u201cConstruiremos um <strong>novo regime fiscal<\/strong>, que disponha de credibilidade, previsibilidade e sustentabilidade. Ainda, que possua <strong>flexibilidade<\/strong> e garanta a atua\u00e7\u00e3o antic\u00edclica, que promova a transpar\u00eancia e o acompanhamento da rela\u00e7\u00e3o custo-benef\u00edcio das pol\u00edticas p\u00fablicas, que fortale\u00e7a o Sistema de Planejamento e Or\u00e7amento Federal e a articula\u00e7\u00e3o entre investimentos p\u00fablicos e privados, que reconhe\u00e7a a import\u00e2ncia do investimento social, dos investimentos em infraestrutura e que esteja vinculado \u00e0 cria\u00e7\u00e3o de uma <strong>estrutura tribut\u00e1ria mais simples e progressiva<\/strong>.\u201d<\/p>\n\n\n\n<h3 class=\"wp-block-heading\"><strong>Reforma tribut\u00e1ria<\/strong><\/h3>\n\n\n\n<p>\u201cVamos colocar os pobres outra vez no or\u00e7amento e os super-ricos pagando impostos\u201d, diz o plano de governo de Lula. \u201cProporemos uma reforma tribut\u00e1ria solid\u00e1ria, justa e sustent\u00e1vel, que simplifique tributos e em que os pobres paguem menos e os ricos paguem mais.\u201d<\/p>\n\n\n\n<p>Segundo o texto, \u201cessa reforma ser\u00e1 constru\u00edda na perspectiva do desenvolvimento, <strong>\u2018simplificando\u2019 e reduzindo a tributa\u00e7\u00e3o do consumo<\/strong>, corrigindo a injusti\u00e7a tribut\u00e1ria ao garantir a <strong>progressividade tribut\u00e1ria<\/strong>, preservando o financiamento do Estado de bem estar social, restaurando o equil\u00edbrio federativo, contemplando a transi\u00e7\u00e3o para uma economia ecologicamente sustent\u00e1vel e aperfei\u00e7oando a <strong>tributa\u00e7\u00e3o sobre o com\u00e9rcio internacional<\/strong>, desonerando, progressivamente, produtos com maior valor agregado e tecnologia embarcada.\u201d<\/p>\n\n\n\n<h3 class=\"wp-block-heading\"><strong>Combust\u00edveis<\/strong><\/h3>\n\n\n\n<p>A campanha diz que \u201co pa\u00eds precisa de uma transi\u00e7\u00e3o para uma <strong>nova pol\u00edtica de pre\u00e7os dos combust\u00edveis e do g\u00e1s<\/strong>, que considere os custos nacionais e que seja adequada \u00e0 <strong>amplia\u00e7\u00e3o dos investimentos em refino <\/strong>e distribui\u00e7\u00e3o e \u00e0 redu\u00e7\u00e3o da carestia.\u201d<\/p>\n\n\n\n<h3 class=\"wp-block-heading\"><strong>C\u00e2mbio<\/strong><\/h3>\n\n\n\n<p>\u201cReduzir a <a href=\"https:\/\/investnews.com.br\/guias\/volatilidade-o-que-e\/\">volatilidade<\/a> da moeda brasileira por meio da pol\u00edtica cambial tamb\u00e9m \u00e9 uma forma de amenizar os impactos inflacion\u00e1rios de mudan\u00e7as no cen\u00e1rio externo\u201d, diz o texto. \u201cA orienta\u00e7\u00e3o passiva para a pol\u00edtica cambial dos \u00faltimos anos acentuou a volatilidade da moeda brasileira em rela\u00e7\u00e3o ao d\u00f3lar com consequ\u00eancias perversas para o \u00edndice de pre\u00e7os.\u201d<\/p>\n\n\n\n<h3 class=\"wp-block-heading\"><strong>Endividamento das fam\u00edlias<\/strong><\/h3>\n\n\n\n<p>\u201cVamos promover a<strong> renegocia\u00e7\u00e3o das d\u00edvidas das fam\u00edlias e das pequenas e m\u00e9dias empresas<\/strong> por meio dos<strong> bancos p\u00fablicos<\/strong> e<strong> incentivos aos bancos privados <\/strong>para oferecer condi\u00e7\u00f5es adequadas de negocia\u00e7\u00e3o com os devedores.\u201d<\/p>\n\n\n\n<h3 class=\"wp-block-heading\"><strong>Reforma agr\u00e1ria<\/strong><\/h3>\n\n\n\n<p>\u201cEstamos comprometidos com a soberania alimentar, por meio de um novo modelo de ocupa\u00e7\u00e3o e uso da terra urbana e rural, com <strong>reforma agr\u00e1ria e agroecol\u00f3gica<\/strong>\u201d, diz o texto.&nbsp;<\/p>\n\n\n\n<p>\u201cDaremos apoio \u00e0 pequena e m\u00e9dia propriedade agr\u00edcola, em especial \u00e0 agricultura familiar. <strong>Pol\u00edticas de compras p\u00fablicas<\/strong> podem servir de incentivo \u00e0 produ\u00e7\u00e3o de alimentos saud\u00e1veis e de qualidade.\u201d<\/p>\n\n\n\n<h3 class=\"wp-block-heading\"><strong>Infraestrutura<\/strong><\/h3>\n\n\n\n<p>O programa prop\u00f5e \u201cum vigoroso programa de investimentos p\u00fablicos\u201d na \u00e1rea, e acrescenta: \u201co investimento privado tamb\u00e9m ser\u00e1 parte importante da reconstru\u00e7\u00e3o do Brasil e ser\u00e1 estimulado por meio de<strong> cr\u00e9ditos, concess\u00f5es, parcerias e garantias<\/strong>.\u201d<\/p>\n\n\n\n<h3 class=\"wp-block-heading\"><strong>Privatiza\u00e7\u00f5es<\/strong><\/h3>\n\n\n\n<p>\u201cOpomo-nos fortemente \u00e0 privatiza\u00e7\u00e3o, em curso, da Petrobras e da Pr\u00e9-Sal Petr\u00f3leo S.A. (PPSA). <strong>A Petrobras ter\u00e1 seu plano estrat\u00e9gico<\/strong> e de investimentos orientados para a seguran\u00e7a energ\u00e9tica, a autossufici\u00eancia nacional em petr\u00f3leo e derivados, a garantia do abastecimento de combust\u00edveis no pa\u00eds. Portanto, voltar\u00e1 a ser uma empresa integrada de energia,<strong> investindo em explora\u00e7\u00e3o, produ\u00e7\u00e3o, refino e distribui\u00e7\u00e3o<\/strong>.\u201d<\/p>\n\n\n\n<p>\u201c\u00c9 preciso preservar o<strong> regime de partilha<\/strong>, e o fundo social do pr\u00e9-sal deve estar, novamente, a servi\u00e7o do futuro.\u201d<\/p>\n\n\n\n<p>O texto ainda aponta oposi\u00e7\u00e3o \u00e0 privatiza\u00e7\u00e3o da Eletrobras. \u201cPrecisamos <strong>recuperar seu papel como patrim\u00f4nio do povo<\/strong>, preservando nossa soberania energ\u00e9tica, e viabilizando programas como<strong> o Luz para Todos, que ter\u00e1 continuidade<\/strong>, e uma pol\u00edtica sustent\u00e1vel de modicidade tarif\u00e1ria.\u201d<\/p>\n\n\n\n<p>H\u00e1 tamb\u00e9m oposi\u00e7\u00e3o \u00e0 privatiza\u00e7\u00e3o dos Correios.<\/p>\n\n\n\n<h3 class=\"wp-block-heading\"><strong>Ci\u00eancia e tecnologia<\/strong><\/h3>\n\n\n\n<p>O texto prop\u00f5e \u201crecompor o sistema nacional de fomento do desenvolvimento cient\u00edfico e tecnol\u00f3gico, via<strong> fundos e ag\u00eancias p\u00fablicas como o FNDCT, o CNPq e a CAPES<\/strong>\u201d.&nbsp;<\/p>\n\n\n\n<h2 class=\"wp-block-heading\"><strong>Opini\u00e3o de economistas<\/strong><\/h2>\n\n\n\n<figure class=\"wp-block-image size-large\"><img loading=\"lazy\" decoding=\"async\" width=\"1024\" height=\"586\" src=\"https:\/\/media.investnews.com.br\/uploads\/2022\/07\/2022-07-25T160219Z_2_LYNXMPEI6O0MX_RTROPTP_4_BRAZIL-1024x586.jpeg\" alt=\"imagem de moedas de 1 real\" class=\"wp-image-349182\" srcset=\"https:\/\/media.investnews.com.br\/uploads\/2022\/07\/2022-07-25T160219Z_2_LYNXMPEI6O0MX_RTROPTP_4_BRAZIL-1024x586.jpeg 1024w, https:\/\/media.investnews.com.br\/uploads\/2022\/07\/2022-07-25T160219Z_2_LYNXMPEI6O0MX_RTROPTP_4_BRAZIL-300x172.jpeg 300w, https:\/\/media.investnews.com.br\/uploads\/2022\/07\/2022-07-25T160219Z_2_LYNXMPEI6O0MX_RTROPTP_4_BRAZIL-768x439.jpeg 768w, https:\/\/media.investnews.com.br\/uploads\/2022\/07\/2022-07-25T160219Z_2_LYNXMPEI6O0MX_RTROPTP_4_BRAZIL-1536x878.jpeg 1536w, https:\/\/media.investnews.com.br\/uploads\/2022\/07\/2022-07-25T160219Z_2_LYNXMPEI6O0MX_RTROPTP_4_BRAZIL-1256x718.jpeg 1256w, https:\/\/media.investnews.com.br\/uploads\/2022\/07\/2022-07-25T160219Z_2_LYNXMPEI6O0MX_RTROPTP_4_BRAZIL-172x98.jpeg 172w, https:\/\/media.investnews.com.br\/uploads\/2022\/07\/2022-07-25T160219Z_2_LYNXMPEI6O0MX_RTROPTP_4_BRAZIL-150x86.jpeg 150w, https:\/\/media.investnews.com.br\/uploads\/2022\/07\/2022-07-25T160219Z_2_LYNXMPEI6O0MX_RTROPTP_4_BRAZIL.jpeg 2048w\" sizes=\"auto, (max-width: 1024px) 100vw, 1024px\" \/><figcaption>Moedas de reais 15\/10\/2010 REUTERS\/Bruno Domingos\n<\/figcaption><\/figure>\n\n\n\n<p><strong>Alex Agostini, economista-chefe da Austin Rating<\/strong>, diz que \u00e9 preciso fazer uma ressalva ao se comparar os planos de governo de candidatos \u00e0 presid\u00eancia. \u201co plano n\u00e3o necessariamente ser\u00e1 seguido \u00e0 risca\u201d. \u201cSempre no meio do caminho existem mudan\u00e7as por \u2018N\u2019 fatores, ex\u00f3genos ou end\u00f3genos, a nova configura\u00e7\u00e3o de Congresso Nacional.\u201d<\/p>\n\n\n\n<p>Mas, em rela\u00e7\u00e3o aos projetos de Lula e Bolsonaro, o especialista aponta que os dois motivam uma preocupa\u00e7\u00e3o em comum: \u201cem linhas gerais, os dois v\u00eam dando sinais de que n\u00e3o est\u00e3o muito preocupados com o <strong>cen\u00e1rio fiscal<\/strong> [situa\u00e7\u00e3o das contas p\u00fablicas]. E isso \u00e9 extremamente <strong>ruim para a economia brasileira.\u201d<\/strong><\/p>\n\n\n\n<p>Ele cita como exemplo o fato de os dois candidatos t\u00e1 terem se comprometido a manter o pagamento do <a class=\"rank-math-link\" href=\"https:\/\/investnews.com.br\/geral\/auxilio-brasil-confira-o-calendario-de-pagamentos-em-2022\/\">Aux\u00edlio Brasil <\/a>em R$ 600, \u201csem ter a contrapartida para isso\u201d.\u00a0<\/p>\n\n\n\n<p>Agostini aponta que, mesmo que haja diferen\u00e7as em alguns pontos das propostas (como a oposi\u00e7\u00e3o de Lula \u00e0s privatiza\u00e7\u00f5es enquanto o plano de Bolsonaro as defende, por exemplo), a preocupa\u00e7\u00e3o fiscal acaba se sobressaindo nas an\u00e1lises.&nbsp;<\/p>\n\n\n\n<p>\u201cA principal estrutura da economia \u00e9 o fiscal. Se voc\u00ea n\u00e3o tem um plano ou est\u00e1 mais alinhado ao <strong>populismo<\/strong>, \u00e9 \u00f3bvio que todos os demais n\u00e3o v\u00e3o acontecer. V\u00e3o ficar na promessa. Voc\u00ea precisaria do fiscal para desenvolver todos os demais.\u201d<\/p>\n\n\n\n<p>Outro forte ponto de preocupa\u00e7\u00e3o apontado pelo economista \u00e9 o fato de que \u201cnenhum tem um grande plano econ\u00f4mico com planejamento de longo prazo.\u201d<\/p>\n\n\n\n<blockquote class=\"wp-block-quote is-layout-flow wp-block-quote-is-layout-flow\"><p>\u201cTodos&nbsp;esses planos s\u00e3o carentes de solu\u00e7\u00f5es dos nossos maiores problemas que \u00e9 quest\u00e3o de oferta, infraestrutura log\u00edstica. Ningu\u00e9m tem um plano de substitui\u00e7\u00e3o de energia. \u00c9 sempre pontuando na quest\u00e3o social visando exclusivamente o voto agora. N\u00e3o se tem um preparo de longo prazo.\u201d<\/p><cite>Alex Agostini, economista-chefe da Austin Rating<\/cite><\/blockquote>\n\n\n\n<p><\/p>\n\n\n\n<p>Para Agostini, os planos de governo apresentados \u201cs\u00e3o muito mais discursos do que de fato um plano de governo\u201d. \u201c\u00c9 s\u00f3 inten\u00e7\u00e3o. O grande problema \u00e9 que nenhum deles foi objetivo e apresenta um plano efetivamente&#8221;, diz o economista, acrescentando que \u201cisso n\u00e3o \u00e9 desta elei\u00e7\u00e3o, \u00e9 hist\u00f3rico\u201d.&nbsp;<\/p>\n\n\n\n<p><strong>Andr\u00e9 Perfeito, economista-chefe da Necton<\/strong>, divulgou na quinta-feira (18) um relat\u00f3rio sobre os planos de governo de Lula e Bolsonaro. No documento, o especialista comenta que \u201ca tend\u00eancia \u00e9 que de alguma forma as diferentes maneiras de governar dos principais candidatos se evidenciem. <\/p>\n\n\n\n<blockquote class=\"wp-block-quote is-layout-flow wp-block-quote-is-layout-flow\"><p>\u201cDigo tend\u00eancia uma vez que, se tem algo que nunca \u00e9 claro, \u00e9 a fala dos candidatos a cargos p\u00fablicos e por um motivo \u00f3bvio: eles est\u00e3o num jogo em busca do eleitor mediano e, sendo assim, tendem a n\u00e3o se indispor com estes segmentos em busca da elei\u00e7\u00e3o.\u201d<\/p><cite>Andr\u00e9 Perfeito, economista-chefe da Necton<\/cite><\/blockquote>\n\n\n\n<p><\/p>\n\n\n\n<p>Um dos destaques feitos por Perfeito \u00e9 que, \u201cpor exemplo, sobre o<strong> teto de gastos<\/strong> n\u00e3o h\u00e1 perspectiva de altera\u00e7\u00e3o na proposta de Jair Bolsonaro, mas j\u00e1 foi noticiado que haveria interesse em alterar em parte o arcabou\u00e7o fiscal pelo atual governo.\u201d<\/p>\n\n\n\n<p>\u201cSobre a<strong> privatiza\u00e7\u00e3o da Petrobras<\/strong>, o PT se p\u00f5e fortemente contra e o atual governo n\u00e3o menciona nada espec\u00edfico, apesar de ser sabido a posi\u00e7\u00e3o de privatizar o m\u00e1ximo poss\u00edvel ativos p\u00fablicos na atual administra\u00e7\u00e3o\u201d, acrescenta o economista.&nbsp;&nbsp;<\/p>\n\n\n\n<p>Ele destaca que, assim como a an\u00e1lise dos pontos que cada campanha defendeu no plano de governo, \u00e9 preciso ficar atento tamb\u00e9m ao que n\u00e3o foi mencionado. \u201cPor exemplo, o PT n\u00e3o menciona nada sobre a<strong> entrada do Brasil na OCDE<\/strong>, projeto esse entendido como importante pelo Pal\u00e1cio do Planalto. N\u00e3o comentar o t\u00f3pico \u00e9 querer n\u00e3o se amarrar aos acordos j\u00e1 feitos.\u201d<\/p>\n\n\n\n<p>Ele cita outro exemplo: \u201cj\u00e1 o atual governo n\u00e3o comenta sobre a<strong> privatiza\u00e7\u00e3o dos Correios <\/strong>especificamente, talvez para evitar resist\u00eancias maiores no setor p\u00fablico.\u201d<\/p>\n","protected":false},"excerpt":{"rendered":"<p>Economistas comentam planos de governo dos candidatos \u00e0 presid\u00eancia; veja principais pontos.<\/p>\n","protected":false},"author":31,"featured_media":338926,"comment_status":"closed","ping_status":"open","sticky":false,"template":"","format":"standard","meta":{"_acf_changed":false,"inline_featured_image":false,"footnotes":""},"categories":[5],"tags":[763,234,2370],"autor-wsj":[],"coauthors":[1908],"class_list":["post-356924","post","type-post","status-publish","format-standard","has-post-thumbnail","hentry","category-economia","tag-eleicoes","tag-jair-bolsonaro","tag-luiz-inacio-lula-da-silva"],"acf":[],"amp_enabled":true,"_links":{"self":[{"href":"https:\/\/investnews.com.br\/inv-api\/wp\/v2\/posts\/356924","targetHints":{"allow":["GET"]}}],"collection":[{"href":"https:\/\/investnews.com.br\/inv-api\/wp\/v2\/posts"}],"about":[{"href":"https:\/\/investnews.com.br\/inv-api\/wp\/v2\/types\/post"}],"author":[{"embeddable":true,"href":"https:\/\/investnews.com.br\/inv-api\/wp\/v2\/users\/31"}],"replies":[{"embeddable":true,"href":"https:\/\/investnews.com.br\/inv-api\/wp\/v2\/comments?post=356924"}],"version-history":[{"count":11,"href":"https:\/\/investnews.com.br\/inv-api\/wp\/v2\/posts\/356924\/revisions"}],"predecessor-version":[{"id":360535,"href":"https:\/\/investnews.com.br\/inv-api\/wp\/v2\/posts\/356924\/revisions\/360535"}],"wp:featuredmedia":[{"embeddable":true,"href":"https:\/\/investnews.com.br\/inv-api\/wp\/v2\/media\/338926"}],"wp:attachment":[{"href":"https:\/\/investnews.com.br\/inv-api\/wp\/v2\/media?parent=356924"}],"wp:term":[{"taxonomy":"category","embeddable":true,"href":"https:\/\/investnews.com.br\/inv-api\/wp\/v2\/categories?post=356924"},{"taxonomy":"post_tag","embeddable":true,"href":"https:\/\/investnews.com.br\/inv-api\/wp\/v2\/tags?post=356924"},{"taxonomy":"autor-wsj","embeddable":true,"href":"https:\/\/investnews.com.br\/inv-api\/wp\/v2\/autor-wsj?post=356924"},{"taxonomy":"author","embeddable":true,"href":"https:\/\/investnews.com.br\/inv-api\/wp\/v2\/coauthors?post=356924"}],"curies":[{"name":"wp","href":"https:\/\/api.w.org\/{rel}","templated":true}]}}