{"id":357112,"date":"2022-08-23T02:00:00","date_gmt":"2022-08-23T05:00:00","guid":{"rendered":"https:\/\/investnews.com.br\/?p=357112"},"modified":"2024-06-26T11:25:58","modified_gmt":"2024-06-26T14:25:58","slug":"eleicoes-2022-veja-quem-sao-os-candidatos-a-governador-nos-estados","status":"publish","type":"post","link":"https:\/\/investnews.com.br\/economia\/eleicoes-2022-veja-quem-sao-os-candidatos-a-governador-nos-estados\/","title":{"rendered":"Elei\u00e7\u00f5es 2022: veja quem s\u00e3o os candidatos a governador nos estados"},"content":{"rendered":"\n<p>O <strong>primeiro turno das elei\u00e7\u00f5es para governadores<\/strong> dos 26 estados do Brasil e do Distrito Federal est\u00e1 marcado para ocorrer no <strong>dia 2 de outubro de 2022<\/strong>.<\/p>\n\n\n\n<p>Ao todo, 224 candidatos disputam nestas elei\u00e7\u00f5es os cargos de governadores estaduais. O prazo para o registro das candidaturas se encerrou em 15 de agosto.<\/p>\n\n\n\n<p>Caso os candidatos ao governo n\u00e3o superem os 50% dos votos v\u00e1lidos, eles disputam a chefia do executivo estadual no dia 30 de outubro.<\/p>\n\n\n\n<p>Nas elei\u00e7\u00f5es de 2022, os brasileiros tamb\u00e9m devem votar para presidente da Rep\u00fablica, senadores, deputados federais, deputados estaduais ou distrital. <\/p>\n\n\n\n<p>O\u00a0<strong>Tribunal Superior Eleitoral<\/strong>\u00a0(TSE) recebeu\u00a0<a rel=\"noreferrer noopener\" href=\"https:\/\/investnews.com.br\/geral\/quem-sao-os-candidatos-a-presidencia-nas-eleicoes-de-2022\/\" target=\"_blank\"><strong>11 registros de candidaturas \u00e0 presid\u00eancia\u00a0<\/strong><\/a>e 11 a vice-presid\u00eancia;\u00a0<a rel=\"noreferrer noopener\" href=\"https:\/\/investnews.com.br\/geral\/eleicoes-2022-veja-quem-sao-os-candidatos-a-governador-nos-estados\/\" target=\"_blank\"><strong>224 para governadores<\/strong><\/a>,\u00a0<a rel=\"noreferrer noopener\" href=\"https:\/\/investnews.com.br\/geral\/quem-sao-candidatos-senado-2022\/\" target=\"_blank\"><strong>243 para senador<\/strong><\/a>, <strong><a href=\"https:\/\/investnews.com.br\/geral\/quem-sao-candidatos-deputado-federal-2022\/\">10.629 para deputado federal<\/a><\/strong>, 16.737 para deputado estadual e 610 para deputado distrital.<\/p>\n\n\n\n<p>Ap\u00f3s a apresenta\u00e7\u00e3o, o registro dos candidatos ser\u00e3o julgados pela Justi\u00e7a Eleitoral, que pode ser indeferido caso n\u00e3o atenda os requisitos legais. O prazo para o julgamento de todas as candidaturas \u00e9\u00a012 de setembro, 20 dias antes do pleito.<\/p>\n\n\n\n<figure class=\"wp-block-image size-large\"><img loading=\"lazy\" decoding=\"async\" width=\"750\" height=\"841\" src=\"https:\/\/media.investnews.com.br\/uploads\/2022\/09\/20220819_Info_Cargos_Politicos.jpg\" alt=\"\" class=\"wp-image-367659\" srcset=\"https:\/\/media.investnews.com.br\/uploads\/2022\/09\/20220819_Info_Cargos_Politicos.jpg 750w, https:\/\/media.investnews.com.br\/uploads\/2022\/09\/20220819_Info_Cargos_Politicos-268x300.jpg 268w, https:\/\/media.investnews.com.br\/uploads\/2022\/09\/20220819_Info_Cargos_Politicos-153x172.jpg 153w, https:\/\/media.investnews.com.br\/uploads\/2022\/09\/20220819_Info_Cargos_Politicos-150x168.jpg 150w\" sizes=\"auto, (max-width: 750px) 100vw, 750px\" \/><\/figure>\n\n\n\n<h2 class=\"wp-block-heading\">Transpar\u00eancia nas elei\u00e7\u00f5es <\/h2>\n\n\n\n<p><br>Os eleitoras e eleitores podem acompanhar o andamento dos registros pelo sistema&nbsp;<a href=\"https:\/\/divulgacandcontas.tse.jus.br\/divulga\/#\/\" class=\"rank-math-link\" target=\"_blank\" rel=\"noopener\">DivulgaCandContas<\/a>, na p\u00e1gina de cada candidato ou candidata, al\u00e9m de certid\u00f5es criminais e declara\u00e7\u00e3o de bens.<\/p>\n\n\n\n<p>O sistema tamb\u00e9m permite o eleitor consultar a presta\u00e7\u00e3o de contas com a arrecada\u00e7\u00e3o e gastos durante a campanha pelo site do TSE, clicando na aba <strong><a href=\"https:\/\/www.tse.jus.br\/comunicacao\/noticias\" class=\"rank-math-link\" target=\"_blank\" rel=\"noopener\">Eleitor e Elei\u00e7\u00f5es<\/a><\/strong>, em seguida, em&nbsp;<strong><a href=\"https:\/\/www.tse.jus.br\/eleicoes\/eleicoes-2022\/eleicoes-2022\" class=\"rank-math-link\" target=\"_blank\" rel=\"noopener\">Elei\u00e7\u00f5es 2022<\/a><\/strong>&nbsp;e&nbsp;<strong><a href=\"https:\/\/divulgacandcontas.tse.jus.br\/divulga\/#\/\" class=\"rank-math-link\" target=\"_blank\" rel=\"noopener\">DivulgaCandContas<\/a><\/strong>.&nbsp;&nbsp;<\/p>\n\n\n\n<h2 class=\"wp-block-heading\">Lista de candidatos<\/h2>\n\n\n\n<p>Clique nos links abaixo para ver a lista completa de candidatos a governador de cada estado:<\/p>\n\n\n\n<h2 class=\"wp-block-heading\">Norte<\/h2>\n\n\n\n<p><strong><a href=\"https:\/\/divulgacandcontas.tse.jus.br\/divulga\/#\/estados\/2022\/2040602022\/AC\/candidatos\" class=\"rank-math-link\" target=\"_blank\" rel=\"noopener\">Acre<\/a><\/strong><\/p>\n\n\n\n<p><strong><a href=\"https:\/\/divulgacandcontas.tse.jus.br\/divulga\/#\/estados\/2022\/2040602022\/AM\/candidatos\" class=\"rank-math-link\" target=\"_blank\" rel=\"noopener\">Amazonas<\/a><\/strong><\/p>\n\n\n\n<p><strong><a href=\"https:\/\/divulgacandcontas.tse.jus.br\/divulga\/#\/estados\/2022\/2040602022\/AP\/candidatos\" class=\"rank-math-link\" target=\"_blank\" rel=\"noopener\">Amap\u00e1<\/a><\/strong><\/p>\n\n\n\n<p><strong><a href=\"https:\/\/divulgacandcontas.tse.jus.br\/divulga\/#\/estados\/2022\/2040602022\/PA\/candidatos\" class=\"rank-math-link\" target=\"_blank\" rel=\"noopener\">Par\u00e1<\/a><\/strong><\/p>\n\n\n\n<p><strong><a href=\"https:\/\/divulgacandcontas.tse.jus.br\/divulga\/#\/estados\/2022\/2040602022\/RO\/candidatos\" class=\"rank-math-link\" target=\"_blank\" rel=\"noopener\">Rond\u00f4nia<\/a><\/strong><\/p>\n\n\n\n<p><strong><a href=\"https:\/\/divulgacandcontas.tse.jus.br\/divulga\/#\/estados\/2022\/2040602022\/RR\/candidatos\" class=\"rank-math-link\" target=\"_blank\" rel=\"noopener\">Roraima<\/a><\/strong><br><\/p>\n\n\n\n<p><strong><a href=\"https:\/\/divulgacandcontas.tse.jus.br\/divulga\/#\/estados\/2022\/2040602022\/TO\/candidatos\" class=\"rank-math-link\" target=\"_blank\" rel=\"noopener\">Tocantins<\/a><\/strong><\/p>\n\n\n\n<h2 class=\"wp-block-heading\">Nordeste<\/h2>\n\n\n\n<p><strong><a href=\"https:\/\/divulgacandcontas.tse.jus.br\/divulga\/#\/estados\/2022\/2040602022\/AL\/candidatos\" class=\"rank-math-link\" target=\"_blank\" rel=\"noopener\">Alagoas<\/a><\/strong><\/p>\n\n\n\n<p><strong><a href=\"https:\/\/divulgacandcontas.tse.jus.br\/divulga\/#\/estados\/2022\/2040602022\/BA\/candidatos\" class=\"rank-math-link\" target=\"_blank\" rel=\"noopener\">Bahia<\/a><\/strong><\/p>\n\n\n\n<p><strong><a href=\"https:\/\/divulgacandcontas.tse.jus.br\/divulga\/#\/estados\/2022\/2040602022\/CE\/candidatos\" class=\"rank-math-link\" target=\"_blank\" rel=\"noopener\">Cear\u00e1<\/a><\/strong><\/p>\n\n\n\n<p><strong><a href=\"https:\/\/divulgacandcontas.tse.jus.br\/divulga\/#\/estados\/2022\/2040602022\/MA\/candidatos\" class=\"rank-math-link\" target=\"_blank\" rel=\"noopener\">Maranh\u00e3o<\/a><\/strong><\/p>\n\n\n\n<p><strong><a href=\"https:\/\/divulgacandcontas.tse.jus.br\/divulga\/#\/estados\/2022\/2040602022\/PB\/candidatos\" class=\"rank-math-link\" target=\"_blank\" rel=\"noopener\">Para\u00edba<\/a><\/strong><\/p>\n\n\n\n<p><strong><a href=\"https:\/\/divulgacandcontas.tse.jus.br\/divulga\/#\/estados\/2022\/2040602022\/PE\/candidatos\" class=\"rank-math-link\" target=\"_blank\" rel=\"noopener\">Pernambuco<\/a><\/strong><\/p>\n\n\n\n<p><strong><a href=\"https:\/\/divulgacandcontas.tse.jus.br\/divulga\/#\/estados\/2022\/2040602022\/PI\/candidatos\" class=\"rank-math-link\" target=\"_blank\" rel=\"noopener\">Piau\u00ed<\/a><\/strong><\/p>\n\n\n\n<p><strong><a href=\"https:\/\/divulgacandcontas.tse.jus.br\/divulga\/#\/estados\/2022\/2040602022\/RN\/candidatos\" class=\"rank-math-link\" target=\"_blank\" rel=\"noopener\">Rio Grande do Norte<\/a><\/strong><\/p>\n\n\n\n<p><strong><a href=\"https:\/\/divulgacandcontas.tse.jus.br\/divulga\/#\/estados\/2022\/2040602022\/SE\/candidatos\" class=\"rank-math-link\" target=\"_blank\" rel=\"noopener\">Sergipe<\/a><\/strong><\/p>\n\n\n\n<h2 class=\"wp-block-heading\">Centro-Oeste<\/h2>\n\n\n\n<p><strong><a href=\"https:\/\/divulgacandcontas.tse.jus.br\/divulga\/#\/estados\/2022\/2040602022\/DF\/candidatos\" class=\"rank-math-link\" target=\"_blank\" rel=\"noopener\">Distrito Federal<\/a><\/strong><\/p>\n\n\n\n<p><strong><a href=\"https:\/\/divulgacandcontas.tse.jus.br\/divulga\/#\/estados\/2022\/2040602022\/GO\/candidatos\" class=\"rank-math-link\" target=\"_blank\" rel=\"noopener\">Goi\u00e1s<\/a><\/strong><\/p>\n\n\n\n<p><strong><a href=\"https:\/\/divulgacandcontas.tse.jus.br\/divulga\/#\/estados\/2022\/2040602022\/MS\/candidatos\" class=\"rank-math-link\" target=\"_blank\" rel=\"noopener\">Mato Grosso do Sul<\/a><\/strong><\/p>\n\n\n\n<p><strong><a href=\"https:\/\/divulgacandcontas.tse.jus.br\/divulga\/#\/estados\/2022\/2040602022\/MT\/candidatos\" class=\"rank-math-link\" target=\"_blank\" rel=\"noopener\">Mato Grosso<\/a><\/strong><\/p>\n\n\n\n<h2 class=\"wp-block-heading\">Sudeste<\/h2>\n\n\n\n<p><strong><a href=\"https:\/\/divulgacandcontas.tse.jus.br\/divulga\/#\/estados\/2022\/2040602022\/ES\/candidatos\" class=\"rank-math-link\" target=\"_blank\" rel=\"noopener\">Esp\u00edrito Santo<\/a><\/strong><\/p>\n\n\n\n<p><strong><a href=\"https:\/\/divulgacandcontas.tse.jus.br\/divulga\/#\/estados\/2022\/2040602022\/MG\/candidatos\" class=\"rank-math-link\" target=\"_blank\" rel=\"noopener\">Minas Gerais<\/a><\/strong><\/p>\n\n\n\n<p><strong><a href=\"https:\/\/divulgacandcontas.tse.jus.br\/divulga\/#\/estados\/2022\/2040602022\/RJ\/candidatos\" class=\"rank-math-link\" target=\"_blank\" rel=\"noopener\">Rio de Janeiro<\/a><\/strong><\/p>\n\n\n\n<p><strong><a href=\"https:\/\/divulgacandcontas.tse.jus.br\/divulga\/#\/estados\/2022\/2040602022\/SP\/candidatos\" class=\"rank-math-link\" target=\"_blank\" rel=\"noopener\">S\u00e3o Paulo<\/a><\/strong><\/p>\n\n\n\n<h2 class=\"wp-block-heading\">Sul<\/h2>\n\n\n\n<p><strong><a href=\"https:\/\/divulgacandcontas.tse.jus.br\/divulga\/#\/estados\/2022\/2040602022\/PR\/candidatos\" class=\"rank-math-link\" target=\"_blank\" rel=\"noopener\">Paran\u00e1<\/a><\/strong><\/p>\n\n\n\n<p><strong><a href=\"https:\/\/divulgacandcontas.tse.jus.br\/divulga\/#\/estados\/2022\/2040602022\/RS\/candidatos\" class=\"rank-math-link\" target=\"_blank\" rel=\"noopener\">Rio Grande do Sul<\/a><\/strong><\/p>\n\n\n\n<p><strong><a href=\"https:\/\/divulgacandcontas.tse.jus.br\/divulga\/#\/estados\/2022\/2040602022\/SC\/candidatos\" class=\"rank-math-link\" target=\"_blank\" rel=\"noopener\">Santa Catarina<\/a><\/strong><\/p>\n\n\n\n<figure class=\"wp-block-image size-large\"><img loading=\"lazy\" decoding=\"async\" width=\"820\" height=\"540\" src=\"https:\/\/media.investnews.com.br\/uploads\/2022\/08\/Palanque_01.jpg\" alt=\"Brasil\" class=\"wp-image-354027\" srcset=\"https:\/\/media.investnews.com.br\/uploads\/2022\/08\/Palanque_01.jpg 820w, https:\/\/media.investnews.com.br\/uploads\/2022\/08\/Palanque_01-300x198.jpg 300w, https:\/\/media.investnews.com.br\/uploads\/2022\/08\/Palanque_01-768x506.jpg 768w, https:\/\/media.investnews.com.br\/uploads\/2022\/08\/Palanque_01-172x113.jpg 172w, https:\/\/media.investnews.com.br\/uploads\/2022\/08\/Palanque_01-191x125.jpg 191w, https:\/\/media.investnews.com.br\/uploads\/2022\/08\/Palanque_01-150x99.jpg 150w\" sizes=\"auto, (max-width: 820px) 100vw, 820px\" \/><figcaption>Cr\u00e9dito: Arte\/InvestNews<\/figcaption><\/figure>\n\n\n\n<h2 class=\"wp-block-heading\">Propaganda eleitoral<\/h2>\n\n\n\n<p>Os candidatos j\u00e1 est\u00e3o autorizados a fazer propaganda eleitoral. Pela legisla\u00e7\u00e3o, eles podem fazer&nbsp;caminhadas, carreatas com carro de som e distribuir&nbsp;material de campanha at\u00e9 as 22h. A campanha vai at\u00e9 1\u00ba de outubro, um dia antes do primeiro turno.<\/p>\n\n\n\n<p>Os com\u00edcios poder\u00e3o ser realizados entre as 8h e a meia-noite, hor\u00e1rio que poder\u00e1 ser prorrogado por mais duas horas no caso de encerramento de campanha. Showm\u00edcios gratuitos s\u00e3o proibidos por&nbsp;lei.&nbsp;<\/p>\n\n\n\n<p>Na internet, a propaganda eleitoral pode ser feita em<em>&nbsp;sites<\/em>&nbsp;e redes sociais, mas deve ser identificada como publicidade e exibir o nome do candidato, partido, coliga\u00e7\u00e3o ou federa\u00e7\u00e3o. A propaganda por meio de telemarketing e de outdoors tamb\u00e9m \u00e9 proibida.&nbsp;<\/p>\n\n\n\n<p>O impulsionamento de conte\u00fado por apoiadores \u00e9 proibido. O disparo de mensagens eletr\u00f4nicas s\u00f3 pode ser feito aos eleitores que se cadastrarem voluntariamente para receb\u00ea-las. <\/p>\n\n\n\n<p><\/p>\n","protected":false},"excerpt":{"rendered":"<p>Primeiro turno das elei\u00e7\u00f5es para governador em 26 estados e no DF ocorre em 2 de outubro.<\/p>\n","protected":false},"author":73,"featured_media":353977,"comment_status":"closed","ping_status":"open","sticky":false,"template":"","format":"standard","meta":{"_acf_changed":false,"inline_featured_image":false,"footnotes":""},"categories":[5],"tags":[763],"autor-wsj":[],"coauthors":[101284],"class_list":["post-357112","post","type-post","status-publish","format-standard","has-post-thumbnail","hentry","category-economia","tag-eleicoes"],"acf":[],"amp_enabled":false,"_links":{"self":[{"href":"https:\/\/investnews.com.br\/inv-api\/wp\/v2\/posts\/357112","targetHints":{"allow":["GET"]}}],"collection":[{"href":"https:\/\/investnews.com.br\/inv-api\/wp\/v2\/posts"}],"about":[{"href":"https:\/\/investnews.com.br\/inv-api\/wp\/v2\/types\/post"}],"author":[{"embeddable":true,"href":"https:\/\/investnews.com.br\/inv-api\/wp\/v2\/users\/73"}],"replies":[{"embeddable":true,"href":"https:\/\/investnews.com.br\/inv-api\/wp\/v2\/comments?post=357112"}],"version-history":[{"count":34,"href":"https:\/\/investnews.com.br\/inv-api\/wp\/v2\/posts\/357112\/revisions"}],"predecessor-version":[{"id":367665,"href":"https:\/\/investnews.com.br\/inv-api\/wp\/v2\/posts\/357112\/revisions\/367665"}],"wp:featuredmedia":[{"embeddable":true,"href":"https:\/\/investnews.com.br\/inv-api\/wp\/v2\/media\/353977"}],"wp:attachment":[{"href":"https:\/\/investnews.com.br\/inv-api\/wp\/v2\/media?parent=357112"}],"wp:term":[{"taxonomy":"category","embeddable":true,"href":"https:\/\/investnews.com.br\/inv-api\/wp\/v2\/categories?post=357112"},{"taxonomy":"post_tag","embeddable":true,"href":"https:\/\/investnews.com.br\/inv-api\/wp\/v2\/tags?post=357112"},{"taxonomy":"autor-wsj","embeddable":true,"href":"https:\/\/investnews.com.br\/inv-api\/wp\/v2\/autor-wsj?post=357112"},{"taxonomy":"author","embeddable":true,"href":"https:\/\/investnews.com.br\/inv-api\/wp\/v2\/coauthors?post=357112"}],"curies":[{"name":"wp","href":"https:\/\/api.w.org\/{rel}","templated":true}]}}