{"id":357515,"date":"2022-08-22T16:08:45","date_gmt":"2022-08-22T19:08:45","guid":{"rendered":"https:\/\/investnews.com.br\/?p=357515"},"modified":"2022-08-22T18:42:01","modified_gmt":"2022-08-22T21:42:01","slug":"americanas-supera-os-r-14-bi-em-valor-de-mercado","status":"publish","type":"post","link":"https:\/\/investnews.com.br\/financas\/americanas-supera-os-r-14-bi-em-valor-de-mercado\/","title":{"rendered":"Americanas supera os R$ 14 bi em valor de mercado; a\u00e7\u00e3o sobe 22%"},"content":{"rendered":"\n<p>O destaque do preg\u00e3o desta segunda-feira (22) ficou por conta dos pap\u00e9is das <strong>Americanas <\/strong>que dispararam depois que a varejista anunciou que Sergio Rial, ex-presidente do Santander Brasil, ir\u00e1 liderar a empresa a partir do in\u00edcio de 2023. O valor de mercado da companhia na B3 avan\u00e7ou em mais de R$ 2 bilh\u00f5es, na compara\u00e7\u00e3o com o fechamento de sexta-feira, para R$ 14,477 bilh\u00f5es. <\/p>\n\n\n\n<p>As a\u00e7\u00f5es da estatal <strong>Petrobras <\/strong>tamb\u00e9m finalizaram em alta ap\u00f3s a companhia ter anunciado na sexta-feira o novo presidente do conselho de administra\u00e7\u00e3o. Enquanto isso, outras companhias do setor e as sider\u00fargicas finalizaram o dia em queda. <\/p>\n\n\n\n<p>Na esteira do an\u00fancio do pagamento de <a href=\"https:\/\/investnews.com.br\/guias\/dividendos-o-que-sao-como-funcionam\/\">dividendos<\/a>, a operadora de telefonia <strong>Telef\u00f4nica <\/strong>e o frigor\u00edfico <strong>Marfrig<\/strong> registraram recuo. <\/p>\n\n\n\n<p>Fora do Ibovespa, a fabricante de implementos rodovi\u00e1rios e autope\u00e7as <strong>Randon<\/strong>, que reportou balan\u00e7o financeiro do m\u00eas de julho, tamb\u00e9m teve queda. <em>Confira os destaques registrados no dia:<\/em><\/p>\n\n\n\n<h2 class=\"wp-block-heading\">Petrobras<\/h2>\n\n\n\n<p>A a\u00e7\u00e3o preferencial<strong>\u00a0<\/strong>da<strong> Petrobras<\/strong>\u00a0(<a rel=\"noreferrer noopener\" href=\"https:\/\/investnews.com.br\/cotacao\/petr3-petr4-petrobras\/\" target=\"_blank\" class=\"rank-math-link\">PETR4<\/a>) subiu 2,14%, para R$ 32,41, enquanto a ordin\u00e1ria (<a rel=\"noreferrer noopener\" href=\"https:\/\/investnews.com.br\/cotacao\/petr3-petr4-petrobras\/\" target=\"_blank\" class=\"rank-math-link\">PETR3) <\/a>avan\u00e7ou 1,59%, a R$ 35,87. A empresa informou na noite da sexta-feira (19) que sua Assembleia Geral Extraordin\u00e1ria aprovou o nome de Gileno Gurj\u00e3o Barreto para o cargo de presidente do Conselho de Administra\u00e7\u00e3o da companhia. O executivo \u00e9 o atual presidente do Serpro (Servi\u00e7o Federal de Processamento de Dados). <\/p>\n\n\n\n<p>A petrol\u00edfera tamb\u00e9m iniciou a fase n\u00e3o vinculante dos processos de venda de tr\u00eas refinarias.<\/p>\n\n\n\n<h2 class=\"wp-block-heading\">Commodities <\/h2>\n\n\n\n<p>O preg\u00e3o foi negativo para as sider\u00fargicas e para a mineradora Vale, mesmo ap\u00f3s os pre\u00e7os dos contratos futuros do min\u00e9rio de ferro encerrarem o preg\u00e3o da bolsa de Dalian, na China, em alta. A queda ocorreu ap\u00f3s o pa\u00eds asi\u00e1tico cortar as taxas de juros dos <a href=\"https:\/\/investnews.com.br\/geral\/5-fatos-china-corta-taxas-de-emprestimo-c6-mira-clientes-alta-renda\/\" class=\"rank-math-link\">empr\u00e9stimos<\/a> para dar apoio a economia local. <\/p>\n\n\n\n<h2 class=\"wp-block-heading\">Americanas<\/h2>\n\n\n\n<p>A\u00a0<a rel=\"noreferrer noopener\" href=\"https:\/\/investnews.com.br\/cotacao\/amer3-americanas\/\" target=\"_blank\">Americanas (AMER3)<\/a>\u00a0disparou 22,49%, para R$ 15,96. A empresa<a href=\"https:\/\/investnews.com.br\/geral\/ficou-sabendo-troca-de-comando-na-americanas-especuladores-compram-mais-reais\/\" class=\"rank-math-link\"> anunciou que o ex presidente-executivo do Santander Brasil <\/a>Sergio Rial ir\u00e1 assumir o grupo a partir do in\u00edcio do pr\u00f3ximo ano. \u00c9 a primeira troca no comando da companhia de varejo em duas d\u00e9cadas. <\/p>\n\n\n\n<p>Rial vai substituir Miguel Gutierrez que est\u00e1 na Americanas h\u00e1 quase 30 anos.<\/p>\n\n\n\n<p>Segundo informa\u00e7\u00f5es da Reuters, analistas do JPMorgan disseram que a not\u00edcia deve ser vista como positiva pelo mercado, dado o hist\u00f3rico de Rial em setores que enfrentam transforma\u00e7\u00e3o digital e a maior relev\u00e2ncia que a Ame, fintech da empresa, deve ganhar sob seu comando.<\/p>\n\n\n\n<p>O valor de mercado da companhia na B3 avan\u00e7ou em mais de R$ 2 bilh\u00f5es, na compara\u00e7\u00e3o com o fechamento de sexta-feira, para R$ 14,477 bilh\u00f5es. O volume financeiro movimentado pelo papel alcan\u00e7ou R$ 1 bilh\u00e3o, montante 317% maior ante o \u00faltimo preg\u00e3o. <\/p>\n\n\n\n<h2 class=\"wp-block-heading\">Telef\u00f4nica <\/h2>\n\n\n\n<p>A <strong>Telef\u00f4nica<\/strong>\u00a0<strong>Brasil\u00a0<\/strong>(<a rel=\"noreferrer noopener\" href=\"https:\/\/investnews.com.br\/cotacao\/vivt3-vivt4-telefonica-brasil\/\" target=\"_blank\">VIVT3<\/a>) terminou em queda de 0,09%, para R$ 44,33, depois de informar que seu conselho de administra\u00e7\u00e3o aprovou o pagamento de R$ 300 milh\u00f5es em juros sobre capital pr\u00f3prio.<\/p>\n\n\n\n<h2 class=\"wp-block-heading\">Marfrig <\/h2>\n\n\n\n<p>A\u00a0<strong>Marfrig<\/strong>\u00a0(<a rel=\"noreferrer noopener\" href=\"https:\/\/investnews.com.br\/cotacao\/mrfg3-marfrig\/\" target=\"_blank\">MRFG3<\/a>) registrou perda de 0,83%, R$ 14,63. A empresa comunicou ao mercado que vai pagar o valor final de R$ 0,757 por a\u00e7\u00e3o em dividendos em 15 de setembro.  <\/p>\n\n\n\n<h2 class=\"wp-block-heading\">Randon<\/h2>\n\n\n\n<p>A a\u00e7\u00e3o preferencial da Randon\u00a0<a rel=\"noreferrer noopener\" href=\"https:\/\/investnews.com.br\/cotacao\/rapt3-randon\/\" target=\"_blank\" class=\"rank-math-link\">(RAPT4)<\/a>\u00a0terminou com desvaloriza\u00e7\u00e3o de 0,75%, a R$ 10,52, ap\u00f3s a <a href=\"https:\/\/investnews.com.br\/guias\/receita-liquida-o-que-e\/\">receita l\u00edquida<\/a> consolidada avan\u00e7ar 16,8% em julho contra um ano antes, para R$ 953,8 milh\u00f5es. <\/p>\n\n\n\n<p><\/p>\n","protected":false},"excerpt":{"rendered":"<p>As a\u00e7\u00f5es da estatal Petrobras tamb\u00e9m finalizaram o dia em alta. <\/p>\n","protected":false},"author":53,"featured_media":342245,"comment_status":"closed","ping_status":"open","sticky":false,"template":"","format":"standard","meta":{"_acf_changed":false,"inline_featured_image":false,"footnotes":""},"categories":[4],"tags":[187,191,21,209],"autor-wsj":[],"coauthors":[2433],"class_list":["post-357515","post","type-post","status-publish","format-standard","has-post-thumbnail","hentry","category-financas","tag-lojas-americanas","tag-marfrig","tag-petrobras","tag-telefonica-brasil"],"acf":[],"amp_enabled":true,"_links":{"self":[{"href":"https:\/\/investnews.com.br\/inv-api\/wp\/v2\/posts\/357515","targetHints":{"allow":["GET"]}}],"collection":[{"href":"https:\/\/investnews.com.br\/inv-api\/wp\/v2\/posts"}],"about":[{"href":"https:\/\/investnews.com.br\/inv-api\/wp\/v2\/types\/post"}],"author":[{"embeddable":true,"href":"https:\/\/investnews.com.br\/inv-api\/wp\/v2\/users\/53"}],"replies":[{"embeddable":true,"href":"https:\/\/investnews.com.br\/inv-api\/wp\/v2\/comments?post=357515"}],"version-history":[{"count":20,"href":"https:\/\/investnews.com.br\/inv-api\/wp\/v2\/posts\/357515\/revisions"}],"predecessor-version":[{"id":357674,"href":"https:\/\/investnews.com.br\/inv-api\/wp\/v2\/posts\/357515\/revisions\/357674"}],"wp:featuredmedia":[{"embeddable":true,"href":"https:\/\/investnews.com.br\/inv-api\/wp\/v2\/media\/342245"}],"wp:attachment":[{"href":"https:\/\/investnews.com.br\/inv-api\/wp\/v2\/media?parent=357515"}],"wp:term":[{"taxonomy":"category","embeddable":true,"href":"https:\/\/investnews.com.br\/inv-api\/wp\/v2\/categories?post=357515"},{"taxonomy":"post_tag","embeddable":true,"href":"https:\/\/investnews.com.br\/inv-api\/wp\/v2\/tags?post=357515"},{"taxonomy":"autor-wsj","embeddable":true,"href":"https:\/\/investnews.com.br\/inv-api\/wp\/v2\/autor-wsj?post=357515"},{"taxonomy":"author","embeddable":true,"href":"https:\/\/investnews.com.br\/inv-api\/wp\/v2\/coauthors?post=357515"}],"curies":[{"name":"wp","href":"https:\/\/api.w.org\/{rel}","templated":true}]}}