{"id":357769,"date":"2022-08-23T09:53:33","date_gmt":"2022-08-23T12:53:33","guid":{"rendered":"https:\/\/investnews.com.br\/?p=357769"},"modified":"2024-04-30T17:10:43","modified_gmt":"2024-04-30T20:10:43","slug":"meis-podem-entrar-em-programa-de-credito-de-r-22-bi-do-bndes","status":"publish","type":"post","link":"https:\/\/investnews.com.br\/negocios\/meis-podem-entrar-em-programa-de-credito-de-r-22-bi-do-bndes\/","title":{"rendered":"MEIs podem entrar em programa de cr\u00e9dito de R$ 22 bi do BNDES"},"content":{"rendered":"\n<p>O <strong>Banco Nacional de Desenvolvimento Econ\u00f4mico e Social<\/strong> (<a href=\"https:\/\/investnews.com.br\/negocios\/bndes-e-tcu-convidam-orgaos-para-participar-de-rede-com-tecnologia-blockchain\/\" class=\"rank-math-link\">BNDES<\/a>) abriu nesta segunda-feira (22), nova fase do <strong>Programa Emergencial de Acesso a Cr\u00e9dito<\/strong> (Peac), linha de garantia de cr\u00e9dito para empresas de menor porte, principal medida da institui\u00e7\u00e3o contra a crise da pandemia, em 2020.<\/p>\n\n\n\n<p>Anunciada em junho, a segunda fase ter\u00e1 dura\u00e7\u00e3o at\u00e9 dezembro de 2023, com potencial de garantir at\u00e9 <strong>R$ 22 bilh\u00f5es em empr\u00e9stimos<\/strong>, concedidos por bancos comerciais. A novidade \u00e9 que o programa aceitar\u00e1 tamb\u00e9m<strong> microempreendedores individuais<\/strong> (<a href=\"https:\/\/investnews.com.br\/tag\/mei\/\" class=\"rank-math-link\">MEIs<\/a>), al\u00e9m de pequenas empresas. Ser\u00e3o admitidos empr\u00e9stimos a partir de R$ 1 mil.<\/p>\n\n\n\n<p>Na \u00faltima quinta-feira (18), o presidente do BNDES, <strong>Gustavo Montezano<\/strong>, disse que a experi\u00eancia do Peac mostrou que a figura do &#8220;fiador de cr\u00e9dito&#8221; para o &#8220;her\u00f3i nacional&#8221;, numa refer\u00eancia aos pequenos empres\u00e1rios, \u00e9 &#8220;muito eficiente&#8221;. Ele disse que at\u00e9 mesmo os pol\u00edticos constataram o sucesso do programa, pois a amplia\u00e7\u00e3o do cr\u00e9dito para pequenos neg\u00f3cios \u00e9 uma iniciativa que rende votos.<\/p>\n\n\n\n<figure class=\"wp-block-image size-large\"><img loading=\"lazy\" decoding=\"async\" width=\"1024\" height=\"638\" src=\"https:\/\/media.investnews.com.br\/uploads\/2022\/08\/2022-08-04T131100Z_1_LYNXMPEI730OP_RTROPTP_4_BRAZIL-POLITICS-BNDES-1024x638.jpg\" alt=\"\" class=\"wp-image-357771\" srcset=\"https:\/\/media.investnews.com.br\/uploads\/2022\/08\/2022-08-04T131100Z_1_LYNXMPEI730OP_RTROPTP_4_BRAZIL-POLITICS-BNDES-1024x638.jpg 1024w, https:\/\/media.investnews.com.br\/uploads\/2022\/08\/2022-08-04T131100Z_1_LYNXMPEI730OP_RTROPTP_4_BRAZIL-POLITICS-BNDES-300x187.jpg 300w, https:\/\/media.investnews.com.br\/uploads\/2022\/08\/2022-08-04T131100Z_1_LYNXMPEI730OP_RTROPTP_4_BRAZIL-POLITICS-BNDES-768x479.jpg 768w, https:\/\/media.investnews.com.br\/uploads\/2022\/08\/2022-08-04T131100Z_1_LYNXMPEI730OP_RTROPTP_4_BRAZIL-POLITICS-BNDES-1536x957.jpg 1536w, https:\/\/media.investnews.com.br\/uploads\/2022\/08\/2022-08-04T131100Z_1_LYNXMPEI730OP_RTROPTP_4_BRAZIL-POLITICS-BNDES-1256x783.jpg 1256w, https:\/\/media.investnews.com.br\/uploads\/2022\/08\/2022-08-04T131100Z_1_LYNXMPEI730OP_RTROPTP_4_BRAZIL-POLITICS-BNDES-172x107.jpg 172w, https:\/\/media.investnews.com.br\/uploads\/2022\/08\/2022-08-04T131100Z_1_LYNXMPEI730OP_RTROPTP_4_BRAZIL-POLITICS-BNDES-150x93.jpg 150w, https:\/\/media.investnews.com.br\/uploads\/2022\/08\/2022-08-04T131100Z_1_LYNXMPEI730OP_RTROPTP_4_BRAZIL-POLITICS-BNDES.jpg 2048w\" sizes=\"auto, (max-width: 1024px) 100vw, 1024px\" \/><figcaption class=\"wp-element-caption\">Logo do BNDES em frente \u00e0 sede do banco . REUTERS\/Sergio Moraes<\/figcaption><\/figure>\n\n\n\n<p>&#8220;A classe pol\u00edtica entendeu que, em vez de dar R$ 10 bilh\u00f5es para uma empresa grande ficar com o subs\u00eddio para ela, dar R$ 1 bilh\u00e3o para mil empresas pequenas \u00e9 mais desenvolvimento social, mais desenvolvimento econ\u00f4mico, e mais voto no fim do dia&#8221;, disse Montezano, durante um evento promovido pelo banco BTG Pactual, com transmiss\u00e3o pela internet.<\/p>\n\n\n\n<p>Ontem, o diretor de Participa\u00e7\u00f5es,<strong> Mercado de Capitais e Cr\u00e9dito Indireto<\/strong> do BNDES, <strong>Bruno Laskowsky<\/strong>, negou ao&nbsp;Estad\u00e3o&nbsp;qualquer inten\u00e7\u00e3o eleitoral na reabertura do Peac. Segundo o executivo, a nova fase do programa de garantia de cr\u00e9dito j\u00e1 vinha em gesta\u00e7\u00e3o havia tempos, incluindo a\u00ed discuss\u00f5es com os bancos comerciais que operam o programa.<\/p>\n\n\n\n<p>&#8220;Viemos conversando h\u00e1 muito tempo, n\u00e3o \u00e9 conjuntural. Quando definimos que a nossa estrat\u00e9gia no BNDES \u00e9 ampliar a acessibilidade de cr\u00e9dito para as PMEs (pequenas e m\u00e9dias empresas), h\u00e1 tr\u00eas anos, viemos conversando com o sistema (banc\u00e1rio) todo&#8221;, disse.<\/p>\n\n\n\n<p>De acordo com o executivo, a experi\u00eancia com a primeira fase do Peac serviu para desenvolver o sistema de integra\u00e7\u00e3o com os bancos comerciais que concedem os empr\u00e9stimos garantidos e para calibrar modelos de an\u00e1lise de risco. S\u00f3 que os cen\u00e1rios econ\u00f4micos de 2020 e de agora s\u00e3o diferentes.<\/p>\n\n\n\n<ul class=\"wp-block-list\">\n<li><strong><em>Veja tamb\u00e9m: qual o <\/em><\/strong><a href=\"https:\/\/investnews.com.br\/guias\/gmv\/\">significado de GMV<\/a><strong><em> e como calcular<\/em><\/strong><\/li>\n<\/ul>\n\n\n\n<h2 class=\"wp-block-heading\"><strong>Mudan\u00e7a de foco<\/strong><\/h2>\n\n\n\n<p>Na nova fase, o foco est\u00e1 na &#8220;for\u00e7a empreendedora&#8221; dos pequenos neg\u00f3cios, incluindo os MEIs, que precisam de financiamentos como &#8220;combust\u00edvel&#8221; para crescer. &#8220;Na rodada emergencial, o tema era uma crise de risco. Havia liquidez, mas ela ficou represada. A engenharia foi dar um seguro para os agentes (financeiros, ou seja, os bancos comerciais) se sentirem mais confort\u00e1veis para distribuir cr\u00e9dito&#8221;, disse o diretor do BNDES.<\/p>\n\n\n\n<p>Agora, a a\u00e7\u00e3o \u00e9 mais focada nos neg\u00f3cios realmente pequenos. &#8220;\u00c9 mais segmentado. O MEI, com os juros mais altos, a crise geopol\u00edtica (como a guerra na Ucr\u00e2nia), quest\u00f5es objetivas do Brasil (como a campanha eleitoral), tem mais dificuldade de pegar cr\u00e9dito no mercado&#8221;, afirmou Laskowsky.<\/p>\n\n\n\n<p>Na primeira fase, o Peac garantiu, at\u00e9 31 de dezembro de 2020, 135.720 empr\u00e9stimos, tomados por 114.355 empresas, no valor total de R$ 92,1 bilh\u00f5es. Os financiamentos foram concedidos por cerca de 40 bancos, com destaque para <strong>Ita\u00fa<\/strong> (<a rel=\"noreferrer noopener\" href=\"https:\/\/investnews.com.br\/cotacao\/itub3-itub4-itau-unibanco\/\" target=\"_blank\">ITUB3; ITUB4<\/a>) (com R$ 15,657 bilh\u00f5es), <strong>Bradesco<\/strong>&nbsp;(<a rel=\"noreferrer noopener\" href=\"https:\/\/investnews.com.br\/cotacao\/bbdc3-bbdc4-bradesco\/\" target=\"_blank\">BBDC3 e BBCD4<\/a>) (15,484 bilh\u00f5es) e <strong>Caixa<\/strong> (R$ 15,094 bilh\u00f5es).<\/p>\n\n\n\n<p>Embora emergencial, a medida atacou um problema estrutural do Brasil: as dificuldades enfrentadas pelos pequenos neg\u00f3cios para tomar empr\u00e9stimos. A falta de garantias para oferecer aos bancos &#8211; im\u00f3veis, f\u00e1bricas ou fian\u00e7as corporativas, entre outras &#8211; sempre foi apontada como um dos fatores por tr\u00e1s desse gargalo.<\/p>\n\n\n\n<p>Como resultado, as empresas pequenas t\u00eam empr\u00e9stimos negados ou, quando recebem sinal verde, os juros s\u00e3o elevados. Na pandemia, o problema poderia tornar in\u00f3cuas outras medidas de facilita\u00e7\u00e3o de financiamentos, causando o que economistas chamam de empo\u00e7amento.<\/p>\n\n\n\n<ul class=\"wp-block-list\">\n<li><strong><em>Fa\u00e7a o <\/em><\/strong><a href=\"https:\/\/investnews.com.br\/ferramentas\/calculadoras\/calculadora-de-salario-liquido\/\">c\u00e1lculo do sal\u00e1rio l\u00edquido<\/a><strong><em> online e gratuitamente<\/em><\/strong><\/li>\n<\/ul>\n","protected":false},"excerpt":{"rendered":"<p>Banco Nacional de Desenvolvimento Econ\u00f4mico e Social abriu nova fase do Programa Emergencial de Acesso a Cr\u00e9dito, que aceitar\u00e1 tamb\u00e9m  microempreendedores individuais.<\/p>\n","protected":false},"author":62,"featured_media":357770,"comment_status":"closed","ping_status":"open","sticky":false,"template":"","format":"standard","meta":{"_acf_changed":false,"inline_featured_image":false,"footnotes":""},"categories":[6],"tags":[307,42],"autor-wsj":[],"coauthors":[2499],"class_list":["post-357769","post","type-post","status-publish","format-standard","has-post-thumbnail","hentry","category-negocios","tag-bndespar","tag-credito"],"acf":[],"amp_enabled":true,"_links":{"self":[{"href":"https:\/\/investnews.com.br\/inv-api\/wp\/v2\/posts\/357769","targetHints":{"allow":["GET"]}}],"collection":[{"href":"https:\/\/investnews.com.br\/inv-api\/wp\/v2\/posts"}],"about":[{"href":"https:\/\/investnews.com.br\/inv-api\/wp\/v2\/types\/post"}],"author":[{"embeddable":true,"href":"https:\/\/investnews.com.br\/inv-api\/wp\/v2\/users\/62"}],"replies":[{"embeddable":true,"href":"https:\/\/investnews.com.br\/inv-api\/wp\/v2\/comments?post=357769"}],"version-history":[{"count":8,"href":"https:\/\/investnews.com.br\/inv-api\/wp\/v2\/posts\/357769\/revisions"}],"predecessor-version":[{"id":574714,"href":"https:\/\/investnews.com.br\/inv-api\/wp\/v2\/posts\/357769\/revisions\/574714"}],"wp:featuredmedia":[{"embeddable":true,"href":"https:\/\/investnews.com.br\/inv-api\/wp\/v2\/media\/357770"}],"wp:attachment":[{"href":"https:\/\/investnews.com.br\/inv-api\/wp\/v2\/media?parent=357769"}],"wp:term":[{"taxonomy":"category","embeddable":true,"href":"https:\/\/investnews.com.br\/inv-api\/wp\/v2\/categories?post=357769"},{"taxonomy":"post_tag","embeddable":true,"href":"https:\/\/investnews.com.br\/inv-api\/wp\/v2\/tags?post=357769"},{"taxonomy":"autor-wsj","embeddable":true,"href":"https:\/\/investnews.com.br\/inv-api\/wp\/v2\/autor-wsj?post=357769"},{"taxonomy":"author","embeddable":true,"href":"https:\/\/investnews.com.br\/inv-api\/wp\/v2\/coauthors?post=357769"}],"curies":[{"name":"wp","href":"https:\/\/api.w.org\/{rel}","templated":true}]}}