{"id":358544,"date":"2022-08-25T10:28:15","date_gmt":"2022-08-25T13:28:15","guid":{"rendered":"https:\/\/investnews.com.br\/?p=358544"},"modified":"2022-08-25T12:13:40","modified_gmt":"2022-08-25T15:13:40","slug":"revisao-mostra-contracao-economica-leve-nos-eua-no-2o-trimestre","status":"publish","type":"post","link":"https:\/\/investnews.com.br\/economia\/revisao-mostra-contracao-economica-leve-nos-eua-no-2o-trimestre\/","title":{"rendered":"Revis\u00e3o mostra contra\u00e7\u00e3o econ\u00f4mica leve nos EUA no 2\u00ba trimestre"},"content":{"rendered":"\n<p>A <strong>economia dos Estados Unidos<\/strong> contraiu a um ritmo mais moderado do que inicialmente se pensava no segundo trimestre, pois os gastos dos consumidores compensaram parte do peso decorrente de um ritmo mais lento de ac\u00famulo de estoques, dissipando o medo de que uma recess\u00e3o estivesse em andamento.<\/p>\n\n\n\n<p>O <strong>Produto Interno Bruto <\/strong>encolheu a uma taxa anualizada de 0,6% no \u00faltimo trimestre, disse o Departamento de Com\u00e9rcio em sua segunda estimativa do PIB nesta quinta-feira.<\/p>\n\n\n\n<p>O resultado representou uma revis\u00e3o para cima do ritmo de decl\u00ednio anteriormente estimado de 0,9%. A economia contraiu a uma taxa de 1,6% no primeiro trimestre<\/p>\n\n\n\n<p>Economistas consultados pela Reuters esperavam que o PIB fosse revisado ligeiramente para cima para mostrar queda de 0,8%.<\/p>\n\n\n\n<p>Embora as duas quedas trimestrais do PIB atendem \u00e0 defini\u00e7\u00e3o padr\u00e3o de uma <a class=\"rank-math-link\" href=\"https:\/\/investnews.com.br\/colunistas\/cenario\/sao-realmente-dias-de-recessao-nos-estados-unidos\/\">recess\u00e3o t\u00e9cnica<\/a>, medidas mais amplas da atividade econ\u00f4mica sugerem um ritmo lento de expans\u00e3o em vez de uma retra\u00e7\u00e3o.<\/p>\n\n\n\n<p>As <strong><a href=\"https:\/\/investnews.com.br\/economia\/vendas-no-varejo-dos-eua-ficam-estaveis-em-julho\/\" class=\"rank-math-link\">vendas no varejo<\/a> <\/strong>foram muito mais fortes do que inicialmente relatado em maio, e essa for\u00e7a persistiu at\u00e9 junho e julho. A produ\u00e7\u00e3o industrial atingiu um recorde em julho, enquanto os gastos empresariais com equipamentos foram s\u00f3lidos. O <strong>mercado de trabalho <\/strong>continua a gerar empregos em ritmo acelerado.<\/p>\n\n\n\n<p>A Ag\u00eancia Nacional de Pesquisa Econ\u00f4mica, \u00e1rbitro oficial das recess\u00f5es nos Estados Unidos, define uma recess\u00e3o como &#8220;um decl\u00ednio significativo na atividade econ\u00f4mica espalhado pela economia, durando mais de alguns meses, normalmente vis\u00edvel na produ\u00e7\u00e3o, emprego, renda real, e outros indicadores&#8221;.<\/p>\n\n\n\n<p>Mas o risco de uma recess\u00e3o tem aumentado \u00e0 medida que o Federal Reserve aumenta agressivamente a taxa de juros para esfriar a demanda a fim de conter a infla\u00e7\u00e3o, azedando tanto a confian\u00e7a empresarial quanto dos consumidores. O banco central dos Estados Unidos subiu sua taxa de juros em 225 pontos-base desde mar\u00e7o.<\/p>\n\n\n\n<p>O discurso do chair do Fed, Jerome Powell, na sexta-feira na confer\u00eancia anual de Jackson Hole pode esclarecer melhor se o banco central dos EUA pode engendrar uma desacelera\u00e7\u00e3o econ\u00f4mica sem desencadear uma recess\u00e3o.<\/p>\n\n\n\n<p>O mercado de trabalho \u00e9 uma pe\u00e7a importante desse quebra-cabe\u00e7as. Embora setores sens\u00edveis aos juros, como a habita\u00e7\u00e3o e tecnologia, estejam demitindo trabalhadores, cortes amplos de empregos ainda n\u00e3o se materializaram, deixando o mercado de trabalho em geral apertado.<\/p>\n\n\n\n<p>Um relat\u00f3rio separado do Departamento do Trabalho nesta quinta-feira mostrou que os pedidos iniciais de aux\u00edlio-desemprego ca\u00edram em 2.000, para 243.000, na semana encerrada em 20 de agosto. Os pedidos t\u00eam ficado em torno de 250.000 desde que atingiram um pico de 261.000 em meados de julho.<\/p>\n\n\n\n<p>A<strong> taxa de desemprego<\/strong> caiu para uma m\u00ednima pr\u00e9-pandemia de 3,5% em julho, contra 3,6% em junho. Havia 10,7 milh\u00f5es de vagas de emprego abertas no final de junho, com 1,8 vaga para cada trabalhador desempregado.<\/p>\n","protected":false},"excerpt":{"rendered":"<p>O Produto Interno Bruto do pa\u00eds encolheu a uma taxa anualizada de 0,6% no \u00faltimo trimestre, aponta a segunda pr\u00e9via.<\/p>\n","protected":false},"author":61,"featured_media":358574,"comment_status":"closed","ping_status":"open","sticky":false,"template":"","format":"standard","meta":{"_acf_changed":false,"inline_featured_image":false,"footnotes":""},"categories":[5],"tags":[499,78,53],"autor-wsj":[],"coauthors":[2494],"class_list":["post-358544","post","type-post","status-publish","format-standard","has-post-thumbnail","hentry","category-economia","tag-economia","tag-estados-unidos","tag-pib"],"acf":[],"amp_enabled":true,"_links":{"self":[{"href":"https:\/\/investnews.com.br\/inv-api\/wp\/v2\/posts\/358544","targetHints":{"allow":["GET"]}}],"collection":[{"href":"https:\/\/investnews.com.br\/inv-api\/wp\/v2\/posts"}],"about":[{"href":"https:\/\/investnews.com.br\/inv-api\/wp\/v2\/types\/post"}],"author":[{"embeddable":true,"href":"https:\/\/investnews.com.br\/inv-api\/wp\/v2\/users\/61"}],"replies":[{"embeddable":true,"href":"https:\/\/investnews.com.br\/inv-api\/wp\/v2\/comments?post=358544"}],"version-history":[{"count":9,"href":"https:\/\/investnews.com.br\/inv-api\/wp\/v2\/posts\/358544\/revisions"}],"predecessor-version":[{"id":358584,"href":"https:\/\/investnews.com.br\/inv-api\/wp\/v2\/posts\/358544\/revisions\/358584"}],"wp:featuredmedia":[{"embeddable":true,"href":"https:\/\/investnews.com.br\/inv-api\/wp\/v2\/media\/358574"}],"wp:attachment":[{"href":"https:\/\/investnews.com.br\/inv-api\/wp\/v2\/media?parent=358544"}],"wp:term":[{"taxonomy":"category","embeddable":true,"href":"https:\/\/investnews.com.br\/inv-api\/wp\/v2\/categories?post=358544"},{"taxonomy":"post_tag","embeddable":true,"href":"https:\/\/investnews.com.br\/inv-api\/wp\/v2\/tags?post=358544"},{"taxonomy":"autor-wsj","embeddable":true,"href":"https:\/\/investnews.com.br\/inv-api\/wp\/v2\/autor-wsj?post=358544"},{"taxonomy":"author","embeddable":true,"href":"https:\/\/investnews.com.br\/inv-api\/wp\/v2\/coauthors?post=358544"}],"curies":[{"name":"wp","href":"https:\/\/api.w.org\/{rel}","templated":true}]}}