{"id":358610,"date":"2022-08-26T05:00:39","date_gmt":"2022-08-26T08:00:39","guid":{"rendered":"https:\/\/investnews.com.br\/?p=358610"},"modified":"2022-08-26T12:21:59","modified_gmt":"2022-08-26T15:21:59","slug":"economia-na-ucrania-deve-levar-ate-uma-decada-para-se-recuperar-da-guerra","status":"publish","type":"post","link":"https:\/\/investnews.com.br\/economia\/economia-na-ucrania-deve-levar-ate-uma-decada-para-se-recuperar-da-guerra\/","title":{"rendered":"Economia na Ucr\u00e2nia deve levar at\u00e9 uma d\u00e9cada para se recuperar da guerra"},"content":{"rendered":"\n<p>Desde o <a href=\"https:\/\/investnews.com.br\/boletim-investnews\/quais-podem-ser-as-consequencias-da-guerra-na-ucrania-professor-explica\/\" class=\"rank-math-link\">in\u00edcio da guerra na Ucr\u00e2nia<\/a>, que completou seis meses na quarta-feira (24), mais de 6,8 milh\u00f5es de pessoas se refugiaram da zona bombardeada para outros pa\u00edses da Europa, de acordo com a Ag\u00eancia da ONU para Refugiados (ACNUR). Especialistas explicam que esse movimento gera forte impacto econ\u00f4mico para o territ\u00f3rio ucraniano e que n\u00e3o h\u00e1 perspectivas de solu\u00e7\u00e3o no curto prazo.\u00a0Na verdade, pode demorar <strong>at\u00e9 uma d\u00e9cada. <\/strong><\/p>\n\n\n\n<p>Para Idean Alves, s\u00f3cio e chefe da mesa de opera\u00e7\u00f5es da A\u00e7\u00e3o Brasil Investimentos, essa evas\u00e3o de pessoas da Ucr\u00e2nia afeta significativamente os \u00edndices de crescimento e produ\u00e7\u00e3o do pa\u00eds, o que tende a provocar<strong> diminui\u00e7\u00e3o de demandas no curto e m\u00e9dio prazo<\/strong> e, consequentemente, afetar a<strong> oferta e o consumo de produtos<\/strong> produzidos e utilizados no pa\u00eds. Ou seja, h\u00e1<strong> quebra na cadeia produtiva <\/strong>e baixo crescimento interno.\u00a0<\/p>\n\n\n\n<p>Al\u00e9m disso, segundo ele, isso trar\u00e1<strong> reflexos no longo prazo<\/strong>. &#8220;Toda essa instabilidade e expectativa menor de consumo pode afastar novos investimentos no pa\u00eds por parte dos investidores estrangeiros e dos empres\u00e1rios locais, pois tudo que o capital de investimento n\u00e3o gosta \u00e9 da inseguran\u00e7a sobre o retorno futuro&#8221;, comenta.<\/p>\n\n\n\n<p>J\u00e1 Ahmed El Khatib, coordenador do Instituto de Finan\u00e7as da Funda\u00e7\u00e3o Escola de Com\u00e9rcio \u00c1lvares Penteado (FECAP), explica que o cen\u00e1rio de<strong> destrui\u00e7\u00e3o nas principais \u00e1reas de log\u00edstica <\/strong>do pa\u00eds \u00e9 um dos fatores que mais prejudica o processo de exporta\u00e7\u00e3o, que era o que sustentava, basicamente, a economia ucraniana.<\/p>\n\n\n\n<p>Ele ainda acrescenta que &#8220;com isso tudo destru\u00eddo, n\u00e3o faz sentido que as pessoas retornem para reconstruir seus caminhos, suas vidas. N\u00e3o \u00e9 um cen\u00e1rio favor\u00e1vel para que os imigrantes retornem. Na aus\u00eancia de seguran\u00e7a, eles preferem ficar em outros pa\u00edses&#8221;, o que \u00e9 ainda mais prejudicial para o crescimento da economia local.&nbsp;<\/p>\n\n\n\n<p>Alves, da A\u00e7\u00e3o Brasil Investimentos, acredita que quando a guerra acabar &#8220;a Ucr\u00e2nia vai passar por um per\u00edodo de reconstru\u00e7\u00e3o, muito provavelmente<strong> ajudada e financiada pelas principais economias da Europa<\/strong>, o que levar\u00e1 tempo e, principalmente, representar\u00e1 um grande atraso aos grandes avan\u00e7os que ela veio conquistando ao longo dos \u00faltimos anos&#8221;.<\/p>\n\n\n\n<p>Para ele, o pa\u00eds precisar\u00e1 &#8220;ofertar muitos incentivos para<strong> <\/strong>atrair novamente capital, principalmente o estrangeiro&#8221; e que s\u00f3 assim conseguir\u00e1 se reerguer nesta d\u00e9cada. Caso contr\u00e1rio, a Ucr\u00e2nia lembrar\u00e1 mais um &#8220;pa\u00eds da antiga Uni\u00e3o Sovi\u00e9tica, como j\u00e1 foi. S\u00f3 que agora n\u00e3o como um dos mais ricos e sim como<strong> um pa\u00eds que depender\u00e1 do investidor estrangeiro,<\/strong> o que a longo prazo n\u00e3o deve ser a \u00fanica op\u00e7\u00e3o para um pa\u00eds que busca se reconstruir&#8221;.&nbsp;<\/p>\n\n\n\n<p>Do mesmo modo, El Khatib, da FECAP, menciona que, pensando num resgate \u00e0 normalidade, talvez a Ucr\u00e2nia precise de alguns <strong>anos ou at\u00e9 uma d\u00e9cada<\/strong> para isso acontecer.&nbsp;<\/p>\n\n\n\n<p>&#8220;Eu acredito que os pr\u00f3ximos passos sejam captar recursos para reconstru\u00e7\u00e3o do pa\u00eds&#8230; E em um segundo momento trazer de volta esses imigrantes, se \u00e9 que eles v\u00e3o ter interesse de retornar ao pa\u00eds por conta da instabilidade&#8221;, comenta.&nbsp;<\/p>\n\n\n\n<h2 class=\"wp-block-heading\"><strong>O que acontece com as economias que recebem refugiados da Ucr\u00e2nia?&nbsp;<\/strong><\/h2>\n\n\n\n<p>De acordo com a ACNUR, 44 pa\u00edses da Europa receberam refugiados ucranianos. Hungria, Pol\u00f4nia, Rep\u00fablica da Mold\u00e1via, Rom\u00eania e Eslov\u00e1quia foram os principais a abrigarem os imigrantes.\u00a0<\/p>\n\n\n\n<p>Para as economias que &#8220;abriram as portas&#8221;, segundo Alves, da A\u00e7\u00e3o Brasil Investimentos, um dos principais impactos \u00e9 no mercado de trabalho. Isso por causa do <strong>aumento da oferta de m\u00e3o de obra<\/strong> \u2013 o que pode elevar a capacidade de produ\u00e7\u00e3o do pa\u00eds, mas pode trazer uma competi\u00e7\u00e3o com o trabalhador local por vagas n\u00e3o t\u00e3o qualificadas.\u00a0<\/p>\n\n\n\n<p>Al\u00e9m dessa quest\u00e3o econ\u00f4mica, para ele h\u00e1 outros pontos que afetam as na\u00e7\u00f5es. &#8220;Por mais que os pa\u00edses aceitem receber imigrantes \u2013 a fim de ajudar a aliviar as consequ\u00eancias da guerra \u2013, tem o fato de que isso est\u00e1 afetando o bom funcionamento desses territ\u00f3rios em rela\u00e7\u00e3o \u00e0 qualidade de vida, olhando do ponto de vista de <strong>transporte, sa\u00fade, limpeza p\u00fablica, emprego e renda<\/strong>\u201d.<\/p>\n\n\n\n<p>El Khatib, da FECAP, sinaliza que, quando os pa\u00edses aceitam receber imigrantes, de certa forma precisam se preparar para isso, o que quer dizer que h\u00e1 uma destina\u00e7\u00e3o de renda para os casos. Portanto, decis\u00f5es or\u00e7ament\u00e1rias devem ser tomadas, o que \u00e0s vezes pode ser mais simples e outras vezes n\u00e3o.&nbsp;<\/p>\n\n\n\n<h2 class=\"wp-block-heading\"><strong>Quando o conflito ir\u00e1 acabar?<\/strong><\/h2>\n\n\n\n<figure class=\"wp-block-image size-large\"><img decoding=\"async\" src=\"https:\/\/media.investnews.com.br\/uploads\/2022\/03\/2022-03-14T140705Z_1_LYNXNPEI2D0PL_RTROPTP_4_UCRANIA-CRISE-ONU-BAIXASCIVIS14MAR-1024x683.jpg\" alt=\"\" class=\"wp-image-312395\"\/><figcaption>Equipes de resgate trabalham perto de pr\u00e9dio atingido por ataque a\u00e9reo em Kharkiv, na Ucr\u00e2nia\n14\/03\/2022 REUTERS\/Vitalii Hnidyi<\/figcaption><\/figure>\n\n\n\n<p>&#8220;Na situa\u00e7\u00e3o atual, algu\u00e9m ter\u00e1 que ceder para que essa guerra n\u00e3o se prolongue por anos e anos, como acontece no Oriente M\u00e9dio, e cause ainda mais destrui\u00e7\u00e3o, n\u00e3o s\u00f3 econ\u00f4mica, mas social. Ao que tudo indica, nenhum dos lados pretende ceder agora, ent\u00e3o<strong> \u00e9 palp\u00e1vel imaginar que esse conflito se prolongue at\u00e9 2023, pelo menos<\/strong>\u201d, \u00e9 o que diz Alves, da A\u00e7\u00e3o Brasil Investimentos.<\/p>\n\n\n\n<p>Para ele, a maior preocupa\u00e7\u00e3o da continuidade da guerra, pensando na<strong> economia global<\/strong>, ainda \u00e9 a <strong>influ\u00eancia da alta dos pre\u00e7os das <a href=\"https:\/\/investnews.com.br\/guias\/commodities-o-que-sao\/\">commodities<\/a><\/strong>, que novamente podem causar um grande alvoro\u00e7o de <a href=\"https:\/\/investnews.com.br\/economia\/inflacao-no-mundo\/\" class=\"rank-math-link\">infla\u00e7\u00e3o no mundo<\/a>, como causaram logo no come\u00e7o da guerra.\u00a0<\/p>\n\n\n\n<p>&#8220;Caso isso aconte\u00e7a, o mundo todo se ver\u00e1 ainda mais pressionado para ajudar a tentar solucionar esse conflito, face o <strong>risco do aumento de juros<\/strong> que ainda est\u00e1 sendo feito pelas principais economias do mundo, que tem que ser mantido por um per\u00edodo ainda maior, o que geraria uma <strong>recess\u00e3o prolongada<\/strong>, que poderia desencadear uma depress\u00e3o econ\u00f4mica. N\u00e3o \u00e9 o cen\u00e1rio base, mas <strong>\u00e9 algo que o investidor deve ter no radar<\/strong>\u201d, pontua.<\/p>\n\n\n\n<p>J\u00e1 El Khatib, da FECAP, comenta que n\u00e3o acredita que haver\u00e1 uma sa\u00edda pac\u00edfica para esse conflito. &#8220;H\u00e1 um interesse muito forte da R\u00fassia em permanecer em territ\u00f3rio ucraniano&#8230; pensando numa normalidade onde, por exemplo, a Ucr\u00e2nia ceda \u00e0s ascens\u00f5es russas, eu imagino que haver\u00e1 uma nova ordem interna. Ou seja, uma migra\u00e7\u00e3o de exporta\u00e7\u00e3o direcionando recursos mais para R\u00fassia do que para outros pa\u00edses, que haja um efeito na economia sobre o que pensa o presidente russo&#8221;.&nbsp;<\/p>\n\n\n\n<h2 class=\"wp-block-heading\"><strong>Quem s\u00e3o as pessoas que sa\u00edram da Ucr\u00e2nia?&nbsp;<\/strong><\/h2>\n\n\n\n<p>Uma pesquisa da ACNUR, realizada em sete pa\u00edses da Europa que receberam refugiados da Ucr\u00e2nia, com pouco mais de 23 mil entrevistados, divulgou o perfil das pessoas que migraram da regi\u00e3o atacada. <\/p>\n\n\n\n<p>Dos respondentes, 99% tinham nacionalidade ucraniana, 86% eram mulheres, 45% estavam na faixa et\u00e1ria de 35 a 59 anos, 47% tinham ensino superior e 81% estavam empregados antes de sair do pa\u00eds.&nbsp;<\/p>\n","protected":false},"excerpt":{"rendered":"<p>Para especialistas, problemas econ\u00f4micos e migra\u00e7\u00e3o de pessoas n\u00e3o ser\u00e3o resolvidos no curto prazo. <\/p>\n","protected":false},"author":51,"featured_media":309189,"comment_status":"closed","ping_status":"open","sticky":false,"template":"","format":"standard","meta":{"_acf_changed":false,"inline_featured_image":false,"footnotes":""},"categories":[5],"tags":[499,974],"autor-wsj":[],"coauthors":[2425],"class_list":["post-358610","post","type-post","status-publish","format-standard","has-post-thumbnail","hentry","category-economia","tag-economia","tag-russia"],"acf":[],"amp_enabled":true,"_links":{"self":[{"href":"https:\/\/investnews.com.br\/inv-api\/wp\/v2\/posts\/358610","targetHints":{"allow":["GET"]}}],"collection":[{"href":"https:\/\/investnews.com.br\/inv-api\/wp\/v2\/posts"}],"about":[{"href":"https:\/\/investnews.com.br\/inv-api\/wp\/v2\/types\/post"}],"author":[{"embeddable":true,"href":"https:\/\/investnews.com.br\/inv-api\/wp\/v2\/users\/51"}],"replies":[{"embeddable":true,"href":"https:\/\/investnews.com.br\/inv-api\/wp\/v2\/comments?post=358610"}],"version-history":[{"count":51,"href":"https:\/\/investnews.com.br\/inv-api\/wp\/v2\/posts\/358610\/revisions"}],"predecessor-version":[{"id":359069,"href":"https:\/\/investnews.com.br\/inv-api\/wp\/v2\/posts\/358610\/revisions\/359069"}],"wp:featuredmedia":[{"embeddable":true,"href":"https:\/\/investnews.com.br\/inv-api\/wp\/v2\/media\/309189"}],"wp:attachment":[{"href":"https:\/\/investnews.com.br\/inv-api\/wp\/v2\/media?parent=358610"}],"wp:term":[{"taxonomy":"category","embeddable":true,"href":"https:\/\/investnews.com.br\/inv-api\/wp\/v2\/categories?post=358610"},{"taxonomy":"post_tag","embeddable":true,"href":"https:\/\/investnews.com.br\/inv-api\/wp\/v2\/tags?post=358610"},{"taxonomy":"autor-wsj","embeddable":true,"href":"https:\/\/investnews.com.br\/inv-api\/wp\/v2\/autor-wsj?post=358610"},{"taxonomy":"author","embeddable":true,"href":"https:\/\/investnews.com.br\/inv-api\/wp\/v2\/coauthors?post=358610"}],"curies":[{"name":"wp","href":"https:\/\/api.w.org\/{rel}","templated":true}]}}