{"id":359398,"date":"2022-08-29T09:47:06","date_gmt":"2022-08-29T12:47:06","guid":{"rendered":"https:\/\/investnews.com.br\/?p=359398"},"modified":"2024-06-24T11:05:11","modified_gmt":"2024-06-24T14:05:11","slug":"mercados-caem-em-reacao-ao-discurso-do-fed","status":"publish","type":"post","link":"https:\/\/investnews.com.br\/financas\/mercados-caem-em-reacao-ao-discurso-do-fed\/","title":{"rendered":"Mercados caem em rea\u00e7\u00e3o ao discurso do Fed"},"content":{"rendered":"\n<figure class=\"wp-block-embed-spotify wp-block-embed is-type-rich is-provider-spotify wp-embed-aspect-21-9 wp-has-aspect-ratio\"><div class=\"wp-block-embed__wrapper\">\n<iframe title=\"Spotify Embed: Morning Call 29\/08\/22: Mercados caem em rea\u00e7\u00e3o ao discurso do Fed\" style=\"border-radius: 12px\" width=\"100%\" height=\"152\" frameborder=\"0\" allowfullscreen allow=\"autoplay; clipboard-write; encrypted-media; fullscreen; picture-in-picture\" loading=\"lazy\" src=\"https:\/\/open.spotify.com\/embed\/episode\/6JQTECtPyFwfWmGzhXyxbR?si=a079e9d18efd4d62&#038;utm_source=oembed\"><\/iframe>\n<\/div><\/figure>\n\n\n\n<p>Nesta segunda-feira, a maioria dos mercados asi\u00e1ticos registraram quedas significativas em rea\u00e7\u00e3o ao discurso do presidente do Banco Central dos EUA, Jerome Powell, na sexta-feira, quando afirmou que o BC deve elevar os juros na medida necess\u00e1ria para que a infla\u00e7\u00e3o esteja controlada mesmo que isso afete o crescimento econ\u00f4mico, aumentando a expectativa tamb\u00e9m por altas de 0,75 p.p. nos juros para as pr\u00f3ximas reuni\u00f5es. <br><br>O \u00edndice Nikkei encerrou o preg\u00e3o com queda de 2,66%, o sul coreano KOSPI com queda de 2,18%, o Taiwex de Taiwan com queda de 2,31%, o Hang Seng com -0,73% enquanto os \u00edndices chineses tiveram um desempenho melhor com a not\u00edcia da retomada do fornecimento de energia em regi\u00f5es afetadas pela crise energ\u00e9tica e clim\u00e1tica que afetou o funcionamento de ind\u00fastrias nas \u00faltimas semanas. O principal \u00edndice, de Shanghai, teve ganhos de +0,14%.<br><br>Na Europa, com a agenda de dados econ\u00f4micos vazia, os mercados seguem o mesmo rumo em queda em um dia sem negocia\u00e7\u00f5es da bolsa brit\u00e2nica devido ao feriado hoje. Os principais \u00edndices registravam perdas como o alem\u00e3o DAX com -1,34%, o espanhol IBEX com -1,41%, o franc\u00eas CAC com -1,91% e o \u00edndice Euro Stoxx com -1,79%.<\/p>\n\n\n\n<p><strong>Proje\u00e7\u00f5es para <a href=\"https:\/\/investnews.com.br\/guias\/o-que-e-ipca\/\">IPCA<\/a> caem ap\u00f3s divulga\u00e7\u00e3o do IPCA-15<\/strong><\/p>\n\n\n\n<p>Uma semana ap\u00f3s a divulga\u00e7\u00e3o do\u00a0<a rel=\"noreferrer noopener\" target=\"_blank\" href=\"https:\/\/www.google.com\/url?sa=t&amp;rct=j&amp;q=&amp;esrc=s&amp;source=web&amp;cd=&amp;cad=rja&amp;uact=8&amp;ved=2ahUKEwj14ND8-Ov5AhWQuZUCHb2FAHEQFnoECAgQAQ&amp;url=https%3A%2F%2Finvestnews.com.br%2Feconomia%2Fipca-15-cai-073-em-agosto-diz-ibge%2F&amp;usg=AOvVaw2TtBULwJ4VhHx9vIsTfPgh\">IPCA-15<\/a>, as proje\u00e7\u00f5es para infla\u00e7\u00e3o divulgadas hoje (29) do relat\u00f3rio Focus foram reajustadas. A expectativa para agosto passa de -0,26% para -0,31%, de setembro de 0,39% para 0,33% enquanto o IPCA em 12 meses esperado para o fim de 2022 passa de 6,82% para 6,7%. J\u00e1 no site da Associa\u00e7\u00e3o Brasileira das Entidades dos Mercados de Capitais (ANBIMA), a proje\u00e7\u00e3o para o IPCA de agosto passou de -0,23% para -0,33%.<\/p>\n","protected":false},"excerpt":{"rendered":"<p>Mercados apresentam rea\u00e7\u00e3o negativa ao discurso do Fed onde foi afirmado que os juros devem ser elevados a fim de controlar a infla\u00e7\u00e3o mesmo que isso tenha um custo na economia dos EUA.<\/p>\n","protected":false},"author":56,"featured_media":233295,"comment_status":"closed","ping_status":"open","sticky":false,"template":"","format":"standard","meta":{"_acf_changed":false,"inline_featured_image":false,"footnotes":""},"categories":[4],"tags":[479,52],"autor-wsj":[],"coauthors":[2470],"class_list":["post-359398","post","type-post","status-publish","format-standard","has-post-thumbnail","hentry","category-financas","tag-fed","tag-inflacao"],"acf":[],"amp_enabled":true,"_links":{"self":[{"href":"https:\/\/investnews.com.br\/inv-api\/wp\/v2\/posts\/359398","targetHints":{"allow":["GET"]}}],"collection":[{"href":"https:\/\/investnews.com.br\/inv-api\/wp\/v2\/posts"}],"about":[{"href":"https:\/\/investnews.com.br\/inv-api\/wp\/v2\/types\/post"}],"author":[{"embeddable":true,"href":"https:\/\/investnews.com.br\/inv-api\/wp\/v2\/users\/56"}],"replies":[{"embeddable":true,"href":"https:\/\/investnews.com.br\/inv-api\/wp\/v2\/comments?post=359398"}],"version-history":[{"count":15,"href":"https:\/\/investnews.com.br\/inv-api\/wp\/v2\/posts\/359398\/revisions"}],"predecessor-version":[{"id":359422,"href":"https:\/\/investnews.com.br\/inv-api\/wp\/v2\/posts\/359398\/revisions\/359422"}],"wp:featuredmedia":[{"embeddable":true,"href":"https:\/\/investnews.com.br\/inv-api\/wp\/v2\/media\/233295"}],"wp:attachment":[{"href":"https:\/\/investnews.com.br\/inv-api\/wp\/v2\/media?parent=359398"}],"wp:term":[{"taxonomy":"category","embeddable":true,"href":"https:\/\/investnews.com.br\/inv-api\/wp\/v2\/categories?post=359398"},{"taxonomy":"post_tag","embeddable":true,"href":"https:\/\/investnews.com.br\/inv-api\/wp\/v2\/tags?post=359398"},{"taxonomy":"autor-wsj","embeddable":true,"href":"https:\/\/investnews.com.br\/inv-api\/wp\/v2\/autor-wsj?post=359398"},{"taxonomy":"author","embeddable":true,"href":"https:\/\/investnews.com.br\/inv-api\/wp\/v2\/coauthors?post=359398"}],"curies":[{"name":"wp","href":"https:\/\/api.w.org\/{rel}","templated":true}]}}