{"id":359438,"date":"2022-08-29T10:26:01","date_gmt":"2022-08-29T13:26:01","guid":{"rendered":"https:\/\/investnews.com.br\/?p=359438"},"modified":"2022-08-29T10:46:14","modified_gmt":"2022-08-29T13:46:14","slug":"petrobras-nega-ter-recusado-proposta-pela-braskem","status":"publish","type":"post","link":"https:\/\/investnews.com.br\/negocios\/petrobras-nega-ter-recusado-proposta-pela-braskem\/","title":{"rendered":"Petrobras nega ter recusado proposta pela Braskem"},"content":{"rendered":"\n<p> A\u00a0<strong>Petrobras<\/strong>\u00a0(<a href=\"https:\/\/investnews.com.br\/cotacao\/petr3-petroleo-brasileiro-petrobras\/\" class=\"rank-math-link\">PETR3<\/a>, <a href=\"https:\/\/investnews.com.br\/cotacao\/petr3-petroleo-brasileiro-petrobras\/\" class=\"rank-math-link\">PETR4<\/a>)\u00a0divulgou comunicado ao mercado no domingo (28) informando que nega not\u00edcias veiculadas na m\u00eddia referentes ao processo de desinvestimento da <strong>Braskem<\/strong> (<a class=\"rank-math-link\" href=\"https:\/\/investnews.com.br\/cotacao\/brkm3-brkm5-braskem\/\">BRKM5<\/a>). <\/p>\n\n\n\n<p>Na mesma data, o colunista Lauro Jardim, do jornal O Globo, informou que a companhia teria recusado formalmente a oferta feita pelo banco <strong>BTG<\/strong> (<a href=\"https:\/\/investnews.com.br\/cotacao\/bpac11-btgp-banco\/\">BPAC11<\/a>).<\/p>\n\n\n\n<p>No documento, a Petrobras afirmou que \u201csua participa\u00e7\u00e3o na Braskem faz parte da carteira de ativos \u00e0 venda pela companhia, conforme divulgado no Plano Estrat\u00e9gico 2022-2026\u201d. <\/p>\n\n\n\n<p>A estatal afirmou ainda que n\u00e3o est\u00e1 conduzindo nenhuma estrutura\u00e7\u00e3o de opera\u00e7\u00e3o de venda no mercado privado. <\/p>\n\n\n\n<figure class=\"wp-block-image size-large\"><img decoding=\"async\" src=\"https:\/\/media.investnews.com.br\/uploads\/2021\/09\/2021-09-08T122622Z_1_LYNXMPEH870MO_RTROPTP_4_ENERGIA-PETROBRAS-RESGATE-1024x662.jpg\" alt=\"imagem decorativa: Petrobras\" class=\"wp-image-274565\"\/><figcaption>Pr\u00e9dio da Petrobras no Rio de Janeiro. Cr\u00e9dito: REUTERS\/Sergio Moraes<\/figcaption><\/figure>\n\n\n\n<p><\/p>\n","protected":false},"excerpt":{"rendered":"<p>Segundo a estatal, a manifesta\u00e7\u00e3o acontece ap\u00f3s not\u00edcias veiculadas<br \/>\nreferentes ao processo de desinvestimento da petroqu\u00edmica.<\/p>\n","protected":false},"author":36,"featured_media":274565,"comment_status":"closed","ping_status":"open","sticky":false,"template":"","format":"standard","meta":{"_acf_changed":false,"inline_featured_image":false,"footnotes":""},"categories":[6],"tags":[161,21],"autor-wsj":[],"coauthors":[2269],"class_list":["post-359438","post","type-post","status-publish","format-standard","has-post-thumbnail","hentry","category-negocios","tag-braskem","tag-petrobras"],"acf":[],"amp_enabled":true,"_links":{"self":[{"href":"https:\/\/investnews.com.br\/inv-api\/wp\/v2\/posts\/359438","targetHints":{"allow":["GET"]}}],"collection":[{"href":"https:\/\/investnews.com.br\/inv-api\/wp\/v2\/posts"}],"about":[{"href":"https:\/\/investnews.com.br\/inv-api\/wp\/v2\/types\/post"}],"author":[{"embeddable":true,"href":"https:\/\/investnews.com.br\/inv-api\/wp\/v2\/users\/36"}],"replies":[{"embeddable":true,"href":"https:\/\/investnews.com.br\/inv-api\/wp\/v2\/comments?post=359438"}],"version-history":[{"count":21,"href":"https:\/\/investnews.com.br\/inv-api\/wp\/v2\/posts\/359438\/revisions"}],"predecessor-version":[{"id":359478,"href":"https:\/\/investnews.com.br\/inv-api\/wp\/v2\/posts\/359438\/revisions\/359478"}],"wp:featuredmedia":[{"embeddable":true,"href":"https:\/\/investnews.com.br\/inv-api\/wp\/v2\/media\/274565"}],"wp:attachment":[{"href":"https:\/\/investnews.com.br\/inv-api\/wp\/v2\/media?parent=359438"}],"wp:term":[{"taxonomy":"category","embeddable":true,"href":"https:\/\/investnews.com.br\/inv-api\/wp\/v2\/categories?post=359438"},{"taxonomy":"post_tag","embeddable":true,"href":"https:\/\/investnews.com.br\/inv-api\/wp\/v2\/tags?post=359438"},{"taxonomy":"autor-wsj","embeddable":true,"href":"https:\/\/investnews.com.br\/inv-api\/wp\/v2\/autor-wsj?post=359438"},{"taxonomy":"author","embeddable":true,"href":"https:\/\/investnews.com.br\/inv-api\/wp\/v2\/coauthors?post=359438"}],"curies":[{"name":"wp","href":"https:\/\/api.w.org\/{rel}","templated":true}]}}