{"id":359878,"date":"2022-08-30T09:47:48","date_gmt":"2022-08-30T12:47:48","guid":{"rendered":"https:\/\/investnews.com.br\/?p=359878"},"modified":"2022-08-30T09:59:39","modified_gmt":"2022-08-30T12:59:39","slug":"ceo-da-brf-renuncia-ao-cargo","status":"publish","type":"post","link":"https:\/\/investnews.com.br\/negocios\/ceo-da-brf-renuncia-ao-cargo\/","title":{"rendered":"CEO da BRF renuncia e l\u00edder global da Marfrig assume posto"},"content":{"rendered":"\n<p>A  produtora de alimentos <strong>BRF<\/strong> (<a href=\"https:\/\/investnews.com.br\/cotacao\/brfs3-brf-sa\/\" class=\"rank-math-link\">BRFS3<\/a>), dona da marca Sadia, comunicou por nota ao mercado nesta ter\u00e7a-feira (30) que seu CEO, <strong>Lorival Nogueira Luz Jr.<\/strong>, renunciou ao cargo de presidente global da companhia na v\u00e9spera, ap\u00f3s tr\u00eas anos no posto.<\/p>\n\n\n\n<figure class=\"wp-block-image size-large\"><img loading=\"lazy\" decoding=\"async\" width=\"1024\" height=\"682\" src=\"https:\/\/media.investnews.com.br\/uploads\/2022\/08\/Lorival-Luz-1024x682.jpeg\" alt=\"\" class=\"wp-image-359910\" srcset=\"https:\/\/media.investnews.com.br\/uploads\/2022\/08\/Lorival-Luz-1024x682.jpeg 1024w, https:\/\/media.investnews.com.br\/uploads\/2022\/08\/Lorival-Luz-300x200.jpeg 300w, https:\/\/media.investnews.com.br\/uploads\/2022\/08\/Lorival-Luz-768x512.jpeg 768w, https:\/\/media.investnews.com.br\/uploads\/2022\/08\/Lorival-Luz-1256x837.jpeg 1256w, https:\/\/media.investnews.com.br\/uploads\/2022\/08\/Lorival-Luz-172x115.jpeg 172w, https:\/\/media.investnews.com.br\/uploads\/2022\/08\/Lorival-Luz-150x100.jpeg 150w, https:\/\/media.investnews.com.br\/uploads\/2022\/08\/Lorival-Luz.jpeg 1280w\" sizes=\"auto, (max-width: 1024px) 100vw, 1024px\" \/><figcaption>Lorival Luz (Cr\u00e9dito: Divulga\u00e7\u00e3o)<\/figcaption><\/figure>\n\n\n\n<p>Em seu lugar, o conselho de administra\u00e7\u00e3o elegeu da BFR, por unanimidade, <strong>Miguel de Souza Gularte<\/strong>, que passou a ocupar o posto a partir desta ter\u00e7a. O executivo era at\u00e9 ent\u00e3o diretor presidente da <strong>Marfrig Global <\/strong>e passar\u00e1 por um per\u00edodo de transi\u00e7\u00e3o at\u00e9 30 de setembro.<\/p>\n\n\n\n<p>Gularte \u00e9 veterin\u00e1rio e executivo com ampla experi\u00eancia no segmento de carne bovina, tendo passado por empresas como JBS e Minerva. Segundo o site &#8220;Pipeline&#8221;, do Valor Econ\u00f4mico, o cargo de CEO na Marfrig ser\u00e1 ocupado por <strong>Rui Mendon\u00e7a<\/strong>, diretor-geral de industrializados da companhia.<\/p>\n\n\n\n<p>Em comunicado, a BRF informou que a indica\u00e7\u00e3o de Gularte &#8220;n\u00e3o sinaliza inten\u00e7\u00e3o, neste momento, de fus\u00e3o entre a Companhia e a Marfrig Global Foods S.A&#8221;.<\/p>\n\n\n\n<p><\/p>\n","protected":false},"excerpt":{"rendered":"<p>Cargo ser\u00e1 ocupado por Miguel de Souza Gularte, ent\u00e3o diretor presidente da Marfrig Global.<\/p>\n","protected":false},"author":7,"featured_media":359910,"comment_status":"closed","ping_status":"open","sticky":false,"template":"","format":"standard","meta":{"_acf_changed":false,"inline_featured_image":false,"footnotes":""},"categories":[6],"tags":[160],"autor-wsj":[],"coauthors":[1494],"class_list":["post-359878","post","type-post","status-publish","format-standard","has-post-thumbnail","hentry","category-negocios","tag-brf"],"acf":[],"amp_enabled":true,"_links":{"self":[{"href":"https:\/\/investnews.com.br\/inv-api\/wp\/v2\/posts\/359878","targetHints":{"allow":["GET"]}}],"collection":[{"href":"https:\/\/investnews.com.br\/inv-api\/wp\/v2\/posts"}],"about":[{"href":"https:\/\/investnews.com.br\/inv-api\/wp\/v2\/types\/post"}],"author":[{"embeddable":true,"href":"https:\/\/investnews.com.br\/inv-api\/wp\/v2\/users\/7"}],"replies":[{"embeddable":true,"href":"https:\/\/investnews.com.br\/inv-api\/wp\/v2\/comments?post=359878"}],"version-history":[{"count":18,"href":"https:\/\/investnews.com.br\/inv-api\/wp\/v2\/posts\/359878\/revisions"}],"predecessor-version":[{"id":359916,"href":"https:\/\/investnews.com.br\/inv-api\/wp\/v2\/posts\/359878\/revisions\/359916"}],"wp:featuredmedia":[{"embeddable":true,"href":"https:\/\/investnews.com.br\/inv-api\/wp\/v2\/media\/359910"}],"wp:attachment":[{"href":"https:\/\/investnews.com.br\/inv-api\/wp\/v2\/media?parent=359878"}],"wp:term":[{"taxonomy":"category","embeddable":true,"href":"https:\/\/investnews.com.br\/inv-api\/wp\/v2\/categories?post=359878"},{"taxonomy":"post_tag","embeddable":true,"href":"https:\/\/investnews.com.br\/inv-api\/wp\/v2\/tags?post=359878"},{"taxonomy":"autor-wsj","embeddable":true,"href":"https:\/\/investnews.com.br\/inv-api\/wp\/v2\/autor-wsj?post=359878"},{"taxonomy":"author","embeddable":true,"href":"https:\/\/investnews.com.br\/inv-api\/wp\/v2\/coauthors?post=359878"}],"curies":[{"name":"wp","href":"https:\/\/api.w.org\/{rel}","templated":true}]}}