{"id":360052,"date":"2022-08-30T13:35:25","date_gmt":"2022-08-30T16:35:25","guid":{"rendered":"https:\/\/investnews.com.br\/?p=360052"},"modified":"2022-08-30T16:18:24","modified_gmt":"2022-08-30T19:18:24","slug":"novo-ceo-pode-tornar-a-brf-mais-agil-e-abrir-novos-caminhos-dizem-analistas","status":"publish","type":"post","link":"https:\/\/investnews.com.br\/negocios\/novo-ceo-pode-tornar-a-brf-mais-agil-e-abrir-novos-caminhos-dizem-analistas\/","title":{"rendered":"Novo CEO pode tornar a BRF mais \u00e1gil e abrir novo caminho, dizem analistas"},"content":{"rendered":"\n<p>A <strong>BRF<\/strong> (<a href=\"https:\/\/investnews.com.br\/cotacao\/brfs3-brf\/\" class=\"rank-math-link\">BRFS3<\/a>) comunicou que Miguel de Souza Gularte \u00e9 o novo diretor-presidente global da companhia a partir desta ter\u00e7a-feira (30), ap\u00f3s o<a href=\"https:\/\/investnews.com.br\/negocios\/ceo-da-brf-renuncia-ao-cargo\/\" class=\"rank-math-link\"> pedido de ren\u00fancia ao cargo de Lorival Nogueira Luz Jr<\/a>. Para analistas, Gularte deve ser capaz de tornar a BRF mais \u00e1gil, al\u00e9m de a mudan\u00e7a abrir um novo caminho na lideran\u00e7a da empresa.<\/p>\n\n\n\n<p>M\u00e9dico veterin\u00e1rio de forma\u00e7\u00e3o e com um hist\u00f3rico profissional de quase 40 anos no setor de carne bovina, Gularte estava na <strong>Marfrig<\/strong> (<a href=\"https:\/\/investnews.com.br\/cotacao\/mrfg3-marfrig\/\" class=\"rank-math-link\">MRFG3<\/a>) desde 2018 como CEO da opera\u00e7\u00e3o da Am\u00e9rica do Sul.&nbsp;<\/p>\n\n\n\n<p>Para os analistas Leonardo Alencar e Pedro Fonseca,&nbsp;da XP Investimentos, Gularte deve ser capaz de tornar a BRF mais \u00e1gil, \u201celiminando a in\u00e9rcia inc\u00f4moda que era respons\u00e1vel por oportunidades perdidas no passado da BRF\u201d.&nbsp;<\/p>\n\n\n\n<p>Ainda de acordo com os analistas da XP, o novo diretor-presidente global da companhia tamb\u00e9m pode aumentar a participa\u00e7\u00e3o das exporta\u00e7\u00f5es na receita da empresa.<\/p>\n\n\n\n<p>\u201cVemos a nomea\u00e7\u00e3o de Miguel Gularte como CEO da BRF como inesperada, por\u00e9m, embora sua experi\u00eancia venha do setor de carne bovina, a nosso ver, \u00e9 mais f\u00e1cil passar de um ambiente mais vol\u00e1til para um calmo do que o contr\u00e1rio\u201d, comentaram os analistas em relat\u00f3rio.<\/p>\n\n\n\n<p>Para a Ativa Investimentos, a chegada de Miguel Gularte \u00e9 positiva para as <a href=\"https:\/\/investnews.com.br\/guias\/como-investir-em-acoes\/\" class=\"rank-math-link\">a\u00e7\u00f5es<\/a> da BRF, uma vez que o novo CEO possui experi\u00eancia no setor e total alinhamento com a Marfrig.&nbsp;Atualmente, a <strong>Marfrig <\/strong>(<a class=\"rank-math-link\" href=\"https:\/\/investnews.com.br\/cotacao\/mrfg3-marfrig\/\">MRFG3<\/a>) possui 33,27% da BRF, sendo a principal <a href=\"https:\/\/investnews.com.br\/guias\/acionista-o-que-e-e-como-funciona\/\">acionista<\/a> da companhia.<\/p>\n\n\n\n<p>\u201cA mudan\u00e7a tira o excesso de liquidez das a\u00e7\u00f5es proporcionada por distor\u00e7\u00f5es entre oferta e demanda e abre um novo caminho na lideran\u00e7a da BRF\u201d, comentou a Ativa.<\/p>\n\n\n\n<p>A BRF disse que Gularte e Luz v\u00e3o iniciar um per\u00edodo de transi\u00e7\u00e3o que ser\u00e1 conclu\u00eddo at\u00e9 30 de setembro.<\/p>\n\n\n\n<h2 class=\"wp-block-heading\"><strong>Olhando \u00e0 frente<\/strong><\/h2>\n\n\n\n<p>Segundo os analistas da XP, os fundamentos melhoraram para a BRF ap\u00f3s a acomoda\u00e7\u00e3o dos pre\u00e7os das ra\u00e7\u00f5es (milho, soja) juntamente com o aumento da demanda e pre\u00e7os mais altos de aves, que se traduziu em maiores margens no \u00faltimo trimestre.<\/p>\n\n\n\n<p>\u201cPrevemos que o momento positivo continue nos resultados da empresa, mas um processo de virada \u00e9 muito mais profundo e estamos ansiosos para ver como a nova governan\u00e7a afetar\u00e1 a BRF\u201d, destacaram Alencar e Fonseca.<\/p>\n\n\n\n<p>Em meio a este cen\u00e1rio, a XP reitera recomenda\u00e7\u00e3o &#8220;neutro&#8221; para a a\u00e7\u00e3o BRF.<\/p>\n\n\n\n<p>A Ativa Investimentos destacou que os desafios n\u00e3o s\u00e3o pequenos para o novo CEO e que, entre eles, est\u00e3o melhora de margem, participa\u00e7\u00e3o de mercado em processados dom\u00e9sticos e redu\u00e7\u00e3o da alavancagem da empresa. <\/p>\n","protected":false},"excerpt":{"rendered":"<p>Miguel Gularte \u00e9 o novo diretor-presidente global da companhia ap\u00f3s pedido de ren\u00fancia ao cargo de Lorival Nogueira Luz Jr. <\/p>\n","protected":false},"author":36,"featured_media":359997,"comment_status":"closed","ping_status":"open","sticky":false,"template":"","format":"standard","meta":{"_acf_changed":false,"inline_featured_image":false,"footnotes":""},"categories":[6],"tags":[160,191],"autor-wsj":[],"coauthors":[2269],"class_list":["post-360052","post","type-post","status-publish","format-standard","has-post-thumbnail","hentry","category-negocios","tag-brf","tag-marfrig"],"acf":[],"amp_enabled":true,"_links":{"self":[{"href":"https:\/\/investnews.com.br\/inv-api\/wp\/v2\/posts\/360052","targetHints":{"allow":["GET"]}}],"collection":[{"href":"https:\/\/investnews.com.br\/inv-api\/wp\/v2\/posts"}],"about":[{"href":"https:\/\/investnews.com.br\/inv-api\/wp\/v2\/types\/post"}],"author":[{"embeddable":true,"href":"https:\/\/investnews.com.br\/inv-api\/wp\/v2\/users\/36"}],"replies":[{"embeddable":true,"href":"https:\/\/investnews.com.br\/inv-api\/wp\/v2\/comments?post=360052"}],"version-history":[{"count":35,"href":"https:\/\/investnews.com.br\/inv-api\/wp\/v2\/posts\/360052\/revisions"}],"predecessor-version":[{"id":360107,"href":"https:\/\/investnews.com.br\/inv-api\/wp\/v2\/posts\/360052\/revisions\/360107"}],"wp:featuredmedia":[{"embeddable":true,"href":"https:\/\/investnews.com.br\/inv-api\/wp\/v2\/media\/359997"}],"wp:attachment":[{"href":"https:\/\/investnews.com.br\/inv-api\/wp\/v2\/media?parent=360052"}],"wp:term":[{"taxonomy":"category","embeddable":true,"href":"https:\/\/investnews.com.br\/inv-api\/wp\/v2\/categories?post=360052"},{"taxonomy":"post_tag","embeddable":true,"href":"https:\/\/investnews.com.br\/inv-api\/wp\/v2\/tags?post=360052"},{"taxonomy":"autor-wsj","embeddable":true,"href":"https:\/\/investnews.com.br\/inv-api\/wp\/v2\/autor-wsj?post=360052"},{"taxonomy":"author","embeddable":true,"href":"https:\/\/investnews.com.br\/inv-api\/wp\/v2\/coauthors?post=360052"}],"curies":[{"name":"wp","href":"https:\/\/api.w.org\/{rel}","templated":true}]}}