{"id":360460,"date":"2022-08-31T09:20:11","date_gmt":"2022-08-31T12:20:11","guid":{"rendered":"https:\/\/investnews.com.br\/?p=360460"},"modified":"2022-08-31T10:02:06","modified_gmt":"2022-08-31T13:02:06","slug":"brasil-tem-taxa-de-desemprego-de-91-no-trimestre-ate-julho-diz-ibge","status":"publish","type":"post","link":"https:\/\/investnews.com.br\/economia\/brasil-tem-taxa-de-desemprego-de-91-no-trimestre-ate-julho-diz-ibge\/","title":{"rendered":"Brasil tem desemprego de 9,1% no trimestre at\u00e9 julho e bate recorde de ocupados"},"content":{"rendered":"\n<figure class=\"wp-block-image size-large\"><img loading=\"lazy\" decoding=\"async\" width=\"895\" height=\"540\" src=\"https:\/\/media.investnews.com.br\/uploads\/2022\/08\/out_1415.png\" alt=\"\" class=\"wp-image-360466\" srcset=\"https:\/\/media.investnews.com.br\/uploads\/2022\/08\/out_1415.png 895w, https:\/\/media.investnews.com.br\/uploads\/2022\/08\/out_1415-300x181.png 300w, https:\/\/media.investnews.com.br\/uploads\/2022\/08\/out_1415-768x463.png 768w, https:\/\/media.investnews.com.br\/uploads\/2022\/08\/out_1415-172x104.png 172w, https:\/\/media.investnews.com.br\/uploads\/2022\/08\/out_1415-150x91.png 150w\" sizes=\"auto, (max-width: 895px) 100vw, 895px\" \/><\/figure>\n\n\n\n<p>A <strong>taxa de desemprego no Brasil ficou em 9,1% nos tr\u00eas meses at\u00e9 julho<\/strong>, informou o Instituto Brasileiro de Geografia e Estat\u00edstica (IBGE) nesta quarta-feira (31). \u00c9 o menor \u00edndice da s\u00e9rie desde o trimestre encerrado em dezembro de 2015, quando tamb\u00e9m foi de 9,1%.&nbsp;<\/p>\n\n\n\n<p>A mediana das previs\u00f5es em pesquisa da Reuters era de que a taxa ficaria em 9,1% por cento no per\u00edodo.<\/p>\n\n\n\n<p>Duas atividades influenciaram a queda do desemprego em julho. No <strong>com\u00e9rcio, repara\u00e7\u00e3o de ve\u00edculos automotores e motocicletas<\/strong>, houve acr\u00e9scimo de 692 mil pessoas no mercado de trabalho (3,7%) em compara\u00e7\u00e3o com o trimestre anterior. J\u00e1 no setor <strong>administra\u00e7\u00e3o p\u00fablica, defesa, seguridade social, educa\u00e7\u00e3o, sa\u00fade humana e servi\u00e7os sociais<\/strong>, o aumento foi de 648 mil pessoas (3,9%).<\/p>\n\n\n\n<blockquote class=\"wp-block-quote is-layout-flow wp-block-quote-is-layout-flow\"><p>\u201cEssas duas atividades, de fato, foram destaques, mas cabe ressaltar que nenhum grupo de atividade econ\u00f4mica apresentou perda de ocupa\u00e7\u00e3o. Ou seja, todos os setores adicionaram pessoas ao mercado de trabalho\u201d, pontua a coordenadora de Pesquisas por Amostra de Domic\u00edlios, Adriana Beringuy.<\/p><\/blockquote>\n\n\n\n<p>De acordo com a Pesquisa Nacional por Amostra de Domic\u00edlios (PNAD) Cont\u00ednua, o <strong>n\u00famero de pessoas ocupadas foi de 98,7 milh\u00f5es<\/strong>, um recorde na s\u00e9rie hist\u00f3rica, iniciada em 2012.<\/p>\n\n\n\n<p>J\u00e1 o <strong>n\u00famero de empregados sem carteira assinada<\/strong> bateu recorde e atingiu <strong>13,1 milh\u00f5es pessoas.<\/strong><\/p>\n\n\n\n<p>O <strong>n\u00famero de desempregados foi de 9,8 milh\u00f5es de pessoas, queda de 12,9%<\/strong> na compara\u00e7\u00e3o com o trimestre anterior. Sobre o trimestre at\u00e9 julho de 2021 houve queda de 31,4%.<\/p>\n\n\n\n<figure class=\"wp-block-image size-large\"><img loading=\"lazy\" decoding=\"async\" width=\"895\" height=\"540\" src=\"https:\/\/media.investnews.com.br\/uploads\/2022\/08\/out_1416.png\" alt=\"\" class=\"wp-image-360470\" srcset=\"https:\/\/media.investnews.com.br\/uploads\/2022\/08\/out_1416.png 895w, https:\/\/media.investnews.com.br\/uploads\/2022\/08\/out_1416-300x181.png 300w, https:\/\/media.investnews.com.br\/uploads\/2022\/08\/out_1416-768x463.png 768w, https:\/\/media.investnews.com.br\/uploads\/2022\/08\/out_1416-172x104.png 172w, https:\/\/media.investnews.com.br\/uploads\/2022\/08\/out_1416-150x91.png 150w\" sizes=\"auto, (max-width: 895px) 100vw, 895px\" \/><\/figure>\n\n\n\n<p>O <strong>n\u00edvel de ocupa\u00e7\u00e3o<\/strong> (percentual de pessoas ocupadas na popula\u00e7\u00e3o em idade de trabalhar) <strong>foi de 57%<\/strong>, queda de 1,1 ponto percentual em rela\u00e7\u00e3o ao trimestre anterior, encerrado em abril. J\u00e1 com rela\u00e7\u00e3o ao mesmo trimestre de 2021, a redu\u00e7\u00e3o foi de 4,1 pontos percentuais.&nbsp;<\/p>\n\n\n\n<h2 class=\"wp-block-heading\">Rendimento m\u00e9dio<\/h2>\n\n\n\n<p>O <strong>rendimento m\u00e9dio do trabalhador brasileiro<\/strong> voltou a crescer depois de dois anos e chegou a <strong>R$ 2.693 no trimestre<\/strong> encerrado em julho. <\/p>\n\n\n\n<p>Esse valor \u00e9 2,9% maior que no trimestre anterior, embora 2,9% menor que no mesmo per\u00edodo de 2021. O aumento foi puxado pelo rendimento dos empregadores (6,1%, ou mais R$ 369) dos militares e funcion\u00e1rio p\u00fablico estatut\u00e1rio (3,8%, ou mais R$ 176) e dos trabalhadores por conta pr\u00f3pria (3,0% ou mais R$ 63). Os demais grupamentos n\u00e3o variaram. J\u00e1 a massa de rendimento real habitual foi R$ 260,7 bilh\u00f5es, aumento de 5,3% frente ao trimestre encerrado em abril e de 6,1% na compara\u00e7\u00e3o anual.<\/p>\n\n\n\n<figure class=\"wp-block-image size-large\"><img loading=\"lazy\" decoding=\"async\" width=\"895\" height=\"540\" src=\"https:\/\/media.investnews.com.br\/uploads\/2022\/08\/out_1417.png\" alt=\"\" class=\"wp-image-360480\" srcset=\"https:\/\/media.investnews.com.br\/uploads\/2022\/08\/out_1417.png 895w, https:\/\/media.investnews.com.br\/uploads\/2022\/08\/out_1417-300x181.png 300w, https:\/\/media.investnews.com.br\/uploads\/2022\/08\/out_1417-768x463.png 768w, https:\/\/media.investnews.com.br\/uploads\/2022\/08\/out_1417-172x104.png 172w, https:\/\/media.investnews.com.br\/uploads\/2022\/08\/out_1417-150x91.png 150w\" sizes=\"auto, (max-width: 895px) 100vw, 895px\" \/><\/figure>\n","protected":false},"excerpt":{"rendered":"<p>Esse \u00e9 a menor taxa de desempregados desde 2015, segundo dados divulgados nesta quarta-feira (31) pelo IBGE.<\/p>\n","protected":false},"author":7,"featured_media":360461,"comment_status":"closed","ping_status":"open","sticky":false,"template":"","format":"standard","meta":{"_acf_changed":false,"inline_featured_image":false,"footnotes":""},"categories":[5],"tags":[155,374,54],"autor-wsj":[],"coauthors":[1494],"class_list":["post-360460","post","type-post","status-publish","format-standard","has-post-thumbnail","hentry","category-economia","tag-brasil","tag-desemprego","tag-ibge"],"acf":[],"amp_enabled":true,"_links":{"self":[{"href":"https:\/\/investnews.com.br\/inv-api\/wp\/v2\/posts\/360460","targetHints":{"allow":["GET"]}}],"collection":[{"href":"https:\/\/investnews.com.br\/inv-api\/wp\/v2\/posts"}],"about":[{"href":"https:\/\/investnews.com.br\/inv-api\/wp\/v2\/types\/post"}],"author":[{"embeddable":true,"href":"https:\/\/investnews.com.br\/inv-api\/wp\/v2\/users\/7"}],"replies":[{"embeddable":true,"href":"https:\/\/investnews.com.br\/inv-api\/wp\/v2\/comments?post=360460"}],"version-history":[{"count":14,"href":"https:\/\/investnews.com.br\/inv-api\/wp\/v2\/posts\/360460\/revisions"}],"predecessor-version":[{"id":360512,"href":"https:\/\/investnews.com.br\/inv-api\/wp\/v2\/posts\/360460\/revisions\/360512"}],"wp:featuredmedia":[{"embeddable":true,"href":"https:\/\/investnews.com.br\/inv-api\/wp\/v2\/media\/360461"}],"wp:attachment":[{"href":"https:\/\/investnews.com.br\/inv-api\/wp\/v2\/media?parent=360460"}],"wp:term":[{"taxonomy":"category","embeddable":true,"href":"https:\/\/investnews.com.br\/inv-api\/wp\/v2\/categories?post=360460"},{"taxonomy":"post_tag","embeddable":true,"href":"https:\/\/investnews.com.br\/inv-api\/wp\/v2\/tags?post=360460"},{"taxonomy":"autor-wsj","embeddable":true,"href":"https:\/\/investnews.com.br\/inv-api\/wp\/v2\/autor-wsj?post=360460"},{"taxonomy":"author","embeddable":true,"href":"https:\/\/investnews.com.br\/inv-api\/wp\/v2\/coauthors?post=360460"}],"curies":[{"name":"wp","href":"https:\/\/api.w.org\/{rel}","templated":true}]}}