{"id":361361,"date":"2022-09-01T22:24:48","date_gmt":"2022-09-02T01:24:48","guid":{"rendered":"https:\/\/investnews.com.br\/?p=361361"},"modified":"2024-06-26T11:25:22","modified_gmt":"2024-06-26T14:25:22","slug":"datafolha-lula-tem-45-das-intencoes-de-voto-bolsonaro-tem-32","status":"publish","type":"post","link":"https:\/\/investnews.com.br\/economia\/datafolha-lula-tem-45-das-intencoes-de-voto-bolsonaro-tem-32\/","title":{"rendered":"Datafolha: Lula tem 45% das inten\u00e7\u00f5es de voto; Bolsonaro tem 32%"},"content":{"rendered":"\n<p>O ex-presidente <strong>Luiz In\u00e1cio Lula da Silva<\/strong> (PT) oscilou 2 pontos para baixo e registra 45% das inten\u00e7\u00f5es de voto, enquanto o presidente e candidato \u00e0 reelei\u00e7\u00e3o <strong>Jair Bolsonaro <\/strong>(PL) se mant\u00e9m est\u00e1vel com 32%, apontou pesquisa Datafolha divulgada nesta quinta-feira (1\u00ba).<\/p>\n\n\n\n<p> Levantamento anterior do instituto, de duas semanas atr\u00e1s, registrava Lula com 47% das inten\u00e7\u00f5es de voto na disputa pelo Pal\u00e1cio do Planalto e Bolsonaro com os mesmos 32%.A margem de erro da pesquisa \u00e9 de 2 pontos percentuais.<\/p>\n\n\n\n<p>O levantamento foi realizado entre quarta e quinta, portanto, ap\u00f3s o<strong> in\u00edcio da propaganda eleitoral<\/strong> em cadeia de r\u00e1dio e televis\u00e3o e tamb\u00e9m pode ter captado a percep\u00e7\u00e3o dos eleitores sobre o <a href=\"https:\/\/investnews.com.br\/economia\/eleicoes-2022-mercado-financeiro-avalia-1o-debate-dos-presidenciaveis\/\" class=\"rank-math-link\">debate entre presidenci\u00e1veis <\/a>realizado no domingo (28) pela TV Band e as entrevistas da semana passada ao Jornal Nacional, da TV Globo.<\/p>\n\n\n\n<p>Entre os outros candidatos, o Datafolha mostrou o candidato do PDT, Ciro Gomes, com 9%, ante 7% em agosto, seguido da senadora Simone Tebet (MDB), que passou a 5%, ante 2%.<\/p>\n\n\n\n<p>O Datafolha entrevistou 5.734 pessoas em 285 cidades do pa\u00eds.<\/p>\n\n\n\n<figure class=\"wp-block-image size-large\"><img loading=\"lazy\" decoding=\"async\" width=\"1024\" height=\"683\" src=\"https:\/\/media.investnews.com.br\/uploads\/2022\/05\/2022-05-03T150108Z_1_LYNXNPEI420LW_RTROPTP_4_POLITICA-ELEICOES-TSE-UE-1024x683.jpg\" alt=\"\" class=\"wp-image-324726\" srcset=\"https:\/\/media.investnews.com.br\/uploads\/2022\/05\/2022-05-03T150108Z_1_LYNXNPEI420LW_RTROPTP_4_POLITICA-ELEICOES-TSE-UE-1024x683.jpg 1024w, https:\/\/media.investnews.com.br\/uploads\/2022\/05\/2022-05-03T150108Z_1_LYNXNPEI420LW_RTROPTP_4_POLITICA-ELEICOES-TSE-UE-300x200.jpg 300w, https:\/\/media.investnews.com.br\/uploads\/2022\/05\/2022-05-03T150108Z_1_LYNXNPEI420LW_RTROPTP_4_POLITICA-ELEICOES-TSE-UE-768x512.jpg 768w, https:\/\/media.investnews.com.br\/uploads\/2022\/05\/2022-05-03T150108Z_1_LYNXNPEI420LW_RTROPTP_4_POLITICA-ELEICOES-TSE-UE-1536x1024.jpg 1536w, https:\/\/media.investnews.com.br\/uploads\/2022\/05\/2022-05-03T150108Z_1_LYNXNPEI420LW_RTROPTP_4_POLITICA-ELEICOES-TSE-UE-1256x837.jpg 1256w, https:\/\/media.investnews.com.br\/uploads\/2022\/05\/2022-05-03T150108Z_1_LYNXNPEI420LW_RTROPTP_4_POLITICA-ELEICOES-TSE-UE-172x115.jpg 172w, https:\/\/media.investnews.com.br\/uploads\/2022\/05\/2022-05-03T150108Z_1_LYNXNPEI420LW_RTROPTP_4_POLITICA-ELEICOES-TSE-UE-150x100.jpg 150w, https:\/\/media.investnews.com.br\/uploads\/2022\/05\/2022-05-03T150108Z_1_LYNXNPEI420LW_RTROPTP_4_POLITICA-ELEICOES-TSE-UE.jpg 2048w\" sizes=\"auto, (max-width: 1024px) 100vw, 1024px\" \/><figcaption>Urnas eletr\u00f4nicas em Manaus\n03\/10\/2018 REUTERS\/Bruno Kelly<\/figcaption><\/figure>\n","protected":false},"excerpt":{"rendered":"<p>Ciro Gomes tem 9%; Simone Tebet, 5%. Margem de erro \u00e9 de 2 pontos percentuais.<\/p>\n","protected":false},"author":61,"featured_media":324726,"comment_status":"closed","ping_status":"open","sticky":false,"template":"","format":"standard","meta":{"_acf_changed":false,"inline_featured_image":false,"footnotes":""},"categories":[5],"tags":[763,234,2370],"autor-wsj":[],"coauthors":[2494],"class_list":["post-361361","post","type-post","status-publish","format-standard","has-post-thumbnail","hentry","category-economia","tag-eleicoes","tag-jair-bolsonaro","tag-luiz-inacio-lula-da-silva"],"acf":[],"amp_enabled":true,"_links":{"self":[{"href":"https:\/\/investnews.com.br\/inv-api\/wp\/v2\/posts\/361361","targetHints":{"allow":["GET"]}}],"collection":[{"href":"https:\/\/investnews.com.br\/inv-api\/wp\/v2\/posts"}],"about":[{"href":"https:\/\/investnews.com.br\/inv-api\/wp\/v2\/types\/post"}],"author":[{"embeddable":true,"href":"https:\/\/investnews.com.br\/inv-api\/wp\/v2\/users\/61"}],"replies":[{"embeddable":true,"href":"https:\/\/investnews.com.br\/inv-api\/wp\/v2\/comments?post=361361"}],"version-history":[{"count":5,"href":"https:\/\/investnews.com.br\/inv-api\/wp\/v2\/posts\/361361\/revisions"}],"predecessor-version":[{"id":366723,"href":"https:\/\/investnews.com.br\/inv-api\/wp\/v2\/posts\/361361\/revisions\/366723"}],"wp:featuredmedia":[{"embeddable":true,"href":"https:\/\/investnews.com.br\/inv-api\/wp\/v2\/media\/324726"}],"wp:attachment":[{"href":"https:\/\/investnews.com.br\/inv-api\/wp\/v2\/media?parent=361361"}],"wp:term":[{"taxonomy":"category","embeddable":true,"href":"https:\/\/investnews.com.br\/inv-api\/wp\/v2\/categories?post=361361"},{"taxonomy":"post_tag","embeddable":true,"href":"https:\/\/investnews.com.br\/inv-api\/wp\/v2\/tags?post=361361"},{"taxonomy":"autor-wsj","embeddable":true,"href":"https:\/\/investnews.com.br\/inv-api\/wp\/v2\/autor-wsj?post=361361"},{"taxonomy":"author","embeddable":true,"href":"https:\/\/investnews.com.br\/inv-api\/wp\/v2\/coauthors?post=361361"}],"curies":[{"name":"wp","href":"https:\/\/api.w.org\/{rel}","templated":true}]}}