{"id":361745,"date":"2022-09-02T18:17:32","date_gmt":"2022-09-02T21:17:32","guid":{"rendered":"https:\/\/investnews.com.br\/?p=361745"},"modified":"2024-06-24T12:02:27","modified_gmt":"2024-06-24T15:02:27","slug":"resumao-pib-acima-do-esperado-e-desemprego-caindo","status":"publish","type":"post","link":"https:\/\/investnews.com.br\/financas\/resumao-pib-acima-do-esperado-e-desemprego-caindo\/","title":{"rendered":"Resum\u00e3o: PIB acima do esperado e desemprego caindo"},"content":{"rendered":"\n<figure class=\"wp-block-embed-youtube wp-block-embed is-type-video is-provider-youtube wp-embed-aspect-16-9 wp-has-aspect-ratio\"><div class=\"wp-block-embed__wrapper\">\n<iframe loading=\"lazy\" title=\"RESUM\u00c3O: PIB acima do esperado e desemprego caindo\" width=\"500\" height=\"281\" src=\"https:\/\/www.youtube.com\/embed\/Cb6YOufLXRo?feature=oembed\" frameborder=\"0\" allow=\"accelerometer; autoplay; clipboard-write; encrypted-media; gyroscope; picture-in-picture; web-share\" referrerpolicy=\"strict-origin-when-cross-origin\" allowfullscreen><\/iframe>\n<\/div><\/figure>\n\n\n\n<p>Como est\u00e1 o <strong>panorama da economia brasileira<\/strong>?<\/p>\n\n\n\n<p>O Boletim InvestNews desta sexta-feira (2) traz um resumo de not\u00edcias econ\u00f4micas da semana, com diversos indicadores positivos para o Brasil.<\/p>\n\n\n\n<p>Um deles \u00e9 o crescimento acima do esperado do <a href=\"https:\/\/investnews.com.br\/economia\/pib-do-brasil-2o-tri-2022\/\" class=\"rank-math-link\">Produto Interno Bruto (PIB) do 2\u00b0 trimestre<\/a>. Quais foram os n\u00fameros que se destacaram? Como est\u00e1 a compara\u00e7\u00e3o do Brasil com a economia dos outros pa\u00edses? Quais s\u00e3o as expectativas para os pr\u00f3ximos anos? Esse crescimento deve continuar?<\/p>\n\n\n\n<p>Outros temas do programa s\u00e3o a queda da <a href=\"https:\/\/investnews.com.br\/economia\/brasil-tem-taxa-de-desemprego-de-91-no-trimestre-ate-julho-diz-ibge\/\" class=\"rank-math-link\">taxa de desemprego<\/a>, que veio acompanhada de um aumento do rendimento do trabalhador e redu\u00e7\u00e3o no n\u00famero de desalentados &#8211; embora a taxa de informalidade continue recorde.<\/p>\n\n\n\n<p>A semana teve ainda <a href=\"https:\/\/investnews.com.br\/guias\/deflacao\/\">defla\u00e7\u00e3o<\/a> dos pre\u00e7os medidos pelo \u00cdndice Geral de Pre\u00e7os ao Mercado (<a href=\"https:\/\/investnews.com.br\/guias\/igp-m\/\">IGP-M<\/a>) e divulga\u00e7\u00e3o da produ\u00e7\u00e3o industrial em julho.<\/p>\n\n\n\n<p>Do cen\u00e1rio externo, houve a divulga\u00e7\u00e3o do payroll, <a href=\"https:\/\/investnews.com.br\/economia\/payroll-eua-criam-315-mil-vagas-de-trabalho-em-agosto-desemprego-sobe-a-37\/\" class=\"rank-math-link\">relat\u00f3rio de emprego dos Estados Unidos<\/a>, com os destaques que mexeram com o fechamento do mercado, com cota\u00e7\u00e3o do d\u00f3lar, <a href=\"https:\/\/investnews.com.br\/guias\/bitcoin-o-que-e-como-investir\/\">bitcoin<\/a> e Ibovespa no dia e na semana, al\u00e9m das a\u00e7\u00f5es que mais subiram e mais ca\u00edram. <\/p>\n\n\n\n<p>A apresenta\u00e7\u00e3o \u00e9 da jornalista Karina Trevizan.<\/p>\n","protected":false},"excerpt":{"rendered":"<p>Programa traz ainda dados que mexeram com o fechamento do mercado, com cota\u00e7\u00e3o do d\u00f3lar, bitcoin e Ibovespa no dia e na semana. <\/p>\n","protected":false},"author":31,"featured_media":361750,"comment_status":"closed","ping_status":"open","sticky":false,"template":"","format":"standard","meta":{"_acf_changed":false,"inline_featured_image":false,"footnotes":""},"categories":[4],"tags":[374,499,78,53],"autor-wsj":[],"coauthors":[1908],"class_list":["post-361745","post","type-post","status-publish","format-standard","has-post-thumbnail","hentry","category-financas","tag-desemprego","tag-economia","tag-estados-unidos","tag-pib"],"acf":[],"amp_enabled":true,"_links":{"self":[{"href":"https:\/\/investnews.com.br\/inv-api\/wp\/v2\/posts\/361745","targetHints":{"allow":["GET"]}}],"collection":[{"href":"https:\/\/investnews.com.br\/inv-api\/wp\/v2\/posts"}],"about":[{"href":"https:\/\/investnews.com.br\/inv-api\/wp\/v2\/types\/post"}],"author":[{"embeddable":true,"href":"https:\/\/investnews.com.br\/inv-api\/wp\/v2\/users\/31"}],"replies":[{"embeddable":true,"href":"https:\/\/investnews.com.br\/inv-api\/wp\/v2\/comments?post=361745"}],"version-history":[{"count":4,"href":"https:\/\/investnews.com.br\/inv-api\/wp\/v2\/posts\/361745\/revisions"}],"predecessor-version":[{"id":361753,"href":"https:\/\/investnews.com.br\/inv-api\/wp\/v2\/posts\/361745\/revisions\/361753"}],"wp:featuredmedia":[{"embeddable":true,"href":"https:\/\/investnews.com.br\/inv-api\/wp\/v2\/media\/361750"}],"wp:attachment":[{"href":"https:\/\/investnews.com.br\/inv-api\/wp\/v2\/media?parent=361745"}],"wp:term":[{"taxonomy":"category","embeddable":true,"href":"https:\/\/investnews.com.br\/inv-api\/wp\/v2\/categories?post=361745"},{"taxonomy":"post_tag","embeddable":true,"href":"https:\/\/investnews.com.br\/inv-api\/wp\/v2\/tags?post=361745"},{"taxonomy":"autor-wsj","embeddable":true,"href":"https:\/\/investnews.com.br\/inv-api\/wp\/v2\/autor-wsj?post=361745"},{"taxonomy":"author","embeddable":true,"href":"https:\/\/investnews.com.br\/inv-api\/wp\/v2\/coauthors?post=361745"}],"curies":[{"name":"wp","href":"https:\/\/api.w.org\/{rel}","templated":true}]}}