{"id":362068,"date":"2022-09-06T05:00:57","date_gmt":"2022-09-06T08:00:57","guid":{"rendered":"https:\/\/investnews.com.br\/?p=362068"},"modified":"2025-11-12T16:21:54","modified_gmt":"2025-11-12T19:21:54","slug":"assai-desbanca-vale-e-lidera-ranking-das-acoes-mais-recomendadas-para-setembro","status":"publish","type":"post","link":"https:\/\/investnews.com.br\/financas\/assai-desbanca-vale-e-lidera-ranking-das-acoes-mais-recomendadas-para-setembro\/","title":{"rendered":"Assa\u00ed desbanca Vale e lidera ranking das a\u00e7\u00f5es mais recomendadas para setembro"},"content":{"rendered":"\n<p>As a\u00e7\u00f5es do atacadista<strong> Assa\u00ed<\/strong>&nbsp;(<a rel=\"noreferrer noopener\" href=\"https:\/\/investnews.com.br\/cotacao\/asai3-sendas-distribuidora-sa\/\" target=\"_blank\" class=\"rank-math-link\">ASAI3<\/a>) lideram a lista das mais recomendadas para setembro, de acordo com levantamento feito pelo<em>&nbsp;InvestNews<\/em> com 14 carteiras elaboradas por bancos e corretoras. Com isso, a empresa desbancou a mineradora <strong>Vale<\/strong>(<a rel=\"noreferrer noopener\" href=\"https:\/\/investnews.com.br\/cotacao\/vale3-vale\/\" target=\"_blank\">VALE3)<\/a>, que desde o in\u00edcio do levantamento, em fevereiro, ocupava a primeira posi\u00e7\u00e3o do p\u00f3dio. <\/p>\n\n\n\n<figure class=\"wp-block-image size-large\"><img loading=\"lazy\" decoding=\"async\" width=\"850\" height=\"850\" src=\"https:\/\/media.investnews.com.br\/uploads\/2022\/09\/20220905_ranking_carteiras.jpg\" alt=\"\" class=\"wp-image-362133\" srcset=\"https:\/\/media.investnews.com.br\/uploads\/2022\/09\/20220905_ranking_carteiras.jpg 850w, https:\/\/media.investnews.com.br\/uploads\/2022\/09\/20220905_ranking_carteiras-300x300.jpg 300w, https:\/\/media.investnews.com.br\/uploads\/2022\/09\/20220905_ranking_carteiras-150x150.jpg 150w, https:\/\/media.investnews.com.br\/uploads\/2022\/09\/20220905_ranking_carteiras-768x768.jpg 768w, https:\/\/media.investnews.com.br\/uploads\/2022\/09\/20220905_ranking_carteiras-172x172.jpg 172w, https:\/\/media.investnews.com.br\/uploads\/2022\/09\/20220905_ranking_carteiras-96x96.jpg 96w\" sizes=\"auto, (max-width: 850px) 100vw, 850px\" \/><\/figure>\n\n\n\n<p>O grupo varejista recebeu um total de 7 indica\u00e7\u00f5es em setembro, contra 4 em agosto, quando ficou em quarto lugar no ranking. Al\u00e9m de <strong>Guide, Nova Futura, Nova Modal e Genial<\/strong>, que decidiram manter o papel em suas carteiras recomendadas, a a\u00e7\u00e3o da empresa passa a integrar a lista de indica\u00e7\u00f5es de <strong>Mirae, Ativa Investimentos e Banco do Brasil<\/strong>. Em contrapartida, o ativo n\u00e3o faz mais parte da carteira da <strong>\u00c1gora<\/strong>. <\/p>\n\n\n\n<p>A <strong>Vale<\/strong>(<a rel=\"noreferrer noopener\" href=\"https:\/\/investnews.com.br\/cotacao\/vale3-vale\/\" target=\"_blank\" class=\"rank-math-link\">VALE3)<\/a><strong>, <\/strong>por sua vez, deixou de ser recomendada pelo BB Investimentos, que citou a <a href=\"https:\/\/investnews.com.br\/guias\/volatilidade-o-que-e\/\">volatilidade<\/a> de pre\u00e7os do min\u00e9rio de ferro, e pela Nova Futura. Com as mudan\u00e7as, a empresa tem agora 6 indica\u00e7\u00f5es, contra 8 no m\u00eas passado. <\/p>\n\n\n\n<p>A mesma posi\u00e7\u00e3o foi alcan\u00e7ada pelo banco <strong>Ita\u00fa<\/strong> <a href=\"https:\/\/investnews.com.br\/cotacao\/itub3-itub4-itau-unibanco\/\" class=\"rank-math-link\">(ITUB3 ITUB4)<\/a>, que na an\u00e1lise de agosto estava fora do p\u00f3dio das mais recomendadas, com a apenas 3 indica\u00e7\u00f5es. <\/p>\n\n\n\n<p>A&nbsp;<strong>Lojas Renner&nbsp;<\/strong>(<a rel=\"noreferrer noopener\" href=\"https:\/\/investnews.com.br\/cotacao\/lren3-lojas-renner\/\" target=\"_blank\" class=\"rank-math-link\">LREN3<\/a>), que tamb\u00e9m teve 8 recomenda\u00e7\u00f5es em agosto junto com a Vale, perdeu posi\u00e7\u00e3o no ranking e desta vez foi citada por 5 casas de an\u00e1lises. BTG, BB Investimentos, Ativa e Genial retiraram a companhia de suas carteiras, enquanto Guide, Agora, Inter, Nova Futura e Terra investimentos mantiveram a recomenda\u00e7\u00e3o. <\/p>\n\n\n\n<p>J\u00e1 a<strong> Petrobras<\/strong> <a rel=\"noreferrer noopener\" href=\"https:\/\/investnews.com.br\/cotacao\/petr3-petr4-petrobras\/\" target=\"_blank\">(PETR4)<\/a> manteve as 5 indica\u00e7\u00f5es do m\u00eas de agosto. Se de um lado o BTG retirou a empresa da lista de recomenda\u00e7\u00f5es, o Inter adicionou o papel da estatal ao citar o &#8220;bom momento ainda para as petroleiras no mercado global&#8221;. BB, \u00c1gora, Guide e Ativa Investimentos mantiveram a indica\u00e7\u00e3o em suas carteiras. <\/p>\n\n\n\n<p>Tamb\u00e9m com 5 recomenda\u00e7\u00f5es est\u00e3o a fabricante de bebidas <strong>Ambev <\/strong><a class=\"rank-math-link\" href=\"https:\/\/investnews.com.br\/cotacao\/abev3-ambev\/\">(ABEV3)<\/a> e a distribuidora de combust\u00edvel <strong>Vibra <a class=\"rank-math-link\" href=\"https:\/\/investnews.com.br\/cotacao\/vbbr3-br-distribuidora\/\">(VBBR3)<\/a><\/strong> (ex-BR Distribuidora).<\/p>\n\n\n\n<p>A <strong>Ambev,<\/strong> que em agosto foi citada em 3 carteiras &#8211; Toro, \u00c1gora e Nova Futura -, ganhou participa\u00e7\u00e3o na lista de indica\u00e7\u00f5es do BTG e da Mirae. <\/p>\n\n\n\n<p>A <strong>Vibra<\/strong> tamb\u00e9m passou a fazer parte das recomenda\u00e7\u00f5es de BB, Terra Investimentos e da Ativa Investimentos. <\/p>\n\n\n\n<p>O ranking do&nbsp;<em>InvestNews<\/em>&nbsp;considera a somat\u00f3ria das a\u00e7\u00f5es mais recomendadas pelos especialistas e acompanha mensalmente as recomenda\u00e7\u00f5es dos seguintes bancos e corretoras:<\/p>\n\n\n\n<ul class=\"wp-block-list\">\n<li><em>\u00c1gora<\/em><\/li>\n\n\n\n<li><em>Ativa<\/em><\/li>\n\n\n\n<li><em>BB Investimentos<\/em><\/li>\n\n\n\n<li><em>BTG Pactual<\/em><\/li>\n\n\n\n<li><em>Genial<\/em><\/li>\n\n\n\n<li><em>Guide<\/em><\/li>\n\n\n\n<li><em>Inter Research<\/em><\/li>\n\n\n\n<li><em>Mirae Corretora<\/em><\/li>\n\n\n\n<li><em>ModalMais<\/em><\/li>\n\n\n\n<li><em>Nova Futura<\/em><\/li>\n\n\n\n<li><em>NuInvest<\/em> *<\/li>\n\n\n\n<li><em>\u00d3rama<\/em><\/li>\n\n\n\n<li><em>Toro<\/em><\/li>\n\n\n\n<li><em>Terr<\/em>a<\/li>\n<\/ul>\n\n\n\n<p><em>*A partir de junho, o levantamento passou a considerar a carteira de <a href=\"https:\/\/investnews.com.br\/guias\/dividendos-o-que-sao-como-funcionam\/\">dividendos<\/a> da NuInvest, no lugar da Top 10, uma vez que ela passou a ser refer\u00eancia de indica\u00e7\u00f5es da corretora.<\/em><\/p>\n\n\n\n<h2 class=\"wp-block-heading\">Assa\u00ed <\/h2>\n\n\n\n<p>Em relat\u00f3rio, a Ativa Investimentos pontuou que incluiu as a\u00e7\u00f5es do Assa\u00ed nas recomenda\u00e7\u00f5es de setembro por gostar da estrat\u00e9gia de <strong>expans\u00e3o geogr\u00e1fica<\/strong> da companhia. <\/p>\n\n\n\n<p>A casa citou a convers\u00e3o e integra\u00e7\u00e3o das 70 lojas adquiridas do Extra como &#8220;ponto-chave&#8221;, porque os novos estabelecimentos s\u00e3o bem localizados e t\u00eam pouca sobreposi\u00e7\u00e3o com as atuais lojas do Assa\u00ed, al\u00e9m de j\u00e1 entrarem em um est\u00e1gio mais avan\u00e7ado da curva de matura\u00e7\u00e3o. <\/p>\n\n\n\n<p>&#8220;A companhia come\u00e7ou a entrega das lojas <strong>convertidas do Extra<\/strong> no fim de julho e mant\u00e9m seu guidance (proje\u00e7\u00e3o) de realizar a abertura de 40 dessas lojas ao longo do segundo semestre de 2022 e das outras 30 em 2023, al\u00e9m das aberturas org\u00e2nicas, que somadas \u00e0s convers\u00f5es, consolidam a abertura de 96 lojas em dois anos, expandindo em 45% a base de lojas da companhia&#8221;, escreveu a casa.<\/p>\n\n\n\n<p>O Inter, por sua vez, destacou a recomenda\u00e7\u00e3o \u00e9 decorrente de mais um bom resultado no segundo trimestre, impulsionado pelo crescimento org\u00e2nico, infla\u00e7\u00e3o alimentar e retomada do setor de servi\u00e7os.  <\/p>\n\n\n\n<p>Al\u00e9m disso, o banco de investimentos pontuou que a atual conjuntura incentiva o<br>consumidor pessoa f\u00edsica a buscar mais economia nas compras com grandes volumes, o que tamb\u00e9m impacta positivamente a companhia.<\/p>\n\n\n\n<h2 class=\"wp-block-heading\">Vale <\/h2>\n\n\n\n<p>A Vale, que desde o in\u00edcio do levantamento do <em>Investnews<\/em> ocupava a primeira posi\u00e7\u00e3o do p\u00f3dio, foi desbancada ap\u00f3s algumas casas cortarem a companhia da lista de recomenda\u00e7\u00f5es. Ao retirar a mineradora da carteira recomendada para setembro, a equipe do BB Investimentos afirmou que a decis\u00e3o ocorre em fun\u00e7\u00e3o da <strong>volatilidade de pre\u00e7os do min\u00e9rio de ferro.<\/strong><\/p>\n\n\n\n<p>Em contrapartida, a \u00c1gora mencionou que manteve a mineradora na lista de indicadores de forma &#8220;t\u00e1tica&#8221; reconhecendo os crescentes desafios das opera\u00e7\u00f5es da companhia. <\/p>\n\n\n\n<p>&#8220;Conforme j\u00e1 mencionamos em outras oportunidades, esperamos que as <strong>tend\u00eancias de demanda na China<\/strong> melhorem no segundo semestre de 2022, apoiando os pre\u00e7os de <a href=\"https:\/\/investnews.com.br\/guias\/commodities-o-que-sao\/\">commodities<\/a>, o que aliado \u00e0 redu\u00e7\u00e3o dos custos do frete mar\u00edtimo podem aumentar os resultados da companhia nessa reta final do ano &#8220;, avaliou a casa. <\/p>\n\n\n\n<p>Entretanto, a \u00c1gora sinalizou esperar que a Vale precifique uma corre\u00e7\u00e3o nos pre\u00e7os do min\u00e9rio de ferro para algo ao redor de US$ 70 a tonelada j\u00e1 a partir do segundo semestre, o que enxerga &#8220;como excessivamente pessimista&#8221; &#8211; levando em conta o pre\u00e7o atual pr\u00f3ximo aos US$ 100. <\/p>\n\n\n\n<h2 class=\"wp-block-heading\">Ita\u00fa<\/h2>\n\n\n\n<p>Ao informar a sa\u00edda da a\u00e7\u00e3o do Banco do Brasil e a recoloca\u00e7\u00e3o do Ita\u00fa na carteira de setembro, o BTG Pactual mencionou que o crescimento da carteira de cr\u00e9dito; das linhas de cr\u00e9dito mais arriscadas; da margem l\u00edquida de juros mais altas; do NPL (empr\u00e9stimos n\u00e3o pagos) est\u00e1vel e o controle de custos sinalizam um forte crescimento de 9% nos resultados do segundo trimestre de 2022 e tamb\u00e9m em 2023. <\/p>\n\n\n\n<p>A \u00c1gora, por sua vez, mencionou que o Bradesco BBI elevou as estimativas de lucro para o Ita\u00fa principalmente devido ao seu s\u00f3lido desempenho no segundo trimestre, com <strong>forte resultado com intermedia\u00e7\u00e3o financeira<\/strong>, receitas de tarifas e resultados de seguros.<\/p>\n\n\n\n<p>&#8220;Embora permane\u00e7amos cautelosos com a deteriora\u00e7\u00e3o da qualidade dos ativos nos pr\u00f3ximos trimestres, \u00e0 medida que o banco continua a se expandir em linhas mais arriscadas, reconhecemos que o forte resultado com intermedia\u00e7\u00e3o financeira deve continuar a sustentar fortes lucros em 2022&#8221;, disse. <\/p>\n\n\n\n<h2 class=\"wp-block-heading\">Lojas Renner <\/h2>\n\n\n\n<p>A Ativa Investimentos afirmou que, por ver uma press\u00e3o na Realize (bra\u00e7o financeiro da Lojas Renner), com um <strong>aumento das provis\u00f5es<\/strong> acompanhando a eleva\u00e7\u00e3o da inadimpl\u00eancia, decidiu encerrar a posi\u00e7\u00e3o na empresa a fim de reduzir a exposi\u00e7\u00e3o ao varejo de moda (at\u00e9 por j\u00e1 ter o Grupo Soma, com a a\u00e7\u00e3o <a href=\"https:\/\/investnews.com.br\/cotacao\/soma3-grupo-soma\/\" class=\"rank-math-link\">SOMA3<\/a>, entre suas indica\u00e7\u00f5es) e dar espa\u00e7o para pap\u00e9is como Raia Drogasil (<a href=\"https:\/\/investnews.com.br\/cotacao\/radl3-raia-drogasil\/\" class=\"rank-math-link\">RADL3<\/a>) e Assai. <\/p>\n\n\n\n<p>J\u00e1 o banco Inter, que manteve o papel na lista de indica\u00e7\u00f5es, esclareceu que a recomenda\u00e7\u00e3o tem como motiva\u00e7\u00e3o o j\u00e1 esperado <strong>resultado robusto em vendas<\/strong> no segundo trimestre de 2022, confirmando a estrat\u00e9gia de precifica\u00e7\u00e3o e sortimento. <\/p>\n\n\n\n<p>&#8220;Ademais, o inverno mais rigoroso esse ano fez com que as pessoas demandassem mais roupas da esta\u00e7\u00e3o. Acreditamos que esse trigger (gatilho) ser\u00e1 impulsionador, fazendo com que o mercado volte a olhar para o<em> benchmark<\/em> de moda no Brasil&#8221;, escreveu o banco. <\/p>\n\n\n\n<p>Para o Inter, a companhia segue com posi\u00e7\u00e3o relevante de caixa e, por isso, acaba de concluir um programa de <strong>recompra de a\u00e7\u00f5es<\/strong>, al\u00e9m de antecipar o pagamento de dividendos para os acionistas e anunciar os planos de quitar cerca de R$ 1,1 bilh\u00e3o em d\u00edvidas. <\/p>\n\n\n\n<h2 class=\"wp-block-heading\">Petrobras<\/h2>\n\n\n\n<p>Ao incluir a a\u00e7\u00e3o da estatal na carteira recomendada para setembro, o Inter pontuou que as expectativas para a performance operacional de Petrobras se mant\u00eam, considerando que atualmente a empresa passa por uma de suas melhores<strong> fases operacionais. <\/strong><\/p>\n\n\n\n<p>&#8220;A recomenda\u00e7\u00e3o das a\u00e7\u00f5es da companhia se baseia tanto em uma rela\u00e7\u00e3o atrativa de retorno, visto que determinamos um pre\u00e7o-alvo em R$ 46 por a\u00e7\u00e3o, bem como um alto <strong>DY (rendimentos de dividendo) <\/strong>de 35% para este ano e de 20% para 2023&#8243;, disse o Inter. <\/p>\n\n\n\n<p>O Inter tamb\u00e9m mencionou os tr\u00eas pilares centrais para a continuidade dos bons resultados que a empresa tem entregado: crescimento da produ\u00e7\u00e3o nos campos do pr\u00e9-sal; baixo custo de extra\u00e7\u00e3o do petr\u00f3leo e manuten\u00e7\u00e3o da atual pol\u00edtica de pre\u00e7os.<\/p>\n\n\n\n<p>Contudo, a casa alertou que o resultado da companhia \u00e9 bastante sens\u00edvel a pol\u00edtica de pre\u00e7os. &#8220;O<strong> pre\u00e7o de paridade internacional<\/strong> (que segue a cota\u00e7\u00e3o internacional do barril do petr\u00f3leo) \u00e9 a melhor alternativa de curto prazo, em nossa opini\u00e3o, uma vez que contribui para a manuten\u00e7\u00e3o dos bons n\u00fameros da empresa, bem como dever\u00e1 garantir a oferta de derivados no mercado interno.&#8221;<\/p>\n\n\n\n<h2 class=\"wp-block-heading\">Ambev<\/h2>\n\n\n\n<p>Ao citar a inclus\u00e3o do papel da fabricante de bebidas em sua carteira recomendada no lugar da Petrobras, o BTG afirmou que com a <strong>atividade econ\u00f4mica surpreendendo positivamente e<\/strong> o <a class=\"rank-math-link\" href=\"https:\/\/investnews.com.br\/boletim-investnews\/resumao-pib-acima-do-esperado-e-desemprego-caindo\/\">desemprego em seu n\u00edvel mais baixo desde 2015<\/a>, os volumes de cerveja est\u00e3o mais fortes. Al\u00e9m disso, na vis\u00e3o da casa, os programas de renda do governo e a Copa do Mundo FIFA devem ajudar sustentar esse momento.<\/p>\n\n\n\n<p>Ao mencionar que no segundo trimestre de 2022 a Ambev apresentou um volume recorde de vendas de cerveja, a Toro reiterou que as <strong>press\u00f5es de margem com o custo de commodities <\/strong>atrapalharam e o pre\u00e7o do papel pode ser valorizado, tendo em vista as melhorias operacionais com quest\u00f5es digitais, e ainda com o \u201cefeito Copa\u201d, que pode acelerar a venda de bebidas nesse final de ano, de acordo com a casa.<\/p>\n\n\n\n<h2 class=\"wp-block-heading\">Vibra<\/h2>\n\n\n\n<p>Ao citar a inclus\u00e3o da a\u00e7\u00e3o da Vibra em sua carteira recomendada, a Terra Investimentos afirmou que a empresa <strong>mostrou recupera\u00e7\u00e3o de margem <\/strong>e deve seguir em recupera\u00e7\u00e3o ao longo de 2022 e projetando 2023 melhoras operacionais e nova gest\u00e3o.<\/p>\n\n\n\n<p>&#8220;A empresa possui a maior capilaridade do mercado de distribui\u00e7\u00e3o de combust\u00edveis e lubrificantes do Brasil. Opera por meio da maior estrutura log\u00edstica na categoria do pa\u00eds, estrategicamente distribu\u00edda ao longo das cinco regi\u00f5es brasileiras&#8221;, explicou a Terra. <\/p>\n\n\n\n<p>A casa de investimentos tamb\u00e9m pontuou que a administra\u00e7\u00e3o da empresa est\u00e1 focada principalmente em tr\u00eas pilares: espa\u00e7o para aprimoramento operacional, redu\u00e7\u00e3o de custos e recupera\u00e7\u00e3o de participa\u00e7\u00e3o de mercado.<\/p>\n","protected":false},"excerpt":{"rendered":"<p>Lojas Renner perdeu posi\u00e7\u00e3o, enquanto Ambev e Vibra ganharam participa\u00e7\u00e3o. <\/p>\n","protected":false},"author":53,"featured_media":259283,"comment_status":"closed","ping_status":"open","sticky":false,"template":"","format":"standard","meta":{"_acf_changed":false,"inline_featured_image":false,"footnotes":""},"categories":[4],"tags":[2066,1338,88,189,208,21,159],"autor-wsj":[],"coauthors":[2433],"class_list":["post-362068","post","type-post","status-publish","format-standard","has-post-thumbnail","hentry","category-financas","tag-assai","tag-carteira-recomendada","tag-abev3","tag-lojas-renner","tag-vale","tag-petrobras","tag-vibra"],"acf":[],"amp_enabled":true,"_links":{"self":[{"href":"https:\/\/investnews.com.br\/inv-api\/wp\/v2\/posts\/362068","targetHints":{"allow":["GET"]}}],"collection":[{"href":"https:\/\/investnews.com.br\/inv-api\/wp\/v2\/posts"}],"about":[{"href":"https:\/\/investnews.com.br\/inv-api\/wp\/v2\/types\/post"}],"author":[{"embeddable":true,"href":"https:\/\/investnews.com.br\/inv-api\/wp\/v2\/users\/53"}],"replies":[{"embeddable":true,"href":"https:\/\/investnews.com.br\/inv-api\/wp\/v2\/comments?post=362068"}],"version-history":[{"count":15,"href":"https:\/\/investnews.com.br\/inv-api\/wp\/v2\/posts\/362068\/revisions"}],"predecessor-version":[{"id":734049,"href":"https:\/\/investnews.com.br\/inv-api\/wp\/v2\/posts\/362068\/revisions\/734049"}],"wp:featuredmedia":[{"embeddable":true,"href":"https:\/\/investnews.com.br\/inv-api\/wp\/v2\/media\/259283"}],"wp:attachment":[{"href":"https:\/\/investnews.com.br\/inv-api\/wp\/v2\/media?parent=362068"}],"wp:term":[{"taxonomy":"category","embeddable":true,"href":"https:\/\/investnews.com.br\/inv-api\/wp\/v2\/categories?post=362068"},{"taxonomy":"post_tag","embeddable":true,"href":"https:\/\/investnews.com.br\/inv-api\/wp\/v2\/tags?post=362068"},{"taxonomy":"autor-wsj","embeddable":true,"href":"https:\/\/investnews.com.br\/inv-api\/wp\/v2\/autor-wsj?post=362068"},{"taxonomy":"author","embeddable":true,"href":"https:\/\/investnews.com.br\/inv-api\/wp\/v2\/coauthors?post=362068"}],"curies":[{"name":"wp","href":"https:\/\/api.w.org\/{rel}","templated":true}]}}