{"id":362188,"date":"2022-09-06T08:43:33","date_gmt":"2022-09-06T11:43:33","guid":{"rendered":"https:\/\/investnews.com.br\/?p=362188"},"modified":"2022-09-06T08:43:52","modified_gmt":"2022-09-06T11:43:52","slug":"indicador-antecedente-de-emprego-sobe-a-maior-patamar-em-nove-meses-em-agosto","status":"publish","type":"post","link":"https:\/\/investnews.com.br\/economia\/indicador-antecedente-de-emprego-sobe-a-maior-patamar-em-nove-meses-em-agosto\/","title":{"rendered":"Indicador antecedente de emprego sobe a maior patamar em nove meses em agosto"},"content":{"rendered":"\n<p>O Indicador Antecedente de Emprego (IAEmp) do FGV IBRE voltou a subir em agosto, ap\u00f3s ligeira queda no m\u00eas anterior, e atingiu o maior patamar em nove meses, mostraram dados divulgados nesta ter\u00e7a-feira (6).<\/p>\n\n\n\n<p>O IAEmp, que antecipa os rumos do mercado de trabalho no Brasil, subiu 1,2 ponto em agosto, para 82,3 pontos, maior n\u00edvel desde novembro, quando chegou a 83,0 pontos.<\/p>\n\n\n\n<p>Em m\u00e9dias m\u00f3veis trimestrais, o IAEmp avan\u00e7ou 0,5 ponto, para 81,8 pontos.<\/p>\n\n\n\n<p>Os dados, segundo o FGV IBRE, indicam continuidade da recupera\u00e7\u00e3o do mercado de trabalho.<\/p>\n\n\n\n<p>&#8220;Ainda \u00e9 preciso cautela pelo patamar baixo que o indicador se encontra, mas a sinaliza\u00e7\u00e3o para os pr\u00f3ximos meses \u00e9 positiva&#8221;, disse em nota o economista da institui\u00e7\u00e3o Rodolpho Tobler, destacando que o ritmo de recupera\u00e7\u00e3o at\u00e9 o final do ano depender\u00e1 do desempenho da economia.<\/p>\n\n\n\n<p>Os destaques de agosto foram os indicadores de Tend\u00eancia dos Neg\u00f3cios e de Situa\u00e7\u00e3o Atual dos Neg\u00f3cios da Ind\u00fastria, que contribu\u00edram positivamente com 0,9 e 0,3 ponto. Do lado negativo, a principal press\u00e3o veio do indicador de Emprego Previsto da Ind\u00fastria, que variou -0,3 ponto.<\/p>\n\n\n\n<p>Dados do Instituto Brasileiro de Geografia e Estat\u00edstica (IBGE) apontaram na semana passada que o Brasil registrou recorde no n\u00famero de pessoas ocupadas, com a taxa de desemprego caindo no trimestre encerrado em julho para o menor patamar desde o final de 2015, para 9,1%.<\/p>\n\n\n\n<figure class=\"wp-block-image size-large\"><img loading=\"lazy\" decoding=\"async\" width=\"1024\" height=\"683\" src=\"https:\/\/media.investnews.com.br\/uploads\/2022\/08\/2022-08-04T111937Z_1_LYNXMPEI730K1_RTROPTP_4_MACRO-ANTECEDENTE-EMPREGO-1024x683.jpg\" alt=\"3 pessoas em frente a um painel com vagas de emprego\" class=\"wp-image-352396\" srcset=\"https:\/\/media.investnews.com.br\/uploads\/2022\/08\/2022-08-04T111937Z_1_LYNXMPEI730K1_RTROPTP_4_MACRO-ANTECEDENTE-EMPREGO-1024x683.jpg 1024w, https:\/\/media.investnews.com.br\/uploads\/2022\/08\/2022-08-04T111937Z_1_LYNXMPEI730K1_RTROPTP_4_MACRO-ANTECEDENTE-EMPREGO-300x200.jpg 300w, https:\/\/media.investnews.com.br\/uploads\/2022\/08\/2022-08-04T111937Z_1_LYNXMPEI730K1_RTROPTP_4_MACRO-ANTECEDENTE-EMPREGO-768x512.jpg 768w, https:\/\/media.investnews.com.br\/uploads\/2022\/08\/2022-08-04T111937Z_1_LYNXMPEI730K1_RTROPTP_4_MACRO-ANTECEDENTE-EMPREGO-1536x1024.jpg 1536w, https:\/\/media.investnews.com.br\/uploads\/2022\/08\/2022-08-04T111937Z_1_LYNXMPEI730K1_RTROPTP_4_MACRO-ANTECEDENTE-EMPREGO-1256x837.jpg 1256w, https:\/\/media.investnews.com.br\/uploads\/2022\/08\/2022-08-04T111937Z_1_LYNXMPEI730K1_RTROPTP_4_MACRO-ANTECEDENTE-EMPREGO-172x115.jpg 172w, https:\/\/media.investnews.com.br\/uploads\/2022\/08\/2022-08-04T111937Z_1_LYNXMPEI730K1_RTROPTP_4_MACRO-ANTECEDENTE-EMPREGO-150x100.jpg 150w, https:\/\/media.investnews.com.br\/uploads\/2022\/08\/2022-08-04T111937Z_1_LYNXMPEI730K1_RTROPTP_4_MACRO-ANTECEDENTE-EMPREGO.jpg 2048w\" sizes=\"auto, (max-width: 1024px) 100vw, 1024px\" \/><figcaption>Mulher coloca curr\u00edculo em caixa no centro de S\u00e3o Paulo\n06\/10\/2020 REUTERS\/Amanda Perobelli<\/figcaption><\/figure>\n","protected":false},"excerpt":{"rendered":"<p>IAEmp, que antecipa os rumos do mercado de trabalho no Brasil, subiu 1,2 ponto em agosto, para 82,3 pontos, maior n\u00edvel desde novembro, quando chegou a 83,0 pontos.<\/p>\n","protected":false},"author":61,"featured_media":313674,"comment_status":"closed","ping_status":"open","sticky":false,"template":"","format":"standard","meta":{"_acf_changed":false,"inline_featured_image":false,"footnotes":""},"categories":[5],"tags":[155,499,215,216],"autor-wsj":[],"coauthors":[2494],"class_list":["post-362188","post","type-post","status-publish","format-standard","has-post-thumbnail","hentry","category-economia","tag-brasil","tag-economia","tag-emprego","tag-mercado-de-trabalho"],"acf":[],"amp_enabled":true,"_links":{"self":[{"href":"https:\/\/investnews.com.br\/inv-api\/wp\/v2\/posts\/362188","targetHints":{"allow":["GET"]}}],"collection":[{"href":"https:\/\/investnews.com.br\/inv-api\/wp\/v2\/posts"}],"about":[{"href":"https:\/\/investnews.com.br\/inv-api\/wp\/v2\/types\/post"}],"author":[{"embeddable":true,"href":"https:\/\/investnews.com.br\/inv-api\/wp\/v2\/users\/61"}],"replies":[{"embeddable":true,"href":"https:\/\/investnews.com.br\/inv-api\/wp\/v2\/comments?post=362188"}],"version-history":[{"count":3,"href":"https:\/\/investnews.com.br\/inv-api\/wp\/v2\/posts\/362188\/revisions"}],"predecessor-version":[{"id":362193,"href":"https:\/\/investnews.com.br\/inv-api\/wp\/v2\/posts\/362188\/revisions\/362193"}],"wp:featuredmedia":[{"embeddable":true,"href":"https:\/\/investnews.com.br\/inv-api\/wp\/v2\/media\/313674"}],"wp:attachment":[{"href":"https:\/\/investnews.com.br\/inv-api\/wp\/v2\/media?parent=362188"}],"wp:term":[{"taxonomy":"category","embeddable":true,"href":"https:\/\/investnews.com.br\/inv-api\/wp\/v2\/categories?post=362188"},{"taxonomy":"post_tag","embeddable":true,"href":"https:\/\/investnews.com.br\/inv-api\/wp\/v2\/tags?post=362188"},{"taxonomy":"autor-wsj","embeddable":true,"href":"https:\/\/investnews.com.br\/inv-api\/wp\/v2\/autor-wsj?post=362188"},{"taxonomy":"author","embeddable":true,"href":"https:\/\/investnews.com.br\/inv-api\/wp\/v2\/coauthors?post=362188"}],"curies":[{"name":"wp","href":"https:\/\/api.w.org\/{rel}","templated":true}]}}