{"id":362415,"date":"2022-09-07T06:00:14","date_gmt":"2022-09-07T09:00:14","guid":{"rendered":"https:\/\/investnews.com.br\/?p=362415"},"modified":"2024-06-26T11:25:04","modified_gmt":"2024-06-26T14:25:04","slug":"eleicao-polarizada-e-democracia-ha-limites-a-respeitar-diz-humberto-dantas","status":"publish","type":"post","link":"https:\/\/investnews.com.br\/economia\/eleicao-polarizada-e-democracia-ha-limites-a-respeitar-diz-humberto-dantas\/","title":{"rendered":"Elei\u00e7\u00e3o polarizada e democracia: h\u00e1 limites a respeitar, diz Humberto Dantas"},"content":{"rendered":"\n<figure class=\"wp-block-embed is-type-video is-provider-youtube wp-block-embed-youtube wp-embed-aspect-16-9 wp-has-aspect-ratio\"><div class=\"wp-block-embed__wrapper\">\n<iframe loading=\"lazy\" title=\"Elei\u00e7\u00e3o polarizada: qual o problema? Em termos democr\u00e1ticos, nenhum, diz Humberto Dantas\" width=\"500\" height=\"281\" src=\"https:\/\/www.youtube.com\/embed\/ASHDP1cokGg?feature=oembed\" frameborder=\"0\" allow=\"accelerometer; autoplay; clipboard-write; encrypted-media; gyroscope; picture-in-picture; web-share\" referrerpolicy=\"strict-origin-when-cross-origin\" allowfullscreen><\/iframe>\n<\/div><\/figure>\n\n\n\n<p><strong>Polariza\u00e7\u00e3o pol\u00edtica<\/strong> pode n\u00e3o representar, necessariamente, um problema para o funcionamento da <strong>democracia<\/strong>. Mas, para isso, \u00e9 preciso que sejam respeitados alguns limites. A an\u00e1lise \u00e9 do cientista pol\u00edtico Humberto Dantas, diretor do Movimento Voto Consciente.&nbsp;<\/p>\n\n\n\n<p>\u201cN\u00e3o \u00e9 ruim, \u00e9 hist\u00f3rico, \u00e9 comum nas democracias, mas o que precisa ser conservado aqui s\u00e3o os<strong> limites da ordem e da Lei<\/strong>\u201d, disse ele em entrevista ao<em> InvestNews<\/em>, citando por exemplo limites para garantir a conviv\u00eancia entre ideias diferentes. \u201cFeito isso, as pessoas v\u00e3o ficar livres para se concentrarem nas extremidades ou olharem mais para o centro e fazerem suas escolhas e suas op\u00e7\u00f5es.\u201d<\/p>\n\n\n\n<p>Ainda falando sobre a democracia, Dantas tamb\u00e9m comentou exemplos de <strong>riscos<\/strong> que podem atingir essa forma de governo. \u201cSe eu, em nome de uma suposta e<strong> falaciosa liberdade ilimitada de express\u00e3o<\/strong>, passo a atacar as pessoas com as quais eu vivo e a desrespeit\u00e1-las na sua diversidade ou na nossa diversidade, eu tenho aqui facilmente um bom exemplo de afronta, desafio ou amea\u00e7a \u00e0 l\u00f3gica democr\u00e1tica.\u201d&nbsp;<\/p>\n\n\n\n<p>Outro tema da entrevista foi o impacto que a corrup\u00e7\u00e3o pode ter sobre a l\u00f3gica democr\u00e1tica e ao pr\u00f3prio processo eleitoral. \u201cA sociedade tem que se afastar de maneira absoluta da ideia de que uma elei\u00e7\u00e3o \u00e9 um tribunal\u201d, disse Dantas.&nbsp;&nbsp;<\/p>\n\n\n\n<p>\u201cQuando eu escolho este ou aquele candidato, esta ou aquela candidata, eu n\u00e3o estou dando nenhum tipo de<strong> senten\u00e7a de incrimina\u00e7\u00e3o ou inoc\u00eancia<\/strong> para esses indiv\u00edduos. Isso \u00e9 papel da Justi\u00e7a. Por isso, \u00e9 t\u00e3o ruim quando a gente constr\u00f3i um debate eleitoral em torno de &#8216;quem \u00e9 mais ou quem \u00e9 menos corrupto&#8217;\u201d, defende o cientista.&nbsp;<\/p>\n\n\n\n<p>A ideia \u00e9 que, em vez de \u201ctribunal\u201d, uma elei\u00e7\u00e3o deve ser vista como uma esp\u00e9cie de \u201c\u2018concurso\u2019 em que as pessoas escolhem as melhores ideias, os melhores planos, os melhores <a href=\"https:\/\/investnews.com.br\/economia\/planos-de-governo-veja-as-propostas-de-bolsonaro-e-lula-para-a-economia\/\">programas de governo<\/a>\u201d.<\/p>\n\n\n\n<p>Dantas \u00e9 doutor em ci\u00eancia pol\u00edtica pela USP e coordenador do curso de p\u00f3s-gradua\u00e7\u00e3o em ci\u00eancia pol\u00edtica da Funda\u00e7\u00e3o Escola de Sociologia e Pol\u00edtica de S\u00e3o Paulo (FESP-SP). Veja abaixo os principais trechos da entrevista:&nbsp;<\/p>\n\n\n\n<h4 class=\"wp-block-heading\"><strong>IN$ &#8211; Primeiro de tudo, o que \u00e9 democracia? Como podemos defini-la?<\/strong><\/h4>\n\n\n\n<p><strong>Dantas:<\/strong> Democracia \u00e9 uma l\u00f3gica ou uma forma de governo em que as pessoas, conjuntamente, dentro de um conjunto de regras, limites e leis pactuadas, constroem suas regras, suas leis e seus limites. Portanto, algo que nos permita viver em sociedade num sentido plural a partir do objetivo de constru\u00e7\u00e3o conjunta da realidade, respeitando limites estabelecidos conjuntamente. \u00c9 algo nosso, por n\u00f3s e para n\u00f3s, respeitando os limites constru\u00eddos por n\u00f3s.&nbsp;<\/p>\n\n\n\n<h4 class=\"wp-block-heading\"><strong>IN$: E o que \u00e9 o risco \u00e0 democracia? Quando se pode dizer que h\u00e1 sinal de amea\u00e7a \u00e0 democracia e quando n\u00e3o h\u00e1?<\/strong><\/h4>\n\n\n\n<p><strong>Dantas:<\/strong> S\u00e3o v\u00e1rios os riscos que existem \u00e0 democracia. Existem riscos de natureza hist\u00f3rica, <strong>m\u00e1s interpreta\u00e7\u00f5es em rela\u00e7\u00e3o \u00e0 Hist\u00f3ria<\/strong>, de m\u00e1s interpreta\u00e7\u00f5es em rela\u00e7\u00e3o a valores. Ent\u00e3o, a democracia tem que ser vista, compreendida, percebida e vivenciada como um valor cotidiano, como um valor presente na vida das pessoas. Por exemplo: se eu deixo de respeitar algum desses valores e passo a acreditar unilateralmente em aspectos que transcendem o combinado entre n\u00f3s, para a nossa vida em sociedade, eu posso dizer que existe risco \u00e0 democracia.&nbsp;<\/p>\n\n\n\n<p>Eu tamb\u00e9m posso desacreditar a pol\u00edtica, eu tamb\u00e9m posso sentir que a Justi\u00e7a n\u00e3o pune ou n\u00e3o \u00e9 minimamente equilibrada no que diz respeito \u00e0 sua capacidade de punir exageros. Ent\u00e3o, existe uma s\u00e9rie de aspectos gerais que podem, em alguma medida, amea\u00e7ar a democracia. <\/p>\n\n\n\n<blockquote class=\"wp-block-quote is-layout-flow wp-block-quote-is-layout-flow\">\n<p>Hoje, atualmente, um bom exemplo de amea\u00e7a \u00e0 democracia \u00e9 confus\u00e3o que as pessoas fazem entre uma suposta, falsa, falaciosa, perigosa liberdade ilimitada de express\u00e3o e a capacidade extraordin\u00e1ria que todos n\u00f3s devemos ter de entender que existem limites \u00e0s express\u00f5es individuais e, principalmente, que, dentro desses limites, existe uma necessidade absoluta de respeito os semelhantes que, neste caso, normalmente s\u00e3o diferentes.&nbsp;<\/p>\n<\/blockquote>\n\n\n\n<p>Se eu, em nome de uma suposta e falaciosa liberdade ilimitada de express\u00e3o, passo a atacar as pessoas com as quais eu vivo e a desrespeit\u00e1-las na sua diversidade ou na nossa diversidade, eu tenho aqui facilmente um bom exemplo de afronta, desafio ou amea\u00e7a \u00e0 l\u00f3gica democr\u00e1tica.&nbsp;<\/p>\n\n\n\n<h4 class=\"wp-block-heading\"><strong>IN$ &#8211; Um dos pilares da defesa da democracia \u00e9 a Constitui\u00e7\u00e3o. A Constitui\u00e7\u00e3o de 1988 \u00e9 suficiente para defender a democracia hoje, em sua opini\u00e3o, ou seria necess\u00e1ria alguma reformula\u00e7\u00e3o?<\/strong><\/h4>\n\n\n\n<p><strong>Dantas:<\/strong> Se n\u00f3s cr\u00eassemos de maneira absoluta na letra da Lei e na for\u00e7a da Lei e tiv\u00e9ssemos organismos de Justi\u00e7a minimamente capazes de dar estabilidade jur\u00eddica \u00e0s rela\u00e7\u00f5es entre as pessoas dentro da sociedade, seria absolutamente poss\u00edvel afirmar que a Constitui\u00e7\u00e3o Federal da Rep\u00fablica Federativa do Brasil d\u00e1 conta tranquilamente de parte expressiva dos par\u00e2metros daquilo que se entende e demanda em termos democr\u00e1ticos.&nbsp;<\/p>\n\n\n\n<p>A quest\u00e3o \u00e9 que n\u00f3s afrontamos a l\u00f3gica constitucional nos seus princ\u00edpios enquanto cidad\u00e3os e cidad\u00e3s.<strong> N\u00f3s exageramos, passamos por cima, atropelamos, interpretamos de formas equivocadas no nosso cotidiano<\/strong>. E, infelizmente, n\u00e3o temos organismos de Justi\u00e7a por vezes capazes de colocarem de maneira equilibrada nesses conflitos e nessas afrontas a ponto de fazer com que a gente restabele\u00e7a ou tente manter o estabelecimento da ordem. E isso \u00e9 muito desafiador.<\/p>\n\n\n\n<p>Agora, a Constitui\u00e7\u00e3o, de maneira fria, a letra da Lei, aquilo que est\u00e1 escrito, \u00e9 muito valioso para uma sociedade democr\u00e1tica. Ou seja, a Constitui\u00e7\u00e3o da Rep\u00fablica Federativa do Brasil, no que diz respeito ao desenho dos par\u00e2metros b\u00e1sicos para o funcionamento da democracia, em tese, \u00e9 o suficiente para a gente ter a garantia da democracia. Agora, o que a gente faz dela e como a gente atua politicamente, por vezes enquanto sociedade e muitas vezes individualmente, a\u00ed s\u00e3o desafios dos mais significativos &#8211; que demandam, inclusive uma atua\u00e7\u00e3o mais equilibrada da nossa Justi\u00e7a.&nbsp;<\/p>\n\n\n\n<h4 class=\"wp-block-heading\"><strong>IN$ &#8211; Como a corrup\u00e7\u00e3o interfere no sistema democr\u00e1tico?<\/strong><\/h4>\n\n\n\n<p><strong>Dantas<\/strong>: De maneira significativa, mas tamb\u00e9m de uma forma mais ampla em rela\u00e7\u00e3o \u00e0quilo que n\u00f3s estamos acostumados a enxergar como democracia. <\/p>\n\n\n\n<p>(&#8230;) A l\u00f3gica de escolha de representantes em ambientes democr\u00e1ticos \u00e9 parte do que n\u00f3s entendemos por democracia. Uma parte muito importante, a qual as pessoas por vezes n\u00e3o associam \u00e9: para uma democracia funcionar de maneira plena, ou de maneira minimamente equilibrada, n\u00f3s precisamos ter <strong>organismos de Justi\u00e7a que garantam o cumprimento das leis<\/strong>, desde que, obviamente, em termos democr\u00e1ticos, essas leis tenham sido constitu\u00eddas e constru\u00eddas democraticamente.&nbsp;<\/p>\n\n\n\n<p>Portanto, o funcionamento equilibrado da Justi\u00e7a, uma l\u00f3gica minimamente capaz de fazer com que as pessoas sintam quais s\u00e3o os limites, como elas ser\u00e3o punidas, o que pode e o que n\u00e3o pode etc, a ponto de chegarmos inclusive no debate sobre a corrup\u00e7\u00e3o, isso precisa existir e passa longe ou minimamente distante do <strong>voto<\/strong>.&nbsp;<\/p>\n\n\n\n<blockquote class=\"wp-block-quote is-layout-flow wp-block-quote-is-layout-flow\">\n<p>Agora, todos j\u00e1 ouviram falar daquela velha frase: &#8216;fui inocentado pelo mais nobre dos tribunais numa democracia, que s\u00e3o as urnas, portanto n\u00e3o sou corrupto porque o povo me quis&#8217;. Meu Deus do c\u00e9u! A sociedade tem que e afastar de maneira absoluta da ideia de que uma elei\u00e7\u00e3o \u00e9 um tribunal e de que os candidatos e candidatas est\u00e3o sendo julgados no que diz respeito \u00e0 quantidade de vezes que transcenderam a lei e cometeram crimes. N\u00e3o. Uma elei\u00e7\u00e3o \u00e9 um &#8220;concurso&#8221; em que as pessoas escolhem as melhores ideias, os melhores planos, os melhores programas de governo, os melhores ideais para a nossa vida em sociedade em termos ideol\u00f3gicos, em termos de funcionamento de pol\u00edticas p\u00fablicas etc. <\/p>\n<\/blockquote>\n\n\n\n<p>Isso passa muito longe da capacidade e da necessidade de existir essa capacidade jur\u00eddica de punir ou n\u00e3o punir pol\u00edticos em termos daquilo que fizeram ou deixaram de fazer em termos de corrup\u00e7\u00e3o. <strong>N\u00e3o \u00e9 papel do cidad\u00e3o. Isso \u00e9 papel da Justi\u00e7a.&nbsp;<\/strong><\/p>\n\n\n\n<p>Portanto, quando eu escolho este ou aquele candidato, esta ou aquela candidata, eu n\u00e3o estou dando nenhum tipo de<strong> <\/strong>senten\u00e7a de incrimina\u00e7\u00e3o ou inoc\u00eancia, coisas nessa natureza, para esses indiv\u00edduos. Isso \u00e9 papel da Justi\u00e7a. <strong>Por isso, \u00e9 t\u00e3o ruim quando a gente constr\u00f3i um debate eleitoral em torno de &#8216;quem \u00e9 mais ou quem \u00e9 menos corrupto&#8217;.<\/strong><\/p>\n\n\n\n<p>Qualquer ato de corrup\u00e7\u00e3o deveria ser punido pela Justi\u00e7a. E quis a sociedade que pessoas condenadas pela Justi\u00e7a n\u00e3o pudessem participar das elei\u00e7\u00f5es por uma l\u00f3gica da lei de iniciativa popular chamada Lei da Ficha Limpa. <\/p>\n\n\n\n<p>Ent\u00e3o, a elei\u00e7\u00e3o, a l\u00f3gica democr\u00e1tica, passa muito al\u00e9m do ambiente associado ao aspecto da corrup\u00e7\u00e3o, e esse aspecto da corrup\u00e7\u00e3o, democraticamente constru\u00eddo no que diz respeito ao seu desenho, precisa ser punido ou n\u00e3o pela Justi\u00e7a. E quanto mais a Justi\u00e7a for est\u00e1vel, maior a sensa\u00e7\u00e3o que n\u00f3s, enquanto eleitores, teremos de que poderemos promover as melhores escolhas, olhar para os melhores partidos, discutir as melhores propostas para as pol\u00edticas p\u00fablicas, o que passa longe de ficar dizendo se esse \u00e9 inocente, aquele \u00e9 culpado e coisas dessa natureza.&nbsp;<\/p>\n\n\n\n<h4 class=\"wp-block-heading\"><strong>IN$ &#8211; Muito tem se falado sobre polariza\u00e7\u00e3o pol\u00edtica, especialmente em per\u00edodo eleitoral. Quando a polariza\u00e7\u00e3o faz parte da l\u00f3gica democr\u00e1tica e quando se torna um problema?&nbsp;&nbsp;<\/strong><\/h4>\n\n\n\n<p><strong>Dantas<\/strong>: A polariza\u00e7\u00e3o em si, na letra da palavra, na l\u00f3gica, ela n\u00e3o \u00e9 t\u00e3o ruim. Mas eu n\u00e3o posso escapar dos limites daquilo que est\u00e1 estabelecido entre n\u00f3s em termos democr\u00e1ticos como limites \u00e0 nossa conviv\u00eancia.&nbsp;<\/p>\n\n\n\n<p>Eu n\u00e3o estou aqui para avaliar se o Lula est\u00e1 na esquerda extrema &#8211; e eu particularmente acho que n\u00e3o est\u00e1 &#8211; e tamb\u00e9m n\u00e3o estou aqui para avaliar se o Bolsonaro est\u00e1 na direita extrema &#8211; e eu acho que ele est\u00e1 muito mais perto ou muito al\u00e9m das extremidades da direita do que o Lula est\u00e1 \u00e0 esquerda. Mas isso \u00e9 uma percep\u00e7\u00e3o, uma posi\u00e7\u00e3o, uma poss\u00edvel an\u00e1lise, que deve respeitar todas as demais posi\u00e7\u00f5es, an\u00e1lises e reflex\u00f5es. O objetivo aqui n\u00e3o \u00e9 criar problemas, o objetivo aqui \u00e9 tentar responder perguntas.&nbsp;<\/p>\n\n\n\n<blockquote class=\"wp-block-quote is-layout-flow wp-block-quote-is-layout-flow\">\n<p>Ent\u00e3o, suponhamos que n\u00f3s tenhamos votos concentrados naquilo que, em tese, as pessoas entendem que sejam polos opostos. Qual o problema disso? Em termos democr\u00e1ticos, nenhum.&nbsp;<\/p>\n<\/blockquote>\n\n\n\n<p>N\u00f3s tivemos isso em 89 (Lula e Collor), n\u00f3s tivemos isso em 94 e 98 (Lula e Fernando Henrique, com Fernando Henrique ganhando em primeiro turno nas duas vezes), n\u00f3s tivemos isso entre Lula e Serra em 2022, entre Lula e Alckmin em 2006, entre Dilma e Serra em 2010, entre Dilma e A\u00e9cio em 2014 e entre Jair Bolsonaro e Fernando Haddad em 2018.\u00a0<strong>O que eu n\u00e3o posso \u00e9 extrapolar o limite, sair fora da linha.<\/strong><\/p>\n\n\n\n<ul class=\"wp-block-list\">\n<li><strong><em>Voc\u00ea sabe quem \u00e9 <\/em><\/strong><a href=\"https:\/\/investnews.com.br\/perfis\/fernando-haddad\/\" target=\"_blank\" rel=\"noreferrer noopener\">Fernando Haddad<\/a><strong><em>? Conhe\u00e7a sua forma\u00e7\u00e3o, cargos anteriores e mais<\/em><\/strong><\/li>\n<\/ul>\n\n\n\n<p>O importante \u00e9 destacar que existem elei\u00e7\u00f5es mais pr\u00f3ximas, elei\u00e7\u00f5es mais polarizadas e mais distantes. <strong>Hoje n\u00f3s temos uma elei\u00e7\u00e3o polarizada, distante<\/strong>, em que a gente pode aqui discutir se algu\u00e9m j\u00e1 ultrapassou os limites razo\u00e1veis da l\u00f3gica dos limites da direita ou dos limites da esquerda. Eu acho que a gente n\u00e3o precisa ficar tentando encontrar raz\u00e3o para isso, isso vai muito da avalia\u00e7\u00e3o das pessoas em geral. <\/p>\n\n\n\n<p>Mas uma coisa que \u00e9 importante dizer: hoje, <strong>Lula e Bolsonaro<\/strong>, nas <a href=\"https:\/\/investnews.com.br\/geral\/ipec-lula-tem-44-das-intencoes-de-voto-bolsonaro-tem-31\/\" class=\"rank-math-link\">pesquisas recentes divulgadas<\/a>, t\u00eam algo <strong>entre 75% e 80% do desejo de voto do brasileiro concentrado nesses dois nomes<\/strong> que s\u00e3o figuras que est\u00e3o em lugares diferentes, em polos opostos, ou pelo menos faixas distintas considerando a exist\u00eancia de um meio de campo ou de uma linha divis\u00f3ria de esquerda e direita e coisas dessa natureza.&nbsp;<\/p>\n\n\n\n<p><strong>N\u00e3o \u00e9 ruim, \u00e9 hist\u00f3rico, \u00e9 comum nas democracias<\/strong>, mas o que precisa ser conservado aqui s\u00e3o os<strong> limites da ordem e da Le<\/strong>i. Feito isso, as pessoas v\u00e3o ficar livres para se concentrarem nas extremidades ou olharem mais para o centro e fazerem suas escolhas e suas op\u00e7\u00f5es.<\/p>\n\n\n\n<h4 class=\"wp-block-heading\"><strong>IN$: Qual o impacto que discuss\u00f5es pol\u00edticas mal embasadas possam ter para um pa\u00eds, inclusive para o seu desenvolvimento?<\/strong><\/h4>\n\n\n\n<p><strong>Dantas:<\/strong> Vai desde sair do grupo de WhatsApp da fam\u00edlia at\u00e9 ter uma l\u00f3gica ou uma din\u00e2mica de intoler\u00e2ncia que fa\u00e7a com que as pessoas comecem a desmerecer e desacreditar, e querer romper aspectos pol\u00edticos basilares em termos democr\u00e1ticos. <\/p>\n\n\n\n<p>Isso quer dizer, vai de gestos agressivos em primeira pessoa, em brigas de pessoas que se conhecem e se gostam, trabalham juntas, se admiravam e tiveram qualquer tipo de problema, enfim&#8230;e criaram por assim dizer a \u201ctreta pol\u00edtica\u201d at\u00e9 algo infinitamente mais complexo no que diz respeito ao <strong>funcionamento de uma sociedade democr\u00e1tica<\/strong>, que \u00e9 a exist\u00eancia em larga escala de <strong>padr\u00f5es de intoler\u00e2ncia <\/strong>e desrespeitos que nos coloquem em situa\u00e7\u00f5es delicadas e perigosas em termos de funcionamento da democracia. <\/p>\n\n\n\n<p>Por exemplo, <strong>n\u00e3o respeitar e n\u00e3o aceitar o resultado de uma elei\u00e7\u00e3o<\/strong>, n\u00e3o concordar com aquilo que est\u00e1 posto no que diz direito \u00e0 vontade popular, desmerecer as regras e os instrumentos gerais da democracia e coisas desse tipo. Com isso, n\u00f3s n\u00e3o podemos concordar.&nbsp;<\/p>\n\n\n\n<h4 class=\"wp-block-heading\"><strong>IN$: Em um pa\u00eds t\u00e3o desigual quanto o Brasil, de que forma a justi\u00e7a social dialoga com esse debate sobre a democracia?<\/strong><\/h4>\n\n\n\n<p><strong>Dantas:<\/strong> A desigualdade social \u00e9 muito desafiadora para a democracia. Se conecta a uma l\u00f3gica de <strong>corromper o sistema<\/strong>, se compromete com uma l\u00f3gica de compreendermos efetivamente o que significa o direito de escolha dos indiv\u00edduos por vezes em situa\u00e7\u00f5es absolutamente extremas do ponto de vista da sobreviv\u00eancia. E a\u00ed a gente debate, discute, pensa, reflete desafios da democracia, coisas que existem na realidade brasileira, como <strong>compra de voto<\/strong>, uma s\u00e9rie de subvers\u00f5es basilares da l\u00f3gica das elei\u00e7\u00f5es, amea\u00e7as e coisas desse tipo. <\/p>\n\n\n\n<p>Porque \u00e9 uma sociedade desigual em v\u00e1rios sentidos. \u00c9 desigual do ponto de vista do acesso a recursos, \u00e9 desigual do ponto de vista econ\u00f4mico, \u00e9 desigual do ponto de vista de uma s\u00e9rie de direitos sociais b\u00e1sicos.<strong> \u00c9 desigual no que diz respeito a acesso ao conhecimento<\/strong>, acesso \u00e0 informa\u00e7\u00e3o. <\/p>\n\n\n\n<p>E isso vai se aprofundando no imenso caldo de desigualdades que nos faz pensar no quanto n\u00f3s ainda temos para construir em termos democr\u00e1ticos para que constru\u00edssemos minimamente uma <strong>condi\u00e7\u00e3o de igualdade para que as pessoas pudessem tomar as suas decis\u00f5es<\/strong>. E para quem pudessem compreender de forma mais complexa o grau das nossas diferen\u00e7as e que, obviamente, essas diferen\u00e7as se expressam na forma como n\u00f3s escolhemos, os partidos que n\u00f3s preferimos, nas ideologias que n\u00f3s temos \u00e0 disposi\u00e7\u00e3o de n\u00f3s e desejamos e em qual intensidade, mais \u00e0 direita ou mais \u00e0 esquerda, nem tanto \u00e0 direita ou nem tanto \u00e0 esquerda, no centro e coisas dessa natureza. <\/p>\n\n\n\n<p>Quer dizer: a gente precisa arrefecer todo esse caldo de desigualdades para que definitivamente as pessoas se sintam minimamente capazes de compreender, na sua complexidade, e diante das suas leituras de mundo, aquilo que lhes parece lhes parece melhor em termos de realidade, com base no voto, no acompanhamento dos eleitos, na possibilidade de se fazer uma oposi\u00e7\u00e3o minimamente equilibrada, respons\u00e1vel, mas tamb\u00e9m cr\u00edtica, intensa dentro dos limites da regra e coisas dessa natureza.&nbsp;<\/p>\n\n\n\n<h4 class=\"wp-block-heading\"><strong>IN$: O brasileiro em geral est\u00e1 preparado para o exerc\u00edcio da democracia?<\/strong><\/h4>\n\n\n\n<p><strong>Dantas: <\/strong>Em termos formais, olhando para como a gente forma os nossos indiv\u00edduos nas escolas, que tipo de informa\u00e7\u00e3o n\u00f3s damos aos nossos jovens, que tipo de informa\u00e7\u00e3o n\u00f3s, que j\u00e1 temos mais idade, tiramos das escolas quando frequentamos, em termos pol\u00edticos formais, se somos capazes de entender o sistema eleitoral brasileiro, o sistema majorit\u00e1rio, a l\u00f3gica proporcional, para que servem os poderes, para que servem as organiza\u00e7\u00f5es onde est\u00e3o sitiados os nossos representantes, como eles fazem, quais s\u00e3o suas responsabilidades, talvez a gente ainda esteja muito, muito distante disso.<\/p>\n\n\n\n<blockquote class=\"wp-block-quote is-layout-flow wp-block-quote-is-layout-flow\">\n<p>N\u00f3s temos severas dificuldades para entender principalmente o papel do Legislativo, dos partidos pol\u00edticos, os limites associados \u00e0 atua\u00e7\u00e3o dos \u00f3rg\u00e3os de Justi\u00e7a e, por vezes, mesmo temos dificuldade de compreender o papel do poder Executivo, a quem, muitos cidad\u00e3os emprestam interpreta\u00e7\u00f5es muito mais condizentes com semideuses, imperadores, autocratas etc, do que indiv\u00edduos que t\u00eam que ser minimamente dotados de sensibilidade pol\u00edtica, capacidade de articula\u00e7\u00e3o, capacidade de negocia\u00e7\u00e3o (e eu n\u00e3o estou aqui falando de corrup\u00e7\u00e3o e coisas dessa natureza), constru\u00e7\u00e3o conjunta, valida\u00e7\u00e3o de um plano (lembremos, por exemplo, que uma elei\u00e7\u00e3o \u00e9 um grande &#8216;concurso&#8217; de planos apresentados \u00e0 sociedade). <\/p>\n<\/blockquote>\n\n\n\n<p>Ent\u00e3o, que sirva de desafio a todo instante, a democracia \u00e9 algo que exige cuidado, exige reparo, exige que a gente esteja sempre atento e, mais do que tudo isso, exige conhecimento e capacidade de interpretarmos aquilo que temos \u00e0 nossa disposi\u00e7\u00e3o, traduzindo isso como direitos pol\u00edticos fundamentais para o acesso a tantos outros direitos, seja no que diz respeito a novas conquistas, a mudan\u00e7as ou a valida\u00e7\u00e3o e aprimoramento das pol\u00edticas p\u00fablicas existentes. Eu acho que esse \u00e9 o grande desafio. <\/p>\n\n\n\n<p>E a gente espera todo ano que a gente amadure\u00e7a mais um pouco, por mais que, por vezes, a gente fique com a sensa\u00e7\u00e3o de que retrocedeu. Mas tamb\u00e9m por vezes a gente fica com a sensa\u00e7\u00e3o de que andou um pouquinho para frente. \u00c9 um exerc\u00edcio de f\u00f4lego, de longo prazo, e a gente espera sempre poder contribuir para aprimorar isso da melhor maneira poss\u00edvel.<\/p>\n\n\n\n<figure class=\"wp-block-image size-large\"><img loading=\"lazy\" decoding=\"async\" width=\"1024\" height=\"683\" src=\"https:\/\/media.investnews.com.br\/uploads\/2022\/09\/DSC_2256-1024x683.jpg\" alt=\"Humberto Dantas, cientista pol\u00edtico. (Foto: Divulga\u00e7\u00e3o)\" class=\"wp-image-362446\" srcset=\"https:\/\/media.investnews.com.br\/uploads\/2022\/09\/DSC_2256-1024x683.jpg 1024w, https:\/\/media.investnews.com.br\/uploads\/2022\/09\/DSC_2256-300x200.jpg 300w, https:\/\/media.investnews.com.br\/uploads\/2022\/09\/DSC_2256-768x512.jpg 768w, https:\/\/media.investnews.com.br\/uploads\/2022\/09\/DSC_2256-1536x1024.jpg 1536w, https:\/\/media.investnews.com.br\/uploads\/2022\/09\/DSC_2256-1256x837.jpg 1256w, https:\/\/media.investnews.com.br\/uploads\/2022\/09\/DSC_2256-172x115.jpg 172w, https:\/\/media.investnews.com.br\/uploads\/2022\/09\/DSC_2256-150x100.jpg 150w, https:\/\/media.investnews.com.br\/uploads\/2022\/09\/DSC_2256.jpg 2048w\" sizes=\"auto, (max-width: 1024px) 100vw, 1024px\" \/><figcaption class=\"wp-element-caption\">Humberto Dantas, cientista pol\u00edtico. (Foto: Divulga\u00e7\u00e3o)<\/figcaption><\/figure>\n","protected":false},"excerpt":{"rendered":"<p>Cientista pol\u00edtico explica por que a polariza\u00e7\u00e3o n\u00e3o \u00e9 necessariamente um problema.<\/p>\n","protected":false},"author":31,"featured_media":362446,"comment_status":"closed","ping_status":"open","sticky":false,"template":"","format":"standard","meta":{"_acf_changed":false,"inline_featured_image":false,"footnotes":""},"categories":[5],"tags":[763,234,2370],"autor-wsj":[],"coauthors":[1908,101284],"class_list":["post-362415","post","type-post","status-publish","format-standard","has-post-thumbnail","hentry","category-economia","tag-eleicoes","tag-jair-bolsonaro","tag-luiz-inacio-lula-da-silva"],"acf":[],"amp_enabled":true,"_links":{"self":[{"href":"https:\/\/investnews.com.br\/inv-api\/wp\/v2\/posts\/362415","targetHints":{"allow":["GET"]}}],"collection":[{"href":"https:\/\/investnews.com.br\/inv-api\/wp\/v2\/posts"}],"about":[{"href":"https:\/\/investnews.com.br\/inv-api\/wp\/v2\/types\/post"}],"author":[{"embeddable":true,"href":"https:\/\/investnews.com.br\/inv-api\/wp\/v2\/users\/31"}],"replies":[{"embeddable":true,"href":"https:\/\/investnews.com.br\/inv-api\/wp\/v2\/comments?post=362415"}],"version-history":[{"count":17,"href":"https:\/\/investnews.com.br\/inv-api\/wp\/v2\/posts\/362415\/revisions"}],"predecessor-version":[{"id":557516,"href":"https:\/\/investnews.com.br\/inv-api\/wp\/v2\/posts\/362415\/revisions\/557516"}],"wp:featuredmedia":[{"embeddable":true,"href":"https:\/\/investnews.com.br\/inv-api\/wp\/v2\/media\/362446"}],"wp:attachment":[{"href":"https:\/\/investnews.com.br\/inv-api\/wp\/v2\/media?parent=362415"}],"wp:term":[{"taxonomy":"category","embeddable":true,"href":"https:\/\/investnews.com.br\/inv-api\/wp\/v2\/categories?post=362415"},{"taxonomy":"post_tag","embeddable":true,"href":"https:\/\/investnews.com.br\/inv-api\/wp\/v2\/tags?post=362415"},{"taxonomy":"autor-wsj","embeddable":true,"href":"https:\/\/investnews.com.br\/inv-api\/wp\/v2\/autor-wsj?post=362415"},{"taxonomy":"author","embeddable":true,"href":"https:\/\/investnews.com.br\/inv-api\/wp\/v2\/coauthors?post=362415"}],"curies":[{"name":"wp","href":"https:\/\/api.w.org\/{rel}","templated":true}]}}