{"id":362616,"date":"2022-09-08T08:11:00","date_gmt":"2022-09-08T11:11:00","guid":{"rendered":"https:\/\/investnews.com.br\/?p=362616"},"modified":"2025-08-08T16:48:40","modified_gmt":"2025-08-08T19:48:40","slug":"rainha-elizabeth-esta-sob-cuidados-medicos-e-familia-se-reune-na-escocia","status":"publish","type":"post","link":"https:\/\/investnews.com.br\/economia\/rainha-elizabeth-esta-sob-cuidados-medicos-e-familia-se-reune-na-escocia\/","title":{"rendered":"Rainha Elizabeth est\u00e1 sob cuidados m\u00e9dicos e fam\u00edlia se re\u00fane na Esc\u00f3cia"},"content":{"rendered":"<p>Familiares se apressaram para ficar ao lado da rainha Elizabeth depois que m\u00e9dicos disseram que estavam preocupados com a sa\u00fade da monarca brit\u00e2nica de 96 anos, nesta quinta-feira (8), dizendo que ela deveria permanecer sob supervis\u00e3o m\u00e9dica.<\/p><p>A rainha, a soberana com o reinado mais longo do Reino Unido e a monarca mais velha do mundo, sofre do que o Pal\u00e1cio de Buckingham tem chamado de &#8220;problemas de mobilidade epis\u00f3dicos&#8221; desde o final do ano passado.<\/p><blockquote class=\"wp-block-quote is-layout-flow wp-block-quote-is-layout-flow\"><p>&#8220;Ap\u00f3s uma avalia\u00e7\u00e3o mais aprofundada esta manh\u00e3, os m\u00e9dicos da rainha est\u00e3o preocupados com a sa\u00fade de Sua Majestade e recomendaram que ela permane\u00e7a sob supervis\u00e3o m\u00e9dica&#8221;, disse o pal\u00e1cio em comunicado.<\/p><\/blockquote><p>&#8220;A rainha continua confort\u00e1vel e em Balmoral&#8221;, informou o pal\u00e1cio.<\/p><p>Seu filho mais velho e herdeiro, o pr\u00edncipe Charles, e a esposa Camilla viajaram para a casa escocesa onde a rainha est\u00e1 hospedada, o Castelo de Balmoral, junto com o filho mais velho de Charles, o pr\u00edncipe William, disseram autoridades. Outros familiares tamb\u00e9m estavam reunidos no local.<\/p><p>Na quarta-feira (7), a rainha foi for\u00e7ada a cancelar uma reuni\u00e3o virtual planejada com ministros depois de ser aconselhada a descansar por seus m\u00e9dicos.<\/p><p>No dia anterior, ela havia sido fotografada nomeando Liz Truss como a nova primeira-ministra do pa\u00eds em sua casa escocesa, o Castelo de Balmoral.<\/p><p>Truss disse que todo o pa\u00eds est\u00e1 profundamente preocupado com a not\u00edcia.<\/p><blockquote class=\"wp-block-quote is-layout-flow wp-block-quote-is-layout-flow\"><p>&#8220;Meus pensamentos &#8211; e os pensamentos das pessoas em todo o Reino Unido &#8211; est\u00e3o com Sua Majestade a Rainha e sua fam\u00edlia neste momento&#8221;, declarou ela.<\/p><\/blockquote><p>Em outubro passado, Elizabeth passou uma noite no hospital e foi for\u00e7ada a reduzir seus compromissos p\u00fablicos desde ent\u00e3o.<\/p><p>Elizabeth \u00e9 rainha do Reino Unido e de mais de uma dezena de outros pa\u00edses desde 1952, e no in\u00edcio deste ano comemorou seu 70\u00ba anivers\u00e1rio no trono.<\/p><figure class=\"wp-block-image size-large\"><img loading=\"lazy\" decoding=\"async\" width=\"840\" height=\"417\" src=\"https:\/\/media.investnews.com.br\/uploads\/2021\/01\/Rainha-Elizabeth-II-840x417-1.jpg\" alt=\"Rainha Elizabeth II sorrindo, com chap\u00e9u pink floral, casaco combinando e colar de p\u00e9rolas.\" class=\"wp-image-218917\" srcset=\"https:\/\/media.investnews.com.br\/uploads\/2021\/01\/Rainha-Elizabeth-II-840x417-1.jpg 840w, https:\/\/media.investnews.com.br\/uploads\/2021\/01\/Rainha-Elizabeth-II-840x417-1-300x149.jpg 300w, https:\/\/media.investnews.com.br\/uploads\/2021\/01\/Rainha-Elizabeth-II-840x417-1-768x381.jpg 768w, https:\/\/media.investnews.com.br\/uploads\/2021\/01\/Rainha-Elizabeth-II-840x417-1-172x85.jpg 172w, https:\/\/media.investnews.com.br\/uploads\/2021\/01\/Rainha-Elizabeth-II-840x417-1-200x100.jpg 200w, https:\/\/media.investnews.com.br\/uploads\/2021\/01\/Rainha-Elizabeth-II-840x417-1-150x74.jpg 150w\" sizes=\"auto, (max-width: 840px) 100vw, 840px\" \/><\/figure>\n","protected":false},"excerpt":{"rendered":"<p>Monarca brit\u00e2nica, de 96 anos, foi obrigada a cancelar uma reuni\u00e3o virtual na quarta (7) e aconselhada a descansar pelos m\u00e9dicos.<\/p>\n","protected":false},"author":61,"featured_media":362617,"comment_status":"closed","ping_status":"open","sticky":false,"template":"","format":"standard","meta":{"_acf_changed":false,"inline_featured_image":false,"footnotes":""},"categories":[5],"tags":[350],"autor-wsj":[],"coauthors":[2494],"class_list":["post-362616","post","type-post","status-publish","format-standard","has-post-thumbnail","hentry","category-economia","tag-reino-unido"],"acf":[],"amp_enabled":true,"_links":{"self":[{"href":"https:\/\/investnews.com.br\/inv-api\/wp\/v2\/posts\/362616","targetHints":{"allow":["GET"]}}],"collection":[{"href":"https:\/\/investnews.com.br\/inv-api\/wp\/v2\/posts"}],"about":[{"href":"https:\/\/investnews.com.br\/inv-api\/wp\/v2\/types\/post"}],"author":[{"embeddable":true,"href":"https:\/\/investnews.com.br\/inv-api\/wp\/v2\/users\/61"}],"replies":[{"embeddable":true,"href":"https:\/\/investnews.com.br\/inv-api\/wp\/v2\/comments?post=362616"}],"version-history":[{"count":3,"href":"https:\/\/investnews.com.br\/inv-api\/wp\/v2\/posts\/362616\/revisions"}],"predecessor-version":[{"id":704927,"href":"https:\/\/investnews.com.br\/inv-api\/wp\/v2\/posts\/362616\/revisions\/704927"}],"wp:featuredmedia":[{"embeddable":true,"href":"https:\/\/investnews.com.br\/inv-api\/wp\/v2\/media\/362617"}],"wp:attachment":[{"href":"https:\/\/investnews.com.br\/inv-api\/wp\/v2\/media?parent=362616"}],"wp:term":[{"taxonomy":"category","embeddable":true,"href":"https:\/\/investnews.com.br\/inv-api\/wp\/v2\/categories?post=362616"},{"taxonomy":"post_tag","embeddable":true,"href":"https:\/\/investnews.com.br\/inv-api\/wp\/v2\/tags?post=362616"},{"taxonomy":"autor-wsj","embeddable":true,"href":"https:\/\/investnews.com.br\/inv-api\/wp\/v2\/autor-wsj?post=362616"},{"taxonomy":"author","embeddable":true,"href":"https:\/\/investnews.com.br\/inv-api\/wp\/v2\/coauthors?post=362616"}],"curies":[{"name":"wp","href":"https:\/\/api.w.org\/{rel}","templated":true}]}}