{"id":364306,"date":"2022-09-14T09:47:52","date_gmt":"2022-09-14T12:47:52","guid":{"rendered":"https:\/\/investnews.com.br\/?p=364306"},"modified":"2022-09-14T12:07:40","modified_gmt":"2022-09-14T15:07:40","slug":"vendas-no-varejo-recuam-08-em-julho-e-tem-terceiro-mes-seguido-de-queda","status":"publish","type":"post","link":"https:\/\/investnews.com.br\/economia\/vendas-no-varejo-recuam-08-em-julho-e-tem-terceiro-mes-seguido-de-queda\/","title":{"rendered":"Vendas no varejo recuam 0,8% em julho e t\u00eam terceiro m\u00eas seguido de queda"},"content":{"rendered":"\n<p>O volume de <strong>vendas do com\u00e9rcio varejista<\/strong> no pa\u00eds recuou 0,8% em julho, na compara\u00e7\u00e3o com junho, apresentando o terceiro m\u00eas consecutivo de taxa negativa, segundo dados da Pesquisa Mensal de Com\u00e9rcio (PMC), divulgada nesta quarta-feira (14) pelo Instituto&nbsp;Brasileiro de Geografia e Estat\u00edstica (IBGE). <\/p>\n\n\n\n<figure class=\"wp-block-image size-large\"><img loading=\"lazy\" decoding=\"async\" width=\"895\" height=\"540\" src=\"https:\/\/media.investnews.com.br\/uploads\/2022\/09\/varejo.png\" alt=\"\" class=\"wp-image-364313\" srcset=\"https:\/\/media.investnews.com.br\/uploads\/2022\/09\/varejo.png 895w, https:\/\/media.investnews.com.br\/uploads\/2022\/09\/varejo-300x181.png 300w, https:\/\/media.investnews.com.br\/uploads\/2022\/09\/varejo-768x463.png 768w, https:\/\/media.investnews.com.br\/uploads\/2022\/09\/varejo-172x104.png 172w, https:\/\/media.investnews.com.br\/uploads\/2022\/09\/varejo-150x91.png 150w\" sizes=\"auto, (max-width: 895px) 100vw, 895px\" \/><\/figure>\n\n\n\n<p> Com o resultado, no acumulado de 2022, o varejo registra varia\u00e7\u00e3o de 0,4%. J\u00e1 nos \u00faltimos 12 meses, o setor acumula queda de 1,8%. <\/p>\n\n\n\n<figure class=\"wp-block-image size-large\"><img loading=\"lazy\" decoding=\"async\" width=\"895\" height=\"540\" src=\"https:\/\/media.investnews.com.br\/uploads\/2022\/09\/varejo2.png\" alt=\"\" class=\"wp-image-364319\" srcset=\"https:\/\/media.investnews.com.br\/uploads\/2022\/09\/varejo2.png 895w, https:\/\/media.investnews.com.br\/uploads\/2022\/09\/varejo2-300x181.png 300w, https:\/\/media.investnews.com.br\/uploads\/2022\/09\/varejo2-768x463.png 768w, https:\/\/media.investnews.com.br\/uploads\/2022\/09\/varejo2-172x104.png 172w, https:\/\/media.investnews.com.br\/uploads\/2022\/09\/varejo2-150x91.png 150w\" sizes=\"auto, (max-width: 895px) 100vw, 895px\" \/><\/figure>\n\n\n\n<p>J\u00e1 na compara\u00e7\u00e3o com julho de 2021, o com\u00e9rcio varejista caiu 5,2%.&nbsp; <\/p>\n\n\n\n<figure class=\"wp-block-image size-large\"><img loading=\"lazy\" decoding=\"async\" width=\"895\" height=\"540\" src=\"https:\/\/media.investnews.com.br\/uploads\/2022\/09\/varejo3.png\" alt=\"\" class=\"wp-image-364322\" srcset=\"https:\/\/media.investnews.com.br\/uploads\/2022\/09\/varejo3.png 895w, https:\/\/media.investnews.com.br\/uploads\/2022\/09\/varejo3-300x181.png 300w, https:\/\/media.investnews.com.br\/uploads\/2022\/09\/varejo3-768x463.png 768w, https:\/\/media.investnews.com.br\/uploads\/2022\/09\/varejo3-172x104.png 172w, https:\/\/media.investnews.com.br\/uploads\/2022\/09\/varejo3-150x91.png 150w\" sizes=\"auto, (max-width: 895px) 100vw, 895px\" \/><\/figure>\n\n\n\n<p>No com\u00e9rcio varejista ampliado, por sua vez, que inclui as atividades de ve\u00edculos, motos, partes e pe\u00e7as e de material de constru\u00e7\u00e3o, o volume de vendas em julho caiu 0,7% frente a junho e 6,8% contra julho de 2021. <\/p>\n\n\n\n<p>De acordo com o gerente da pesquisa, Cristiano Santos, a terceira queda seguida ap\u00f3s meses de alta demonstra a retomada da trajet\u00f3ria irregular detectada desde o per\u00edodo mais grave da pandemia. &#8220;O setor repete a trajet\u00f3ria que vem acontecendo desde mar\u00e7o de 2020, com alta volatilidade\u201d, explica. <\/p>\n\n\n\n<p>O m\u00eas de abril foi o \u00faltimo com crescimento. Desde ent\u00e3o, maio, junho e julho acumulam recuo de 2,7%. Por conta desses resultados, o setor se encontra praticamente do mesmo n\u00edvel do per\u00edodo pr\u00e9-pandemia, fevereiro de 2020, com varia\u00e7\u00e3o de 0,5%. \u201cEsse patamar j\u00e1 esteve muito mais alto. Em julho de 2021, apresentou 5,3% acima de fevereiro de 2020\u201d, relembra Santos.<\/p>\n\n\n\n<p>Entretanto, na compara\u00e7\u00e3o com o n\u00edvel pr\u00e9-pandemia, o com\u00e9rcio varejista mostra desigualdades em termos setoriais. H\u00e1 atividades muito acima, caso de artigos farmac\u00eauticos, m\u00e9dicos, ortop\u00e9dicos e de perfumaria (20,7%), combust\u00edveis e lubrificantes (11,3%), material de constru\u00e7\u00e3o (2,3%) e hiper, supermercados, produtos aliment\u00edcios, bebidas e fumo (2,2%). <\/p>\n\n\n\n<p>J\u00e1 outras est\u00e3o em patamar muito abaixo, caso de livros, jornais, revistas e papelaria (-37,2%), com uma trajet\u00f3ria de perda muito por conta da pr\u00f3pria l\u00f3gica contempor\u00e2nea do mercado, al\u00e9m de tecidos, vestu\u00e1rio e cal\u00e7ados (-25,6%), m\u00f3veis e eletrodom\u00e9sticos (-18,4%) e ve\u00edculos e motos, partes e pe\u00e7as (-12,4%). <\/p>\n\n\n\n<h2 class=\"wp-block-heading\"><strong>Atividade com alta nas vendas<\/strong><\/h2>\n\n\n\n<p> Apenas a atividade de combust\u00edveis e lubrificantes (12,2%) mostrou crescimento. \u201cResultado da pol\u00edtica de redu\u00e7\u00e3o do pre\u00e7o dos combust\u00edveis\u201d, justifica Santos, destacando a <a href=\"https:\/\/investnews.com.br\/guias\/deflacao\/\">defla\u00e7\u00e3o<\/a> de 14,15% no item demonstrado no <a class=\"rank-math-link\" href=\"https:\/\/investnews.com.br\/economia\/ipca-cai-068-em-julho-e-tem-menor-taxa-desde-inicio-da-serie-historica-em-1980\/\">IPCA de julho<\/a>.  <\/p>\n\n\n\n<p>Por outro lado, nove das 10 atividades pesquisadas ca\u00edram em julho, contando com o varejo ampliado. O maior recuo foi em tecidos, vestu\u00e1rio e cal\u00e7ados (-17,1%). <\/p>\n\n\n\n<p>Para Cristiano, o comportamento na atividade tem alguns fatores. \u201cAlgumas das grandes cadeias comerciais apresentaram redu\u00e7\u00e3o na receita, sobretudo na parte de cal\u00e7ados. Al\u00e9m disso, pode haver tamb\u00e9m escolhas do consumidor, considerando a redu\u00e7\u00e3o da capacidade do consumo atual\u201d, afirma.<\/p>\n\n\n\n<p>As demais quedas foram em m\u00f3veis e eletrodom\u00e9sticos (-3,0%), livros, jornais, revistas e papelaria (-2,0%), equipamentos e material para escrit\u00f3rio inform\u00e1tica e comunica\u00e7\u00e3o (-1,5%), artigos farmac\u00eauticos, m\u00e9dicos, ortop\u00e9dicos e de perfumaria (-1,4%), hiper, supermercados, produtos aliment\u00edcios, bebidas e fumo (-0,6%) e outros artigos de uso pessoal e dom\u00e9stico (-0,5%). <\/p>\n\n\n\n<p>J\u00e1 no com\u00e9rcio varejista ampliado, ambas os setores tiveram queda: ve\u00edculos e motos, partes e pe\u00e7as (-2,7%) e material de constru\u00e7\u00e3o (-2,0%).<\/p>\n\n\n\n<p><em><strong>(*Com informa\u00e7\u00f5es da ag\u00eancia IBGE.)<\/strong><\/em><\/p>\n","protected":false},"excerpt":{"rendered":"<p>No acumulado de 2022, o varejo registra varia\u00e7\u00e3o de 0,4%. J\u00e1 nos \u00faltimos 12 meses, o setor acumula queda de 1,8%. <\/p>\n","protected":false},"author":7,"featured_media":359365,"comment_status":"closed","ping_status":"open","sticky":false,"template":"","format":"standard","meta":{"_acf_changed":false,"inline_featured_image":false,"footnotes":""},"categories":[5],"tags":[54,376],"autor-wsj":[],"coauthors":[1494],"class_list":["post-364306","post","type-post","status-publish","format-standard","has-post-thumbnail","hentry","category-economia","tag-ibge","tag-varejo"],"acf":[],"amp_enabled":true,"_links":{"self":[{"href":"https:\/\/investnews.com.br\/inv-api\/wp\/v2\/posts\/364306","targetHints":{"allow":["GET"]}}],"collection":[{"href":"https:\/\/investnews.com.br\/inv-api\/wp\/v2\/posts"}],"about":[{"href":"https:\/\/investnews.com.br\/inv-api\/wp\/v2\/types\/post"}],"author":[{"embeddable":true,"href":"https:\/\/investnews.com.br\/inv-api\/wp\/v2\/users\/7"}],"replies":[{"embeddable":true,"href":"https:\/\/investnews.com.br\/inv-api\/wp\/v2\/comments?post=364306"}],"version-history":[{"count":33,"href":"https:\/\/investnews.com.br\/inv-api\/wp\/v2\/posts\/364306\/revisions"}],"predecessor-version":[{"id":364420,"href":"https:\/\/investnews.com.br\/inv-api\/wp\/v2\/posts\/364306\/revisions\/364420"}],"wp:featuredmedia":[{"embeddable":true,"href":"https:\/\/investnews.com.br\/inv-api\/wp\/v2\/media\/359365"}],"wp:attachment":[{"href":"https:\/\/investnews.com.br\/inv-api\/wp\/v2\/media?parent=364306"}],"wp:term":[{"taxonomy":"category","embeddable":true,"href":"https:\/\/investnews.com.br\/inv-api\/wp\/v2\/categories?post=364306"},{"taxonomy":"post_tag","embeddable":true,"href":"https:\/\/investnews.com.br\/inv-api\/wp\/v2\/tags?post=364306"},{"taxonomy":"autor-wsj","embeddable":true,"href":"https:\/\/investnews.com.br\/inv-api\/wp\/v2\/autor-wsj?post=364306"},{"taxonomy":"author","embeddable":true,"href":"https:\/\/investnews.com.br\/inv-api\/wp\/v2\/coauthors?post=364306"}],"curies":[{"name":"wp","href":"https:\/\/api.w.org\/{rel}","templated":true}]}}