{"id":364398,"date":"2022-09-14T11:39:41","date_gmt":"2022-09-14T14:39:41","guid":{"rendered":"https:\/\/investnews.com.br\/?p=364398"},"modified":"2022-09-14T11:45:37","modified_gmt":"2022-09-14T14:45:37","slug":"dona-da-zara-planeja-aumentar-precos-de-roupas","status":"publish","type":"post","link":"https:\/\/investnews.com.br\/negocios\/dona-da-zara-planeja-aumentar-precos-de-roupas\/","title":{"rendered":"Dona da Zara planeja aumentar pre\u00e7os de roupas"},"content":{"rendered":"\n<p>A empresa propriet\u00e1ria da marca <strong>Zara<\/strong>, Inditex, disse nesta quarta-feira (14) que planeja aumentar os pre\u00e7os novamente no outono do Hemisf\u00e9rio Norte, \u00e0 medida que um dos maiores varejistas de roupas do mundo tenta compensar os custos crescentes.<\/p>\n\n\n\n<p>Ap\u00f3s os aumentos de pre\u00e7os na primavera e no ver\u00e3o, a Inditex elevar\u00e1 os pre\u00e7os novamente no segundo semestre do ano, disse o diretor financeiro da empresa, Ignacio Fern\u00e1ndez.<\/p>\n\n\n\n<figure class=\"wp-block-image size-large\"><img loading=\"lazy\" decoding=\"async\" width=\"1024\" height=\"518\" src=\"https:\/\/media.investnews.com.br\/uploads\/2022\/08\/Zara-1920x971-1-1024x518.jpg\" alt=\"Zara\" class=\"wp-image-356277\" srcset=\"https:\/\/media.investnews.com.br\/uploads\/2022\/08\/Zara-1920x971-1-1024x518.jpg 1024w, https:\/\/media.investnews.com.br\/uploads\/2022\/08\/Zara-1920x971-1-300x152.jpg 300w, https:\/\/media.investnews.com.br\/uploads\/2022\/08\/Zara-1920x971-1-768x388.jpg 768w, https:\/\/media.investnews.com.br\/uploads\/2022\/08\/Zara-1920x971-1-1536x777.jpg 1536w, https:\/\/media.investnews.com.br\/uploads\/2022\/08\/Zara-1920x971-1-1256x635.jpg 1256w, https:\/\/media.investnews.com.br\/uploads\/2022\/08\/Zara-1920x971-1-172x87.jpg 172w, https:\/\/media.investnews.com.br\/uploads\/2022\/08\/Zara-1920x971-1-200x100.jpg 200w, https:\/\/media.investnews.com.br\/uploads\/2022\/08\/Zara-1920x971-1-150x76.jpg 150w, https:\/\/media.investnews.com.br\/uploads\/2022\/08\/Zara-1920x971-1.jpg 1920w\" sizes=\"auto, (max-width: 1024px) 100vw, 1024px\" \/><figcaption>Loja da rede varejista Zara. (Cr\u00e9dito: Divulga\u00e7\u00e3o)<\/figcaption><\/figure>\n\n\n\n<p>A companhia registrou um salto de 41% no <a href=\"https:\/\/investnews.com.br\/guias\/lucro-liquido\/\">lucro l\u00edquido<\/a> nos seis meses at\u00e9 o final de julho ante um ano antes, enquanto as vendas l\u00edquidas cresceram em cerca de um quarto.<\/p>\n\n\n\n<p>&#8220;O n\u00edvel de novidade, qualidade e design de nossas cole\u00e7\u00f5es est\u00e1 impulsionando nossas vendas, mas obviamente estamos sempre pensando em uma pol\u00edtica de pre\u00e7os est\u00e1vel&#8221;, disse Fern\u00e1ndez, apontando para um aumento no pre\u00e7o m\u00e9dio de um d\u00edgito.<\/p>\n\n\n\n<h2 class=\"wp-block-heading\">Vendas e demanda por moda<\/h2>\n\n\n\n<p>O presidente-executivo da companhia, \u00d3scar Garc\u00eda Maceiras, disse que as vendas aumentaram nas \u00faltimas semanas e que tem forte confian\u00e7a no potencial de crescimento da empresa no longo prazo, apesar das preocupa\u00e7\u00f5es dos investidores sobre a diminui\u00e7\u00e3o da demanda por moda em meio ao aumento do custo de vida.<\/p>\n\n\n\n<p>Os resultados foram superiores \u00e0s proje\u00e7\u00f5es dos analistas e, por volta de 11h (hor\u00e1rio de Bras\u00edlia), as a\u00e7\u00f5es da Inditex subiam 3,5%. A Inditex disse que sua margem bruta atingiu 57,9% durante o semestre at\u00e9 julho, a maior em sete anos.<\/p>\n\n\n\n<p>A empresa elevou temporariamente seu estoque para evitar problemas na cadeia de suprimentos e as vendas est\u00e3o crescendo mais rapidamente nas Am\u00e9ricas, onde os Estados Unidos se tornaram o maior mercado da empresa depois da Espanha.<br><\/p>\n","protected":false},"excerpt":{"rendered":"<p>Uma das maiores varejistas de moda do mundo tenta compensar os custos crescentes.<\/p>\n","protected":false},"author":5,"featured_media":356277,"comment_status":"closed","ping_status":"open","sticky":false,"template":"","format":"standard","meta":{"_acf_changed":false,"inline_featured_image":false,"footnotes":""},"categories":[6],"tags":[376],"autor-wsj":[],"coauthors":[1495],"class_list":["post-364398","post","type-post","status-publish","format-standard","has-post-thumbnail","hentry","category-negocios","tag-varejo"],"acf":[],"amp_enabled":true,"_links":{"self":[{"href":"https:\/\/investnews.com.br\/inv-api\/wp\/v2\/posts\/364398","targetHints":{"allow":["GET"]}}],"collection":[{"href":"https:\/\/investnews.com.br\/inv-api\/wp\/v2\/posts"}],"about":[{"href":"https:\/\/investnews.com.br\/inv-api\/wp\/v2\/types\/post"}],"author":[{"embeddable":true,"href":"https:\/\/investnews.com.br\/inv-api\/wp\/v2\/users\/5"}],"replies":[{"embeddable":true,"href":"https:\/\/investnews.com.br\/inv-api\/wp\/v2\/comments?post=364398"}],"version-history":[{"count":3,"href":"https:\/\/investnews.com.br\/inv-api\/wp\/v2\/posts\/364398\/revisions"}],"predecessor-version":[{"id":364408,"href":"https:\/\/investnews.com.br\/inv-api\/wp\/v2\/posts\/364398\/revisions\/364408"}],"wp:featuredmedia":[{"embeddable":true,"href":"https:\/\/investnews.com.br\/inv-api\/wp\/v2\/media\/356277"}],"wp:attachment":[{"href":"https:\/\/investnews.com.br\/inv-api\/wp\/v2\/media?parent=364398"}],"wp:term":[{"taxonomy":"category","embeddable":true,"href":"https:\/\/investnews.com.br\/inv-api\/wp\/v2\/categories?post=364398"},{"taxonomy":"post_tag","embeddable":true,"href":"https:\/\/investnews.com.br\/inv-api\/wp\/v2\/tags?post=364398"},{"taxonomy":"autor-wsj","embeddable":true,"href":"https:\/\/investnews.com.br\/inv-api\/wp\/v2\/autor-wsj?post=364398"},{"taxonomy":"author","embeddable":true,"href":"https:\/\/investnews.com.br\/inv-api\/wp\/v2\/coauthors?post=364398"}],"curies":[{"name":"wp","href":"https:\/\/api.w.org\/{rel}","templated":true}]}}