{"id":364414,"date":"2022-09-14T12:11:57","date_gmt":"2022-09-14T15:11:57","guid":{"rendered":"https:\/\/investnews.com.br\/?p=364414"},"modified":"2024-06-24T21:57:48","modified_gmt":"2024-06-25T00:57:48","slug":"flash-vendas-no-varejo-caem-em-julho","status":"publish","type":"post","link":"https:\/\/investnews.com.br\/financas\/flash-vendas-no-varejo-caem-em-julho\/","title":{"rendered":"Flash: vendas no varejo caem pelo terceiro m\u00eas consecutivo"},"content":{"rendered":"\n<figure class=\"wp-block-embed-youtube wp-block-embed is-type-video is-provider-youtube wp-embed-aspect-16-9 wp-has-aspect-ratio\"><div class=\"wp-block-embed__wrapper\">\n<iframe loading=\"lazy\" title=\"Vendas no varejo caem em julho; Petz contrata novo VP; COGN3: BlackRock aumenta participa\u00e7\u00e3o\" width=\"500\" height=\"281\" src=\"https:\/\/www.youtube.com\/embed\/dCFe3filQpA?feature=oembed\" frameborder=\"0\" allow=\"accelerometer; autoplay; clipboard-write; encrypted-media; gyroscope; picture-in-picture; web-share\" referrerpolicy=\"strict-origin-when-cross-origin\" allowfullscreen><\/iframe>\n<\/div><\/figure>\n\n\n\n<p>O volume de vendas do <a href=\"https:\/\/investnews.com.br\/economia\/vendas-no-varejo-recuam-08-em-julho-e-tem-terceiro-mes-seguido-de-queda\/\" class=\"rank-math-link\">com\u00e9rcio varejista no pa\u00eds recuou 0,8% em julho<\/a>, na compara\u00e7\u00e3o com junho, apresentando o terceiro m\u00eas consecutivo de taxa negativa.<\/p>\n\n\n\n<p>Com o resultado, no acumulado de 2022, o <strong>varejo registra varia\u00e7\u00e3o de 0,4%<\/strong>. J\u00e1 nos \u00faltimos 12 meses, o setor acumula queda de 1,8%.<\/p>\n\n\n\n<p>Nove das 10 atividades pesquisadas ca\u00edram em julho. Apenas a atividade de combust\u00edveis e lubrificantes mostrou crescimento.<\/p>\n\n\n\n<p>Outro destaque do dia \u00e9 a contrata\u00e7\u00e3o de <strong>Massanori Shibata<\/strong>, o ex-vice-presidente da <strong>Interm\u00e9dica<\/strong>, como o novo vice-presidente de servi\u00e7os da <strong>Petz<\/strong> (<a href=\"https:\/\/investnews.com.br\/cotacao\/petz3-petz\/\" class=\"rank-math-link\">PETZ3<\/a>), segundo informa\u00e7\u00e3o do site Brazil Journal.<\/p>\n\n\n\n<p>l\u00e9m disso, a <strong>Cogna<\/strong> (<a href=\"https:\/\/investnews.com.br\/cotacao\/cogn3-cogna\/\" class=\"rank-math-link\">COGN3<\/a>) informou que a <a href=\"https:\/\/investnews.com.br\/financas\/nao-e-hora-de-mudancas-drasticas-no-portfolio-de-investimentos-diz-blackrock\/\" class=\"rank-math-link\">gestora BlackRock<\/a> elevou sua participa\u00e7\u00e3o no total de a\u00e7\u00f5es de emiss\u00e3o da companhia para 10,02%, totalizando 188.033.687 <a href=\"https:\/\/investnews.com.br\/guias\/acoes-ordinarias-e-preferenciais-entenda\/\">a\u00e7\u00f5es ordin\u00e1rias<\/a>.<\/p>\n","protected":false},"excerpt":{"rendered":"<p>O que fez as vendas no com\u00e9rcio brasileiro recuarem? Confira no programa desta quarta-feira (14).<\/p>\n","protected":false},"author":7,"featured_media":364418,"comment_status":"closed","ping_status":"open","sticky":false,"template":"","format":"standard","meta":{"_acf_changed":false,"inline_featured_image":false,"footnotes":""},"categories":[4],"tags":[15,524,167,697,376],"autor-wsj":[],"coauthors":[1494],"class_list":["post-364414","post","type-post","status-publish","format-standard","has-post-thumbnail","hentry","category-financas","tag-flash","tag-blackrock","tag-cogna","tag-petz","tag-varejo"],"acf":[],"amp_enabled":true,"_links":{"self":[{"href":"https:\/\/investnews.com.br\/inv-api\/wp\/v2\/posts\/364414","targetHints":{"allow":["GET"]}}],"collection":[{"href":"https:\/\/investnews.com.br\/inv-api\/wp\/v2\/posts"}],"about":[{"href":"https:\/\/investnews.com.br\/inv-api\/wp\/v2\/types\/post"}],"author":[{"embeddable":true,"href":"https:\/\/investnews.com.br\/inv-api\/wp\/v2\/users\/7"}],"replies":[{"embeddable":true,"href":"https:\/\/investnews.com.br\/inv-api\/wp\/v2\/comments?post=364414"}],"version-history":[{"count":8,"href":"https:\/\/investnews.com.br\/inv-api\/wp\/v2\/posts\/364414\/revisions"}],"predecessor-version":[{"id":364445,"href":"https:\/\/investnews.com.br\/inv-api\/wp\/v2\/posts\/364414\/revisions\/364445"}],"wp:featuredmedia":[{"embeddable":true,"href":"https:\/\/investnews.com.br\/inv-api\/wp\/v2\/media\/364418"}],"wp:attachment":[{"href":"https:\/\/investnews.com.br\/inv-api\/wp\/v2\/media?parent=364414"}],"wp:term":[{"taxonomy":"category","embeddable":true,"href":"https:\/\/investnews.com.br\/inv-api\/wp\/v2\/categories?post=364414"},{"taxonomy":"post_tag","embeddable":true,"href":"https:\/\/investnews.com.br\/inv-api\/wp\/v2\/tags?post=364414"},{"taxonomy":"autor-wsj","embeddable":true,"href":"https:\/\/investnews.com.br\/inv-api\/wp\/v2\/autor-wsj?post=364414"},{"taxonomy":"author","embeddable":true,"href":"https:\/\/investnews.com.br\/inv-api\/wp\/v2\/coauthors?post=364414"}],"curies":[{"name":"wp","href":"https:\/\/api.w.org\/{rel}","templated":true}]}}